{"id":169220,"date":"2025-10-11T08:42:12","date_gmt":"2025-10-11T08:42:12","guid":{"rendered":"https:\/\/www.europesays.com\/es\/169220\/"},"modified":"2025-10-11T08:42:12","modified_gmt":"2025-10-11T08:42:12","slug":"palou-acusa-a-zak-brown-de-hacerle-firmar-un-contrato-ilegal-pago-a-mis-abogados","status":"publish","type":"post","link":"https:\/\/www.europesays.com\/es\/169220\/","title":{"rendered":"Palou acusa a Zak Brown de hacerle firmar un contrato ilegal: \u00abPag\u00f3 a mis abogados\u00bb"},"content":{"rendered":"<p data-mrf-recirculation=\"Links P\u00e1rrafos\" class=\"ue-c-article__paragraph paragraph ue-c-article--first-letter-highlighted\">El <strong>juicio entre \u00c1lex Palou y McLaren<\/strong> sube de temperatura despu\u00e9s de las <strong>graves acusaciones<\/strong> que el piloto espa\u00f1ol ha vertido sobre el CEO de McLaren Racing, <strong>Zak Brown<\/strong>. Seg\u00fan el tetracampe\u00f3n de la IndyCar, el ejecutivo americano le llev\u00f3 a <strong>firmar un contrato ilegal a sabiendas<\/strong> con los de Woking.<\/p>\n<p data-mrf-recirculation=\"Links P\u00e1rrafos\" class=\"ue-c-article__paragraph paragraph\">Se trata del <strong>compromiso que un\u00eda a Palou con McLaren para las temporadas 2024 a 2026<\/strong>, que se firm\u00f3 en 2023 una vez que los brit\u00e1nicos y <strong>Chip Ganassi Racing<\/strong> hab\u00edan acordado que el espa\u00f1ol combinase durante ese a\u00f1o sus tareas con CGR en <strong>IndyCar<\/strong> y la preparaci\u00f3n para <strong>F1<\/strong> con los brit\u00e1nicos.<\/p>\n<p><img decoding=\"async\" width=\"3000\" height=\"2000\" class=\"ue-c-article__image lazyload\" alt=\"\u00c1lex Palou en su etapa como piloto reserva de McLaren en F1\" loading=\"lazy\" src=\"https:\/\/www.europesays.com\/es\/wp-content\/uploads\/2025\/10\/68e97efd5354b.jpeg\"\/><\/p>\n<p>\u00c1lex Palou en su etapa como piloto reserva de McLaren en F1Steven Tee<\/p>\n<p data-mrf-recirculation=\"Links P\u00e1rrafos\" class=\"ue-c-article__paragraph paragraph\">Sin embargo, <strong>Palou considera que es un contrato ilegal<\/strong> ya que fue rubricado pese a que <strong>Chip Ganassi Racing ten\u00eda derecho de tanteo<\/strong> para retener al espa\u00f1ol hasta una fecha posterior a la de la firma. Algo que sab\u00edan tanto Brown como los abogados del piloto catal\u00e1n. \u201cSupe que <strong>mis abogados conoc\u00edan la cla\u00fasula, pero el se\u00f1or Brown les estaba pagando<\/strong>. \u00c9l sab\u00eda que yo no pod\u00eda firmar ese contrato\u201d, dijo ante el jurado, seg\u00fan recoge\u00a0<strong>Motorsport Magazine<\/strong>.<\/p>\n<p data-mrf-recirculation=\"Links P\u00e1rrafos\" class=\"ue-c-article__paragraph paragraph\">Una <strong>situaci\u00f3n ins\u00f3lita<\/strong> que hizo que el espa\u00f1ol se replantease su futuro con McLaren: \u201cA partir de  entonces ten\u00eda que elegir en <strong>confiar en quien me dio la oportunidad de ser campe\u00f3n<\/strong> y puso a todo el equipo a mi alrededor [por Ganassi] o hacerlo con <strong>alguien que me enga\u00f1\u00f3<\/strong> y no me dio las oportunidades prometidas [por Brown]\u201d.<\/p>\n<p>Loco por la F\u00f3rmula 1<\/p>\n<p data-mrf-recirculation=\"Links P\u00e1rrafos\" class=\"ue-c-article__paragraph paragraph\">El espa\u00f1ol tambi\u00e9n dej\u00f3 claro, como ya hab\u00eda aclarado el d\u00eda anterior, que <strong>su fichaje por McLaren ten\u00eda como gran objetivo dar el salto a la F\u00f3rmula 1<\/strong>. Tanto que, aunque en su momento argumentara p\u00fablicamente lo contrario, <strong>estaba dispuesto a abandonar su programa de IndyCar incluso para ser \u00fanicamente piloto reserva<\/strong> (el rol que ten\u00eda en McLaren en 2022) en F\u00f3rmula 1: \u201cLo habr\u00eda hecho porque era mi sue\u00f1o\u201d, dijo.<\/p>\n<p><img decoding=\"async\" width=\"3000\" height=\"2000\" class=\"ue-c-article__image lazyload\" alt=\"Alex Palou pilotando el McLaren MCL36 en los Libres del GP de las Am\u00e9ricas\" loading=\"lazy\" src=\"https:\/\/www.europesays.com\/es\/wp-content\/uploads\/2025\/10\/68e97ca17b3ad.jpeg\"\/><\/p>\n<p>Alex Palou pilotando el McLaren MCL36 en los Libres del GP de las Am\u00e9ricasCarl Bingham<\/p>\n<p data-mrf-recirculation=\"Links P\u00e1rrafos\" class=\"ue-c-article__paragraph paragraph\">Aunque <strong>tras el fichaje de Piastri ese sue\u00f1o comenz\u00f3 a esfumarse<\/strong>\u2026 y lo vivido durante la temporada 2023 (en la que el espa\u00f1ol hizo varios test y disput\u00f3 los libres del GP de las Am\u00e9ricas) tampoco ayud\u00f3. De hecho, <strong>Palou declar\u00f3 no haber tenido las oportunidades prometidas<\/strong> para prepararse para el asalto a la F1: \u201cPens\u00e9 que ten\u00eda el derecho a romper <strong>un contrato basado en mentiras<\/strong> y falsas impresiones\u201d<\/p>\n<p>Una indemnizaci\u00f3n inasumible<\/p>\n<p data-mrf-recirculation=\"Links P\u00e1rrafos\" class=\"ue-c-article__paragraph paragraph\">El tetracampe\u00f3n de la IndyCar tambi\u00e9n <strong>se defendi\u00f3 poniendo fuera de contexto el importe que McLaren le reclama<\/strong>\u00a0-por da\u00f1os y perjuicios- de 20,7 millones de d\u00f3lares (<strong>18 millones de euros<\/strong>) \u201cNo hay forma de que yo, como piloto, pueda hacer frente a eso\u201d, asegur\u00f3. Y explic\u00f3 al jurado que aunque McLaren se sienta da\u00f1ado en sus intereses, <strong>\u00e9l tambi\u00e9n sali\u00f3 perjudicado<\/strong> de todo el baile de contratos.<\/p>\n<p data-mrf-recirculation=\"Links P\u00e1rrafos\" class=\"ue-c-article__paragraph paragraph\">Porque, aunque en las vistas ha quedado definido que <strong>Chip Ganassi Racing acept\u00f3 cubrir las costas y las posibles indemnizaciones<\/strong>, Palou declar\u00f3 que lo hace <strong>a costa de su salario<\/strong>: \u201cNo estoy entre los tres mejor pagados del campeonato y s\u00e9 que no lo voy a estar en los pr\u00f3ximos a\u00f1os por esas posibles indemnizaciones. <strong>Estoy pagando por ello<\/strong> y voy a tener que seguir haci\u00e9ndolo\u201d, concluy\u00f3.<\/p>\n","protected":false},"excerpt":{"rendered":"El juicio entre \u00c1lex Palou y McLaren sube de temperatura despu\u00e9s de las graves acusaciones que el piloto&hellip;\n","protected":false},"author":2,"featured_media":169221,"comment_status":"","ping_status":"","sticky":false,"template":"","format":"standard","meta":{"footnotes":""},"categories":[270],"tags":[168,25,24,306,271,272,23,167],"class_list":{"0":"post-169220","1":"post","2":"type-post","3":"status-publish","4":"format-standard","5":"has-post-thumbnail","7":"category-formula-1","8":"tag-deportes","9":"tag-es","10":"tag-espana","11":"tag-f1","12":"tag-formula-1","13":"tag-formula1","14":"tag-spain","15":"tag-sports"},"share_on_mastodon":{"url":"","error":""},"_links":{"self":[{"href":"https:\/\/www.europesays.com\/es\/wp-json\/wp\/v2\/posts\/169220","targetHints":{"allow":["GET"]}}],"collection":[{"href":"https:\/\/www.europesays.com\/es\/wp-json\/wp\/v2\/posts"}],"about":[{"href":"https:\/\/www.europesays.com\/es\/wp-json\/wp\/v2\/types\/post"}],"author":[{"embeddable":true,"href":"https:\/\/www.europesays.com\/es\/wp-json\/wp\/v2\/users\/2"}],"replies":[{"embeddable":true,"href":"https:\/\/www.europesays.com\/es\/wp-json\/wp\/v2\/comments?post=169220"}],"version-history":[{"count":0,"href":"https:\/\/www.europesays.com\/es\/wp-json\/wp\/v2\/posts\/169220\/revisions"}],"wp:featuredmedia":[{"embeddable":true,"href":"https:\/\/www.europesays.com\/es\/wp-json\/wp\/v2\/media\/169221"}],"wp:attachment":[{"href":"https:\/\/www.europesays.com\/es\/wp-json\/wp\/v2\/media?parent=169220"}],"wp:term":[{"taxonomy":"category","embeddable":true,"href":"https:\/\/www.europesays.com\/es\/wp-json\/wp\/v2\/categories?post=169220"},{"taxonomy":"post_tag","embeddable":true,"href":"https:\/\/www.europesays.com\/es\/wp-json\/wp\/v2\/tags?post=169220"}],"curies":[{"name":"wp","href":"https:\/\/api.w.org\/{rel}","templated":true}]}}