{"id":169222,"date":"2025-10-11T08:43:10","date_gmt":"2025-10-11T08:43:10","guid":{"rendered":"https:\/\/www.europesays.com\/es\/169222\/"},"modified":"2025-10-11T08:43:10","modified_gmt":"2025-10-11T08:43:10","slug":"penarroya-asegura-que-hay-gran-desventaja-respecto-a-real-madrid-o-valencia-basket","status":"publish","type":"post","link":"https:\/\/www.europesays.com\/es\/169222\/","title":{"rendered":"Pe\u00f1arroya asegura que hay gran desventaja respecto a Real Madrid o Valencia Basket"},"content":{"rendered":"<p class=\"ft-text\">El entrenador del Bar\u00e7a, Joan Pe\u00f1arroya, ha asegurado este viernes,<strong> tras <\/strong><a class=\"ft-link ft-link--decoration\" href=\"https:\/\/www.superdeporte.es\/valencia-basket\/2025\/10\/10\/cabeza-alta-pese-primera-derrota-valencia-basket-en-el-palau-122502410.html\" target=\"_blank\" rel=\"nofollow noopener\"><strong>derrotar al Valencia Basket (108-102)<\/strong><\/a> en la tercera jornada de la Euroliga, que su equipo est\u00e1 en \u00abuna situaci\u00f3n de desventaja muy grande en la ACB\u00bb respecto a sus rivales, porque es el equipo que juega m\u00e1s partidos en menos de 48 horas.<\/p>\n<p class=\"ft-text\">\u00abEn 17 ocasiones jugamos en menos de 48 horas (entre jornada de Euroliga y de Liga Endesa). Baskonia tiene 17 jornadas, <a class=\"ft-link ft-link--decoration\" href=\"https:\/\/www.superdeporte.es\/tags\/valencia-basket\/\" target=\"_blank\" rel=\"nofollow noopener\"><strong>Valencia<\/strong><\/a><strong> tiene 11 y el Madrid tiene 9<\/strong>. Adem\u00e1s, tenemos otro a\u00f1adido, tenemos seis partidos el domingo por la ma\u00f1ana, con menos de 34 horas (de descanso), Valencia ninguna, el Madrid una, que es contra nosotros, y Baskonia dos\u00bb, ha reivindicado.<\/p>\n<p class=\"ft-text\">Pe\u00f1arroya ha remarcado que con estos horarios<strong> \u00abno se cuida a los jugadores\u00bb<\/strong>, especialmente en un contexto en el que \u00abla energ\u00eda es muy importante en el baloncesto actual\u00bb y tener plantillas largas para gestionar dos competiciones es \u00abmuy importante\u00bb.<\/p>\n<p><img decoding=\"async\" src=\"https:\/\/www.europesays.com\/es\/wp-content\/uploads\/2025\/10\/c2e0ed09-31c3-46ff-a049-ce53e559374a_alta-libre-aspect-ratio_default_0_x1109y780.jpg\" width=\"1200\" height=\"802\" alt=\"Pedro Mart\u00ed\u00adnez, durante el partido entre el Barcelona y el Valencia Basket en el Palau Blaugrana.\" class=\"ft-helper-img-rd\" loading=\"lazy\" hasdataaida=\"true\"\/><\/p>\n<p class=\"ft-helper-fontColor-quaternary ft-helper-fontSize-body-S ft-helper-spacer-t-xxs\">Pedro Mart\u00ed\u00adnez, durante el partido entre el Barcelona y el Valencia Basket en el Palau Blaugrana.  \/ EFE<\/p>\n<p>\u00bfSin margen para entrenar?<\/p>\n<p class=\"ft-text\">\u00abLos jugadores tienen que recuperar los esfuerzos. <strong>En 34 horas volvemos a estar aqu\u00ed <\/strong>(para jugar contra el Hiopos Lleida en la Liga Endesa) y hay poco margen para recuperar y ninguno para entrenar\u00bb, ha a\u00f1adido <a class=\"ft-link ft-link--decoration\" href=\"https:\/\/www.superdeporte.es\/tags\/joan-penarroya\/\" target=\"_blank\" rel=\"nofollow noopener\">Pe\u00f1arroya<\/a>.<\/p>\n","protected":false},"excerpt":{"rendered":"El entrenador del Bar\u00e7a, Joan Pe\u00f1arroya, ha asegurado este viernes, tras derrotar al Valencia Basket (108-102) en la&hellip;\n","protected":false},"author":2,"featured_media":169223,"comment_status":"","ping_status":"","sticky":false,"template":"","format":"standard","meta":{"footnotes":""},"categories":[269],"tags":[299,210,1918,298,4714,168,49347,25,24,833,8869,3048,859,23,167,235,2916],"class_list":{"0":"post-169222","1":"post","2":"type-post","3":"status-publish","4":"format-standard","5":"has-post-thumbnail","7":"category-baloncesto","8":"tag-baloncesto","9":"tag-barcelona","10":"tag-basket","11":"tag-basketball","12":"tag-baskonia","13":"tag-deportes","14":"tag-desventaja","15":"tag-es","16":"tag-espana","17":"tag-euroliga","18":"tag-joan-penarroya","19":"tag-real-madrid","20":"tag-situacion","21":"tag-spain","22":"tag-sports","23":"tag-valencia","24":"tag-valencia-basket"},"share_on_mastodon":{"url":"","error":""},"_links":{"self":[{"href":"https:\/\/www.europesays.com\/es\/wp-json\/wp\/v2\/posts\/169222","targetHints":{"allow":["GET"]}}],"collection":[{"href":"https:\/\/www.europesays.com\/es\/wp-json\/wp\/v2\/posts"}],"about":[{"href":"https:\/\/www.europesays.com\/es\/wp-json\/wp\/v2\/types\/post"}],"author":[{"embeddable":true,"href":"https:\/\/www.europesays.com\/es\/wp-json\/wp\/v2\/users\/2"}],"replies":[{"embeddable":true,"href":"https:\/\/www.europesays.com\/es\/wp-json\/wp\/v2\/comments?post=169222"}],"version-history":[{"count":0,"href":"https:\/\/www.europesays.com\/es\/wp-json\/wp\/v2\/posts\/169222\/revisions"}],"wp:featuredmedia":[{"embeddable":true,"href":"https:\/\/www.europesays.com\/es\/wp-json\/wp\/v2\/media\/169223"}],"wp:attachment":[{"href":"https:\/\/www.europesays.com\/es\/wp-json\/wp\/v2\/media?parent=169222"}],"wp:term":[{"taxonomy":"category","embeddable":true,"href":"https:\/\/www.europesays.com\/es\/wp-json\/wp\/v2\/categories?post=169222"},{"taxonomy":"post_tag","embeddable":true,"href":"https:\/\/www.europesays.com\/es\/wp-json\/wp\/v2\/tags?post=169222"}],"curies":[{"name":"wp","href":"https:\/\/api.w.org\/{rel}","templated":true}]}}