{"id":169242,"date":"2025-10-11T09:02:10","date_gmt":"2025-10-11T09:02:10","guid":{"rendered":"https:\/\/www.europesays.com\/es\/169242\/"},"modified":"2025-10-11T09:02:10","modified_gmt":"2025-10-11T09:02:10","slug":"joaquin-niemann-el-equilibrio-como-base-para-brillar","status":"publish","type":"post","link":"https:\/\/www.europesays.com\/es\/169242\/","title":{"rendered":"Joaqu\u00edn Niemann, el equilibrio como base para brillar"},"content":{"rendered":"<p data-gtm-element-container=\"modulo-texto-link\" class=\"paragraph\">\u201cLlego al fin de semana como el m\u00e1s estresado de los que van a estar jugando. Al final <strong>pude hacer buenos birdies, as\u00ed que con eso me voy contento<\/strong>\u201d, sonr\u00ede<strong> Joaqu\u00edn Niemann<\/strong> tras acabar su segunda vuelta en el Open de Espa\u00f1a. \u201cTengo que hacer un balance positivo porque ello me ha dejado una buena sensaci\u00f3n\u201d, afirma.<\/p>\n<p data-gtm-element-container=\"modulo-texto-link\" class=\"paragraph\">Cuando el juego est\u00e1 rodado, los automatismos pueden salir al rescate para salvar situaciones comprometidas como la que el chileno afrontaba este viernes en Madrid. Con sufrimiento en la segunda vuelta,<strong> amarr\u00f3 el par del campo en el global tras dos vueltas para calcar el resultado que daba acceso al fin de semana.<\/strong> Niemann est\u00e1 en el momento m\u00e1s dulce de su carrera deportiva y ello es un plus a la hora de la verdad.<\/p>\n<p>        Lee tambi\u00e9n<\/p>\n<p>    Marta P\u00e9rez<\/p>\n<p>             <img loading=\"lazy\" decoding=\"async\" data-full-src=\"https:\/\/www.mundodeportivo.com\/uploads\/2025\/10\/10\/68e9493bc4432.jpeg\" alt=\"Vertical\" src=\"https:\/\/www.europesays.com\/es\/wp-content\/uploads\/2025\/10\/68e9493bc4432.r_d.2314-1619.jpeg\" class=\"lazy\" width=\"104\" height=\"108\"\/><\/p>\n<p>        Lee tambi\u00e9n<\/p>\n<p>    Marta P\u00e9rez<\/p>\n<p>             <img loading=\"lazy\" decoding=\"async\" data-full-src=\"https:\/\/www.mundodeportivo.com\/uploads\/2025\/10\/10\/68e8336414537.jpeg\" alt=\"Horizontal\" src=\"https:\/\/www.europesays.com\/es\/wp-content\/uploads\/2025\/10\/68e8336414537.r_d.2696-1796.jpeg\" class=\"lazy\" width=\"104\" height=\"108\"\/><\/p>\n<p>        Lee tambi\u00e9n<\/p>\n<p>    Marta P\u00e9rez<\/p>\n<p>             <img loading=\"lazy\" decoding=\"async\" data-full-src=\"https:\/\/www.mundodeportivo.com\/uploads\/2025\/10\/10\/68e93f098b874.jpeg\" alt=\"Vertical\" src=\"https:\/\/www.europesays.com\/es\/wp-content\/uploads\/2025\/10\/68e93f098b874.r_d.1824-1147.jpeg\" class=\"lazy\" width=\"104\" height=\"108\"\/><\/p>\n<p data-gtm-element-container=\"modulo-texto-link\" class=\"paragraph\">A sus veintis\u00e9is a\u00f1os, <strong>Joaqu\u00edn Niemann acaba de firmar una temporada para enmarcar en el circuito LIV.<\/strong> Si bien es cierto que no se ha llevado la victoria en la general, la cual le ha arrebatado por su regularidad Jon Rahm, <strong>cinco torneos en el zurr\u00f3n <\/strong>son una carta de presentaci\u00f3n m\u00e1s que potente. Adelaida, Singapur, Ciudad de M\u00e9xico, Virginia y el Reino Unido han visto al chileno asentarse como una de las grandes estrellas del nuevo circuito. No solo eso: su gran rendimiento ha ido m\u00e1s all\u00e1, con<strong> un octavo puesto en el PGA Championship<\/strong> que ha supuesto su primer top10 en un \u2018major\u2019.<\/p>\n<blockquote>\n<p>        \u201cEsta temporada ha cambiado un poco todo. Ha sido cuesti\u00f3n de trabajo en equipo, de saber manejar mis tiempos.\u00a0Ahora me da tiempo a prepararme bien para la temporada y s\u00e9 que dura entre seis y ocho meses\u201d<\/p>\n<\/blockquote>\n<p data-gtm-element-container=\"modulo-texto-link\" class=\"paragraph\">Nada ha sido casualidad. Con dos victorias en el PGA Tour, Niemann fich\u00f3 por el LIV en agosto de 2022 y los resultados avalan su decisi\u00f3n. Aunque, sin duda, ha sido en este 2025 cuando ha dado el gran salto. <strong>\u201cEsta temporada ha cambiado un poco todo. Ha sido cuesti\u00f3n de trabajo en equipo, de saber manejar mis tiempos. <\/strong>Estar en la Liga me ha llevado a poder conocerme mejor y a saber c\u00f3mo poder mejorar golf\u00edsticamente\u201d, analiza.<\/p>\n<p>                <img loading=\"lazy\" decoding=\"async\" data-full-src=\"https:\/\/www.mundodeportivo.com\/uploads\/2025\/10\/11\/68e98fbecdd8d.jpeg\" alt=\"Horizontal\" width=\"449\" height=\"300\" src=\"https:\/\/www.europesays.com\/es\/wp-content\/uploads\/2025\/10\/68e98fbecdd8d.jpeg\" class=\"lazy\"\/><\/p>\n<p class=\"caption-title \">Joaqu\u00edn Niemann asegura que la clave en su juego ha sido poder disponer de m\u00e1s tiempo para trabajar los aspectos t\u00e9cnicos y para desconectar<\/p>\n<p>                    SERGIO P\u00c9REZ \/ EFE<\/p>\n<p data-gtm-element-container=\"modulo-texto-link\" class=\"paragraph\">Porque para \u00e9l hay ventajas en la planificaci\u00f3n de la temporada del LIV. <strong>\u201cAhora me da tiempo a prepararme bien para ella. S\u00e9 que dura entre seis y ocho meses\u201d<\/strong>, cuenta, remarcando la importancia de que no se prolongue m\u00e1s. \u201cAntes jug\u00e1bamos de corrido y no me daba tiempo para hacer un reset y una pretemporada. Creo que eso ha sido clave para poder evolucionar como deportista\u201d, reflexiona.<\/p>\n<p>Frescura f\u00edsica, pero tambi\u00e9n mental<\/p>\n<p data-gtm-element-container=\"modulo-texto-link\" class=\"paragraph\">Para poder evolucionar como deportista tambi\u00e9n es importante cuidar otras facetas que permiten equilibrar el juego. <strong>\u201cPrefiero este calendario al cien por cien porque me permite centrarme en aspectos t\u00e9cnicos, f\u00edsicos\u2026 Me da tiempo a compartir momentos con mi familia y con mi equipo<\/strong> sin tener que estar pensando en competir\u201d, recalca Niemann la necesidad de desconectar del golf. \u201cLa preparaci\u00f3n es muy distinta al modo competencia. Poder tener m\u00e1s tiempo para centrarme en ella me permite llegar m\u00e1s listo a la hora de jugar\u201d, explica.<\/p>\n<blockquote>\n<p>        \u201cA nivel mental he logrado tener un balance. Antes era un veinticuatro-siete centrado en el golf. Este es un deporte dif\u00edcil, con altos y bajos. Ahora he podido encontrar el prop\u00f3sito mayor de por qu\u00e9 juego\u201d<\/p>\n<\/blockquote>\n<p data-gtm-element-container=\"modulo-texto-link\" class=\"paragraph\">En, definitiva, es importante oxigenar el cuerpo, pero tambi\u00e9n la mente. <strong>\u201cA nivel mental he logrado tener un balance. Antes era un veinticuatro-siete centrado en el golf\u201d<\/strong>, confiesa. Poder oxigenarse es clave para \u00e9l. \u201cEste es un deporte dif\u00edcil, con altos y bajos. Ahora he podido encontrar el prop\u00f3sito mayor de por qu\u00e9 juego a golf. Siempre es algo que voy buscando. Es como el estar aqu\u00ed: <strong>ver a ochenta ni\u00f1os me permite recordar la raz\u00f3n por la que empec\u00e9<\/strong>\u201d, sonr\u00ede Niemann.<\/p>\n<p data-gtm-element-container=\"modulo-texto-link\" class=\"paragraph\">En realidad, lleva rato sonriendo. Se le ve encantado en el Club de Campo de Madrid. \u201cEl ambiente es incre\u00edble. Hay much\u00edsimos ni\u00f1os. <strong>Me encanta ver a los chicos de esa edad venir y sentarse a ver golf.<\/strong> Me recuerda a cuando uno estaba en esa situaci\u00f3n\u201d, dice con nostalgia. \u201cEso s\u00ed, la cancha es entretenida, pero tiene lo suyo. Siendo bastante corta y peque\u00f1a, tiene sus complicaciones\u201d, sonr\u00ede.<\/p>\n<p data-gtm-element-container=\"modulo-texto-link\" class=\"paragraph\">\u00c9l mismo lleva una temporada plet\u00f3rica superando barreras. Sus grandes prestaciones y ese top10 en el PGA Championship ya le hacen querer ir m\u00e1s all\u00e1. \u201c<strong>En un \u2018major\u2019 lo \u00fanico que cambia es el escenario. <\/strong>Pude lograr juntar todas las \u00e1reas que necesito al mismo tiempo y sali\u00f3 para conseguir ese top10\u201d, recuerda uno de los grandes momentos de este 2025.<\/p>\n<p>Un gran sue\u00f1o para seguir inspirando a las nuevas generaciones<\/p>\n<p data-gtm-element-container=\"modulo-texto-link\" class=\"paragraph\">Espera que en el futuro vengan otros m\u00e1s destacados todav\u00eda. \u201cVoy probando distintas cosas para dar el \u00faltimo paso. Creo que falta paciencia\u201d, reflexiona Niemann. \u201cSoy todav\u00eda muy joven y el golf me est\u00e1 permitiendo mostrar distintas partes de \u00e9l en m\u00ed. <strong>Tengo que seguir siendo curioso, ir aprendiendo de distintos desaf\u00edos. <\/strong>Eso me ayudar\u00e1 a llegar de la mejor forma posible a esos grandes escenarios\u201d, afirma.<\/p>\n<p>                <img loading=\"lazy\" decoding=\"async\" data-full-src=\"https:\/\/www.mundodeportivo.com\/uploads\/2025\/10\/11\/68e98fa6de464.jpeg\" alt=\"Horizontal\" width=\"449\" height=\"299\" src=\"https:\/\/www.europesays.com\/es\/wp-content\/uploads\/2025\/10\/68e98fa6de464.jpeg\" class=\"lazy\"\/><\/p>\n<p class=\"caption-title \">Los resultados de Joaqu\u00edn Niemann avalan su f\u00f3rmula tras un 2025 para enmarcar<\/p>\n<p>                    Stuart Franklin \/ Getty<\/p>\n<p data-gtm-element-container=\"modulo-texto-link\" class=\"paragraph\">Por ello, no se cierra las puertas a nada. \u201c<strong>El objetivo para 2026 es mejorar d\u00eda a d\u00eda y ganar por equipos y de forma individual la Liga.<\/strong> Sumar un \u2018major\u2019 ser\u00eda incre\u00edble tambi\u00e9n\u201d, avisa. Piensa en grande, pero sigue mirando con cari\u00f1o a los ni\u00f1os que piden aut\u00f3grafos en Madrid. \u201cQuiero aprovechar el impulso del golf en el mundo y entre los peque\u00f1os. La Liga ha hecho un gran trabajo para difundirlo y me gustar\u00eda aprovechar para llevar alg\u00fan torneo importante a mi pa\u00eds. <strong>As\u00ed como est\u00e1 el Abierto de Espa\u00f1a, me encantar\u00eda tener un Abierto de Chile<\/strong>\u201d, se pone como otro gran objetivo a medio plazo.<\/p>\n<blockquote>\n<p>        \u201cEl objetivo para 2026 es mejorar d\u00eda a d\u00eda y ganar por equipos y de forma individual la Liga. Sumar un \u2018major\u2019 ser\u00eda incre\u00edble tambi\u00e9n. En el futuro, me encantar\u00eda tener un Abierto de Chile\u201d<\/p>\n<\/blockquote>\n<p data-gtm-element-container=\"modulo-texto-link\" class=\"paragraph\">Su trabajo le ha demostrado que puede ser capaz de todo. Sus triunfos le han permitido inspirar a los m\u00e1s j\u00f3venes en su pa\u00eds y quiere seguir siendo un referente en esa labor. Su juego le est\u00e1 permitiendo firmar el mejor a\u00f1o de su vida. Pero Joaqu\u00edn Niemann quiere m\u00e1s: <strong>el rey de victorias en el LIV esta temporada ha encontrado un equilibrio mental y de torneos que se ha convertido en su base para brillar.<\/strong><\/p>\n","protected":false},"excerpt":{"rendered":"\u201cLlego al fin de semana como el m\u00e1s estresado de los que van a estar jugando. Al final&hellip;\n","protected":false},"author":2,"featured_media":169243,"comment_status":"","ping_status":"","sticky":false,"template":"","format":"standard","meta":{"footnotes":""},"categories":[275],"tags":[168,25,24,329,23,167],"class_list":{"0":"post-169242","1":"post","2":"type-post","3":"status-publish","4":"format-standard","5":"has-post-thumbnail","7":"category-golf","8":"tag-deportes","9":"tag-es","10":"tag-espana","11":"tag-golf","12":"tag-spain","13":"tag-sports"},"share_on_mastodon":{"url":"","error":""},"_links":{"self":[{"href":"https:\/\/www.europesays.com\/es\/wp-json\/wp\/v2\/posts\/169242","targetHints":{"allow":["GET"]}}],"collection":[{"href":"https:\/\/www.europesays.com\/es\/wp-json\/wp\/v2\/posts"}],"about":[{"href":"https:\/\/www.europesays.com\/es\/wp-json\/wp\/v2\/types\/post"}],"author":[{"embeddable":true,"href":"https:\/\/www.europesays.com\/es\/wp-json\/wp\/v2\/users\/2"}],"replies":[{"embeddable":true,"href":"https:\/\/www.europesays.com\/es\/wp-json\/wp\/v2\/comments?post=169242"}],"version-history":[{"count":0,"href":"https:\/\/www.europesays.com\/es\/wp-json\/wp\/v2\/posts\/169242\/revisions"}],"wp:featuredmedia":[{"embeddable":true,"href":"https:\/\/www.europesays.com\/es\/wp-json\/wp\/v2\/media\/169243"}],"wp:attachment":[{"href":"https:\/\/www.europesays.com\/es\/wp-json\/wp\/v2\/media?parent=169242"}],"wp:term":[{"taxonomy":"category","embeddable":true,"href":"https:\/\/www.europesays.com\/es\/wp-json\/wp\/v2\/categories?post=169242"},{"taxonomy":"post_tag","embeddable":true,"href":"https:\/\/www.europesays.com\/es\/wp-json\/wp\/v2\/tags?post=169242"}],"curies":[{"name":"wp","href":"https:\/\/api.w.org\/{rel}","templated":true}]}}