{"id":169244,"date":"2025-10-11T09:03:09","date_gmt":"2025-10-11T09:03:09","guid":{"rendered":"https:\/\/www.europesays.com\/es\/169244\/"},"modified":"2025-10-11T09:03:09","modified_gmt":"2025-10-11T09:03:09","slug":"alcaraz-ya-engrasa-la-maquina-en-casa-antes-de-volver-al-ruedo","status":"publish","type":"post","link":"https:\/\/www.europesays.com\/es\/169244\/","title":{"rendered":"Alcaraz ya engrasa la m\u00e1quina en casa antes de volver al ruedo"},"content":{"rendered":"<p>Los d\u00edas de descanso y desconexi\u00f3n se van acabando para Carlitos Alcaraz. El tenista murciano ya ha guardado los palos de golf, con los que  &#8230; disfrut\u00f3 junto al campe\u00f3n de Vizcaya Jon Rahm en el pro-am del Open de Espa\u00f1a 2025 el pasado mi\u00e9rcoles, para volver a vestirse de corto y empu\u00f1ar su arma, una raqueta que lleva ya casi dos semanas guardada en el raquetero.<\/p>\n<p class=\"v-p\">Tras conquistar el ATP 500 de Tokio renqueante del tobillo tras una torsi\u00f3n en el debut ante B\u00e1ez, el jugador de El Palmar puso el freno y decidi\u00f3 parar para tomarse un respiro, recargar pilas y cuidar ese tobillo maltrecho. El pupilo de Juan Carlos Ferrero se baj\u00f3 del Masters de Shangh\u00e1i y decidi\u00f3 regresar a casa. Y, tras unos d\u00edas de asueto, el n\u00famero uno del mundo volvi\u00f3 ayer al trabajo.<\/p>\n<p class=\"v-p\">Alcaraz entren\u00f3 ayer en la pista bajo techo instalada en su academia de El Palmar, en el Club de Campo, donde completar\u00e1 varias sesiones en los pr\u00f3ximos d\u00edas para preparar los torneos &#8216;indoor&#8217; que se avecinan, como el Masters de Par\u00eds y la ATP Finals de Tur\u00edn de final de a\u00f1o. Despu\u00e9s de levantar al cielo y mostrarle al mundo hasta ocho t\u00edtulos esta temporada, el mejor jugador del planeta quiere superarse a s\u00ed mismo y seguir coleccionando triunfos y trofeos en su vitrina, esta vez en unas citas bajo techo que en los \u00faltimos a\u00f1os no le han ido especialmente bien.<\/p>\n<p>Primera cita<\/p>\n<p class=\"v-p\">Pero el primer reto que aparece en el horizonte para el pupilo de Juan Carlos Ferrero es una exhibici\u00f3n. Otra competici\u00f3n amistosa m\u00e1s a la que se suma el murciano, gran reclamo de los nuevos torneos que se crean en un calendario demasiado apretado. El pr\u00f3ximo martes, Alcaraz pondr\u00e1 rumbo a Arabia Saud\u00ed para disputar la Six Kings Slam, donde se dar\u00e1n cita las mejores raquetas del planeta, como Jannik Sinner, Novak Djokovic, Taylor Fritz, Alexander Zverev y Stefanos Tsitsipas.<\/p>\n<p class=\"v-p\">El torneo, que se disputa en The Venue Riyadh, pabell\u00f3n de la capital saud\u00ed, arranca el mi\u00e9rcoles 15 y concluye el s\u00e1bado 18 de octubre. Carlitos pasar\u00e1 directamente a semifinales, donde se medir\u00e1 al ganador del Taylor Fritz-Alexander Zverev el jueves 16. La siguiente cita ser\u00e1 el Masters de Par\u00eds, que arranca el 27 de octubre, una competici\u00f3n que a\u00fan no figura en el amplio palmar\u00e9s del murciano, que busca su conquista.<\/p>\n","protected":false},"excerpt":{"rendered":"Los d\u00edas de descanso y desconexi\u00f3n se van acabando para Carlitos Alcaraz. El tenista murciano ya ha guardado&hellip;\n","protected":false},"author":2,"featured_media":169245,"comment_status":"","ping_status":"","sticky":false,"template":"","format":"standard","meta":{"footnotes":""},"categories":[274],"tags":[4736,385,168,49351,25,24,11132,20067,23,167,327,326,865],"class_list":{"0":"post-169244","1":"post","2":"type-post","3":"status-publish","4":"format-standard","5":"has-post-thumbnail","7":"category-tenis","8":"tag-alcaraz","9":"tag-casa","10":"tag-deportes","11":"tag-engrasa","12":"tag-es","13":"tag-espana","14":"tag-maquina","15":"tag-ruedo","16":"tag-spain","17":"tag-sports","18":"tag-tenis","19":"tag-tennis","20":"tag-volver"},"share_on_mastodon":{"url":"","error":""},"_links":{"self":[{"href":"https:\/\/www.europesays.com\/es\/wp-json\/wp\/v2\/posts\/169244","targetHints":{"allow":["GET"]}}],"collection":[{"href":"https:\/\/www.europesays.com\/es\/wp-json\/wp\/v2\/posts"}],"about":[{"href":"https:\/\/www.europesays.com\/es\/wp-json\/wp\/v2\/types\/post"}],"author":[{"embeddable":true,"href":"https:\/\/www.europesays.com\/es\/wp-json\/wp\/v2\/users\/2"}],"replies":[{"embeddable":true,"href":"https:\/\/www.europesays.com\/es\/wp-json\/wp\/v2\/comments?post=169244"}],"version-history":[{"count":0,"href":"https:\/\/www.europesays.com\/es\/wp-json\/wp\/v2\/posts\/169244\/revisions"}],"wp:featuredmedia":[{"embeddable":true,"href":"https:\/\/www.europesays.com\/es\/wp-json\/wp\/v2\/media\/169245"}],"wp:attachment":[{"href":"https:\/\/www.europesays.com\/es\/wp-json\/wp\/v2\/media?parent=169244"}],"wp:term":[{"taxonomy":"category","embeddable":true,"href":"https:\/\/www.europesays.com\/es\/wp-json\/wp\/v2\/categories?post=169244"},{"taxonomy":"post_tag","embeddable":true,"href":"https:\/\/www.europesays.com\/es\/wp-json\/wp\/v2\/tags?post=169244"}],"curies":[{"name":"wp","href":"https:\/\/api.w.org\/{rel}","templated":true}]}}