{"id":169275,"date":"2025-10-11T09:22:08","date_gmt":"2025-10-11T09:22:08","guid":{"rendered":"https:\/\/www.europesays.com\/es\/169275\/"},"modified":"2025-10-11T09:22:08","modified_gmt":"2025-10-11T09:22:08","slug":"ven-a-descubrir-el-balonmano-femenino","status":"publish","type":"post","link":"https:\/\/www.europesays.com\/es\/169275\/","title":{"rendered":"\u00a1Ven a descubrir el balonmano femenino!"},"content":{"rendered":"<p style=\"text-align: justify;\"><strong>\u00bfTienes una ni\u00f1a entre 6 y 9 a\u00f1os?<\/strong><\/p>\n<p style=\"text-align: justify;\"><strong>\u00a1Hasta el 31 de octubre tenemos jornadas de puertas abiertas y puede venir a probar gratis!<\/strong><\/p>\n<p style=\"text-align: justify;\">Durante las sesiones hacemos:<\/p>\n<p style=\"text-align: justify;\">Juegos y psicomotricidad,<\/p>\n<p style=\"text-align: justify;\">Iniciaci\u00f3n al balonmano,<\/p>\n<p style=\"text-align: justify;\">\u00a1Y sobre todo, mucha diversi\u00f3n y trabajo en equipo!<\/p>\n<p style=\"text-align: justify;\">Entrenamos de lunes a mi\u00e9rcoles en el gimnasio del CEIP Alcalde Diego Trujillo Rodr\u00edguez<\/p>\n<p style=\"text-align: justify;\">De 16:00 a 17:30<\/p>\n<p style=\"text-align: justify;\">Y los jueves hacemos pr\u00e1cticas en la cancha del CEIP Los Quintanas<\/p>\n<p style=\"text-align: justify;\">Los fines de semana tenemos partidos en competici\u00f3n oficial usualmente los s\u00e1bados por la ma\u00f1ana.<\/p>\n<p style=\"text-align: justify;\">El balonmano es un deporte completo, din\u00e1mico y lleno de valores, \u00a1perfecto para crecer jugando! \ud83e\ude77<\/p>\n<p style=\"text-align: justify;\">No lo pienses m\u00e1s, trae a tu hija a probar sin compromiso.<\/p>\n<p style=\"text-align: justify;\">Jornadas abiertas hasta el 31 de octubre<\/p>\n<p style=\"text-align: justify;\"><strong>M\u00e1s info:<\/strong><\/p>\n<p style=\"text-align: justify;\"><strong>Guaci 699 132 559<\/strong><br \/><strong>Rub\u00e9n 628 107 379<\/strong><\/p>\n<p style=\"text-align: justify;\">\u00a1Vente a probar, no te arrepentir\u00e1s!<\/p>\n<p style=\"text-align: justify;\">Estamos haciendo captaci\u00f3n en todos los colegios de G\u00e1ldar.<\/p>\n<p style=\"text-align: justify;\">M\u00e1s informaci\u00f3n en las redes sociales de nuestro club; G\u00e1ldar BF<\/p>\n","protected":false},"excerpt":{"rendered":"\u00bfTienes una ni\u00f1a entre 6 y 9 a\u00f1os? \u00a1Hasta el 31 de octubre tenemos jornadas de puertas abiertas&hellip;\n","protected":false},"author":2,"featured_media":169276,"comment_status":"","ping_status":"","sticky":false,"template":"","format":"standard","meta":{"footnotes":""},"categories":[278],"tags":[376,15904,168,25,24,375,23,167],"class_list":{"0":"post-169275","1":"post","2":"type-post","3":"status-publish","4":"format-standard","5":"has-post-thumbnail","7":"category-balonmano","8":"tag-balonmano","9":"tag-balonmano-femenino","10":"tag-deportes","11":"tag-es","12":"tag-espana","13":"tag-handball","14":"tag-spain","15":"tag-sports"},"share_on_mastodon":{"url":"","error":""},"_links":{"self":[{"href":"https:\/\/www.europesays.com\/es\/wp-json\/wp\/v2\/posts\/169275","targetHints":{"allow":["GET"]}}],"collection":[{"href":"https:\/\/www.europesays.com\/es\/wp-json\/wp\/v2\/posts"}],"about":[{"href":"https:\/\/www.europesays.com\/es\/wp-json\/wp\/v2\/types\/post"}],"author":[{"embeddable":true,"href":"https:\/\/www.europesays.com\/es\/wp-json\/wp\/v2\/users\/2"}],"replies":[{"embeddable":true,"href":"https:\/\/www.europesays.com\/es\/wp-json\/wp\/v2\/comments?post=169275"}],"version-history":[{"count":0,"href":"https:\/\/www.europesays.com\/es\/wp-json\/wp\/v2\/posts\/169275\/revisions"}],"wp:featuredmedia":[{"embeddable":true,"href":"https:\/\/www.europesays.com\/es\/wp-json\/wp\/v2\/media\/169276"}],"wp:attachment":[{"href":"https:\/\/www.europesays.com\/es\/wp-json\/wp\/v2\/media?parent=169275"}],"wp:term":[{"taxonomy":"category","embeddable":true,"href":"https:\/\/www.europesays.com\/es\/wp-json\/wp\/v2\/categories?post=169275"},{"taxonomy":"post_tag","embeddable":true,"href":"https:\/\/www.europesays.com\/es\/wp-json\/wp\/v2\/tags?post=169275"}],"curies":[{"name":"wp","href":"https:\/\/api.w.org\/{rel}","templated":true}]}}