{"id":169312,"date":"2025-10-11T09:46:10","date_gmt":"2025-10-11T09:46:10","guid":{"rendered":"https:\/\/www.europesays.com\/es\/169312\/"},"modified":"2025-10-11T09:46:10","modified_gmt":"2025-10-11T09:46:10","slug":"lima-se-prepara-para-una-gran-feria-que-culminara-con-la-gesta-de-roca-rey","status":"publish","type":"post","link":"https:\/\/www.europesays.com\/es\/169312\/","title":{"rendered":"Lima se prepara para una gran Feria que culminar\u00e1 con la gesta de Roca Rey"},"content":{"rendered":"<p><strong>Lima<\/strong> ser\u00e1 el epicentro taurino de las pr\u00f3ximas semanas. El 18 de octubre se inicia la septuag\u00e9sima octava edici\u00f3n de la Feria del Se\u00f1or de los Milagros, la m\u00e1s antigua de Am\u00e9rica y la \u00fanica que actualmente se celebra en una capital del continente.<\/p>\n<p>Ser\u00e1n seis festejos en dos semanas, dos novilladas y cuatro corridas de toros, que culminar\u00e1n el domingo 2 de noviembre con la encerrona en solitario de <strong>Andr\u00e9s Roca Rey<\/strong>, el torero peruano m\u00e1s importante en cinco siglos de tradici\u00f3n taurina, que se inici\u00f3 en 1540 cuando el conquistador <strong>Francisco Pizarro<\/strong> lance\u00f3 a caballo un toro en la Plaza de Armas de <strong>Lima<\/strong>.<\/p>\n<p>Desde que en mayo se lanz\u00f3 esta gesta en Madrid, se gener\u00f3 una expectativa enorme por ver a <strong>Roca Rey en Acho<\/strong> y de distintas latitudes taurinas comenzaron a confirmarse las reservas de entradas y hoteles.<\/p>\n<p>La taquilla es el mejor reflejo de este nuevo boom taurino en tierras peruanas. La venta de entradas se ha disparado y se han duplicado el n\u00famero de abonados de la plaza de Acho en relaci\u00f3n al a\u00f1o 2024, superando ya los 8,000, y estando muy cerca de triplicar los abonos registrados en la feria de 2023. Un hito que refleja la solidez de la tauromaquia peruana, que vive un auge sin precedentes desde hace un par de d\u00e9cadas.<\/p>\n<p>Ser\u00e1n dos semanas de intensa actividad taurina con coloquios, celebraciones y actividades culturales, que incluyen la \u00f3pera <strong>Carmen<\/strong>, que por primera vez se presentar\u00e1 en el albero de la plaza de <strong>Acho<\/strong>.<\/p>\n<p>Los festejos son los siguientes:<\/p>\n<p>S\u00e1bado, 18 de octubre. Novillos de San Jos\u00e9 del Monte para Felipe Negret, Joaqu\u00edn Caro y Josuel Mallqui.<\/p>\n<p>Domingo 19. Toros de Salamanca y San Pedro para Morenito de Aranda, Alfonso de Lima y Jes\u00fas Enrique Colombo.<\/p>\n<p>S\u00e1bado 25. Novillos de Camponuevo para Jos\u00e9 Antonio Guerra, Pedro Luis y Tom\u00e1s Bastos.<\/p>\n<p>Domingo 26. Toros de Paij\u00e1n y Domingo Hern\u00e1ndes para David Galv\u00e1n, Fernando Adri\u00e1n y Joaqu\u00edn Gald\u00f3s.<\/p>\n<p>S\u00e1bado, 1 de noviembre. Toros de N\u00fa\u00f1ez del Cuvillo y Domingo Hern\u00e1ndez para Morante de la Puebla, Sebasti\u00e1n Castella y Alejandro Talavante.<\/p>\n<p>Domingo 2. Toros de N\u00fa\u00f1ez del Cuvillo, Domingo Hern\u00e1ndez y Paij\u00e1n para Roca Rey, como<\/p>\n","protected":false},"excerpt":{"rendered":"Lima ser\u00e1 el epicentro taurino de las pr\u00f3ximas semanas. El 18 de octubre se inicia la septuag\u00e9sima octava&hellip;\n","protected":false},"author":2,"featured_media":62434,"comment_status":"","ping_status":"","sticky":false,"template":"","format":"standard","meta":{"footnotes":""},"categories":[277],"tags":[45,49365,25881,373,168,25,24,25882,49366,994,1226,4316,23,167,374],"class_list":{"0":"post-169312","1":"post","2":"type-post","3":"status-publish","4":"format-standard","5":"has-post-thumbnail","7":"category-toreo","8":"tag-45","9":"tag-6-toros","10":"tag-acho","11":"tag-bullfighting","12":"tag-deportes","13":"tag-es","14":"tag-espana","15":"tag-feria-del-senor-de-los-milagros","16":"tag-gesta-en-solitario","17":"tag-lima","18":"tag-noticias-de-toros","19":"tag-roca-rey","20":"tag-spain","21":"tag-sports","22":"tag-toreo"},"share_on_mastodon":{"url":"","error":""},"_links":{"self":[{"href":"https:\/\/www.europesays.com\/es\/wp-json\/wp\/v2\/posts\/169312","targetHints":{"allow":["GET"]}}],"collection":[{"href":"https:\/\/www.europesays.com\/es\/wp-json\/wp\/v2\/posts"}],"about":[{"href":"https:\/\/www.europesays.com\/es\/wp-json\/wp\/v2\/types\/post"}],"author":[{"embeddable":true,"href":"https:\/\/www.europesays.com\/es\/wp-json\/wp\/v2\/users\/2"}],"replies":[{"embeddable":true,"href":"https:\/\/www.europesays.com\/es\/wp-json\/wp\/v2\/comments?post=169312"}],"version-history":[{"count":0,"href":"https:\/\/www.europesays.com\/es\/wp-json\/wp\/v2\/posts\/169312\/revisions"}],"wp:featuredmedia":[{"embeddable":true,"href":"https:\/\/www.europesays.com\/es\/wp-json\/wp\/v2\/media\/62434"}],"wp:attachment":[{"href":"https:\/\/www.europesays.com\/es\/wp-json\/wp\/v2\/media?parent=169312"}],"wp:term":[{"taxonomy":"category","embeddable":true,"href":"https:\/\/www.europesays.com\/es\/wp-json\/wp\/v2\/categories?post=169312"},{"taxonomy":"post_tag","embeddable":true,"href":"https:\/\/www.europesays.com\/es\/wp-json\/wp\/v2\/tags?post=169312"}],"curies":[{"name":"wp","href":"https:\/\/api.w.org\/{rel}","templated":true}]}}