{"id":169324,"date":"2025-10-11T09:56:23","date_gmt":"2025-10-11T09:56:23","guid":{"rendered":"https:\/\/www.europesays.com\/es\/169324\/"},"modified":"2025-10-11T09:56:23","modified_gmt":"2025-10-11T09:56:23","slug":"pepa-blanes-analiza-algunos-de-los-personajes-femeninos-mas-influyentes-del-audiovisual-en-su-nuevo-libro-cuando-ellas-brillan-amigas-deseos-y-otras-revoluciones","status":"publish","type":"post","link":"https:\/\/www.europesays.com\/es\/169324\/","title":{"rendered":"Pepa Blanes analiza algunos de los personajes femeninos m\u00e1s influyentes del audiovisual en su nuevo libro &#8216;Cuando ellas brillan. Amigas, deseos y otras revoluciones&#8217;"},"content":{"rendered":"<p><strong>De\u00a0\u2018Sexo en Nueva York\u2019\u00a0a\u00a0\u2018Fleabag\u2019, de\u00a0\u2018Las horas\u2019\u00a0a\u00a0\u2018Una joven prometedora\u2019, de\u00a0\u2018Las chicas de oro\u2019\u00a0a\u00a0\u2018Retrato de una mujer en llamas\u2019,\u00a0Pepa Blanes\u00a0combina en este libro an\u00e1lisis feminista, memoria emocional y pasi\u00f3n cin\u00e9fila para repensar c\u00f3mo han sido representadas las mujeres hasta ahora en el cine y las series, y c\u00f3mo han empezado a representarse y reconocerse.<\/strong><\/p>\n<p><a href=\"https:\/\/www.planetadelibros.com\/libro-cuando-ellas-brillan\/422672\" target=\"_blank\" rel=\"noreferrer noopener nofollow\">Ya disponible en librer\u00edas<\/a>, el libro \u2018Cuando ellas brillan\u2019 es un viaje por los personajes femeninos que nos marcaron, nos sacudieron y nos obligaron a hacernos preguntas inc\u00f3modas. Un repaso por el drama y la comedia, desde distintas \u00e9pocas y perspectivas, que interpela a varias generaciones. Porque en la ficci\u00f3n caben todas las experiencias: la rabia de las que se hartan, el deseo de las que se atreven, el miedo heredado, la culpa impuesta y la fuerza que nace en la amistad, la maternidad o la soledad. <\/p>\n<p>Diez cap\u00edtulos para mirar con otros ojos aquello que cre\u00edamos conocer, en los que no solo se habla de pel\u00edculas o de series, tambi\u00e9n \u00abhabla de ti, de nosotras, de todo lo que estamos dispuestas a transformar. Una nueva mirada en la que las mujeres \u2014madres, hijas, amigas, rebeldes, imperfectas\u2014 se cuentan a s\u00ed mismas. Y cuando eso ocurre, el mundo cambia. Y ya no hay vuelta atr\u00e1s.\u00bb<\/p>\n<p>Pepa Blanes es jefa de Cultura de la Cadena SER. Licenciada en Periodismo por la UCM y M\u00e1ster en An\u00e1lisis Sociocultural y de G\u00e9nero, dirige el programa de cine y series El Cine en la SER. \u00a0Ha presentado, junto a Mar\u00eda Guerra, La Script en Movistar Plus y escrito art\u00edculos en prensa. Tambi\u00e9n es autora tambi\u00e9n de \u2018Abre los ojos, pel\u00edculas y series para entender el mundo\u2019.<\/p>\n","protected":false},"excerpt":{"rendered":"De\u00a0\u2018Sexo en Nueva York\u2019\u00a0a\u00a0\u2018Fleabag\u2019, de\u00a0\u2018Las horas\u2019\u00a0a\u00a0\u2018Una joven prometedora\u2019, de\u00a0\u2018Las chicas de oro\u2019\u00a0a\u00a0\u2018Retrato de una mujer en llamas\u2019,\u00a0Pepa Blanes\u00a0combina&hellip;\n","protected":false},"author":2,"featured_media":169325,"comment_status":"","ping_status":"","sticky":false,"template":"","format":"standard","meta":{"footnotes":""},"categories":[172],"tags":[224,5776,146,147,25,24,225,49368,23],"class_list":{"0":"post-169324","1":"post","2":"type-post","3":"status-publish","4":"format-standard","5":"has-post-thumbnail","7":"category-libros","8":"tag-books","9":"tag-cima","10":"tag-entertainment","11":"tag-entretenimiento","12":"tag-es","13":"tag-espana","14":"tag-libros","15":"tag-pepa-blanes","16":"tag-spain"},"share_on_mastodon":{"url":"","error":""},"_links":{"self":[{"href":"https:\/\/www.europesays.com\/es\/wp-json\/wp\/v2\/posts\/169324","targetHints":{"allow":["GET"]}}],"collection":[{"href":"https:\/\/www.europesays.com\/es\/wp-json\/wp\/v2\/posts"}],"about":[{"href":"https:\/\/www.europesays.com\/es\/wp-json\/wp\/v2\/types\/post"}],"author":[{"embeddable":true,"href":"https:\/\/www.europesays.com\/es\/wp-json\/wp\/v2\/users\/2"}],"replies":[{"embeddable":true,"href":"https:\/\/www.europesays.com\/es\/wp-json\/wp\/v2\/comments?post=169324"}],"version-history":[{"count":0,"href":"https:\/\/www.europesays.com\/es\/wp-json\/wp\/v2\/posts\/169324\/revisions"}],"wp:featuredmedia":[{"embeddable":true,"href":"https:\/\/www.europesays.com\/es\/wp-json\/wp\/v2\/media\/169325"}],"wp:attachment":[{"href":"https:\/\/www.europesays.com\/es\/wp-json\/wp\/v2\/media?parent=169324"}],"wp:term":[{"taxonomy":"category","embeddable":true,"href":"https:\/\/www.europesays.com\/es\/wp-json\/wp\/v2\/categories?post=169324"},{"taxonomy":"post_tag","embeddable":true,"href":"https:\/\/www.europesays.com\/es\/wp-json\/wp\/v2\/tags?post=169324"}],"curies":[{"name":"wp","href":"https:\/\/api.w.org\/{rel}","templated":true}]}}