{"id":169344,"date":"2025-10-11T10:08:08","date_gmt":"2025-10-11T10:08:08","guid":{"rendered":"https:\/\/www.europesays.com\/es\/169344\/"},"modified":"2025-10-11T10:08:08","modified_gmt":"2025-10-11T10:08:08","slug":"el-conquense-visita-al-colonia-moscardo-en-un-partido-en-el-que-la-clave-estara-en-los-detalles","status":"publish","type":"post","link":"https:\/\/www.europesays.com\/es\/169344\/","title":{"rendered":"El Conquense visita al Colonia Moscard\u00f3 en un partido en el que la clave estar\u00e1 en los detalles"},"content":{"rendered":"<p>            <a href=\"https:\/\/www.vocesdecuenca.com\/wp-content\/uploads\/2025\/10\/Captura-de-pantalla-2025-10-11-a-las-11.24.45.png\" data-caption=\"R\u00f3ber Guti\u00e9rrez en la previa del partido ante el Moscard\u00f3. FOTO: UB Conquense\" rel=\"nofollow noopener\" target=\"_blank\"><img loading=\"lazy\" decoding=\"async\" width=\"696\" height=\"769\" class=\"entry-thumb td-modal-image\" src=\"https:\/\/www.europesays.com\/es\/wp-content\/uploads\/2025\/10\/Captura-de-pantalla-2025-10-11-a-las-11.24.45-696x769.png\"   alt=\"\" title=\"Captura de pantalla 2025-10-11 a las 11.24.45\"\/><\/a>R\u00f3ber Guti\u00e9rrez en la previa del partido ante el Moscard\u00f3. FOTO: UB Conquense            <\/p>\n<p>El Conquense afronta este s\u00e1bado a las 12:00 horas en el Estadio Rom\u00e1n Valero de Usera un nuevo compromiso liguero frente al Colonia Moscard\u00f3, un equipo muy diferente a los filiales en los que se ha enfrentado en las dos \u00faltimas jornadas, que monopolizaban m\u00e1s la pelota.<\/p>\n<p>As\u00ed lo ha se\u00f1alado el m\u00edster de los blanquinegros, Rober Guti\u00e9rrez, quien ha destacado que su once se enfrentar\u00e1 a un partido \u00abmuy dif\u00edcil\u00bb en el que la clave estar\u00e1 en \u201ctener much\u00edsima concentraci\u00f3n, la intensidad y los detalles\u201d. En este sentido Guti\u00e9rrez ha destacado que el hecho de que el Moscard\u00f3 se encuentre en descenso en la sexta jornada es un hecho \u00abmeramente anecd\u00f3tico\u00bb. <\/p>\n<p>En cuanto a la preparaci\u00f3n de la Balomp\u00e9dica, Guti\u00e9rrez ha destacado el buen trabajo del equipo durante la semana, especialmente la recuperaci\u00f3n de efectivos. As\u00ed ha se\u00f1alado que \u00abya tenemos a jugadores que pr\u00e1cticamente hacen todo con el grupo, es una maravillosa noticia\u201d, ha celebrado el entrenador. El t\u00e9cnico blanquinegro ha se\u00f1alado tambi\u00e9n que el vestuario vive un momento de competencia interna positiva, con todos los futbolistas empujando para ganarse un sitio en el once. Guti\u00e9rrez destaca que \u00ablos que est\u00e1n jugando quieren seguir reivindic\u00e1ndose, y los que est\u00e1n teniendo m\u00e1s dificultades para entrar est\u00e1n estrechando la l\u00ednea\u00bb, algo que en la opini\u00f3n del m\u00edster es s\u00edntoma \u00abde buena predisposici\u00f3n y ganas de hacer un buen partido el domingo\u00bb.<\/p>\n<p>Rober Guti\u00e9rrez ha insistido especialmente en que el partido ante el Moscard\u00f3 exigir\u00e1 una atenci\u00f3n constante en cada acci\u00f3n, no solo en la primera jugada sino en todo lo que ocurra despu\u00e9s al ser un conjunto \u00abespecialmente peligroso \u00aben las segundas jugadas y esos robos sucios, que decimos nosotros\u00bb. El t\u00e9cnico conquense, con su experiencia ante los rojiblancos ha se\u00f1alado que el Moscard\u00f3  acostumbra a sacar ventaja por intensidad y agresividad cuando el bal\u00f3n queda dividido tras un despeje, un rechace o una disputa a\u00e9rea. Este juego obligar\u00e1 a los balomp\u00e9dicos a defender muy juntos y reaccionar r\u00e1pido a cada bal\u00f3n suelto.<\/p>\n<p>En ese \u00abcaos\u00bb que sabe generar el conjunto madrile\u00f1o cuando tiene ocasi\u00f3n, el m\u00edster ha se\u00f1alado la concentraci\u00f3n como un factor diferencial para evitar que los madrile\u00f1os \u00abhagan largo el partido\u00bb y metan al once de Guti\u00e9rrez \u00aben su ritmo de juego\u00bb. As\u00ed pues, el Conquense tendr\u00e1 que demostrar solidez y personalidad para equilibrar el esfuerzo defensivo, aprovechar los espacios que pueda dejar el Moscard\u00f3 y no regalar metros para dominar el encuentro. Para anotar en la porter\u00eda, la Balomp\u00e9dica tendr\u00e1 que hacer gala tambi\u00e9n de su madurez t\u00e9cnica con una una buena lectura del juego que les permita discernir cu\u00e1ndo y d\u00f3nde competir cada bal\u00f3n.<\/p>\n","protected":false},"excerpt":{"rendered":"R\u00f3ber Guti\u00e9rrez en la previa del partido ante el Moscard\u00f3. FOTO: UB Conquense El Conquense afronta este s\u00e1bado&hellip;\n","protected":false},"author":2,"featured_media":169345,"comment_status":"","ping_status":"","sticky":false,"template":"","format":"standard","meta":{"footnotes":""},"categories":[278],"tags":[376,168,25,24,375,23,167],"class_list":{"0":"post-169344","1":"post","2":"type-post","3":"status-publish","4":"format-standard","5":"has-post-thumbnail","7":"category-balonmano","8":"tag-balonmano","9":"tag-deportes","10":"tag-es","11":"tag-espana","12":"tag-handball","13":"tag-spain","14":"tag-sports"},"share_on_mastodon":{"url":"","error":""},"_links":{"self":[{"href":"https:\/\/www.europesays.com\/es\/wp-json\/wp\/v2\/posts\/169344","targetHints":{"allow":["GET"]}}],"collection":[{"href":"https:\/\/www.europesays.com\/es\/wp-json\/wp\/v2\/posts"}],"about":[{"href":"https:\/\/www.europesays.com\/es\/wp-json\/wp\/v2\/types\/post"}],"author":[{"embeddable":true,"href":"https:\/\/www.europesays.com\/es\/wp-json\/wp\/v2\/users\/2"}],"replies":[{"embeddable":true,"href":"https:\/\/www.europesays.com\/es\/wp-json\/wp\/v2\/comments?post=169344"}],"version-history":[{"count":0,"href":"https:\/\/www.europesays.com\/es\/wp-json\/wp\/v2\/posts\/169344\/revisions"}],"wp:featuredmedia":[{"embeddable":true,"href":"https:\/\/www.europesays.com\/es\/wp-json\/wp\/v2\/media\/169345"}],"wp:attachment":[{"href":"https:\/\/www.europesays.com\/es\/wp-json\/wp\/v2\/media?parent=169344"}],"wp:term":[{"taxonomy":"category","embeddable":true,"href":"https:\/\/www.europesays.com\/es\/wp-json\/wp\/v2\/categories?post=169344"},{"taxonomy":"post_tag","embeddable":true,"href":"https:\/\/www.europesays.com\/es\/wp-json\/wp\/v2\/tags?post=169344"}],"curies":[{"name":"wp","href":"https:\/\/api.w.org\/{rel}","templated":true}]}}