{"id":169354,"date":"2025-10-11T10:15:13","date_gmt":"2025-10-11T10:15:13","guid":{"rendered":"https:\/\/www.europesays.com\/es\/169354\/"},"modified":"2025-10-11T10:15:13","modified_gmt":"2025-10-11T10:15:13","slug":"un-ex-nba-compara-el-roig-arena-con-los-mejores-pabellones-del-mundo-es-impresionante","status":"publish","type":"post","link":"https:\/\/www.europesays.com\/es\/169354\/","title":{"rendered":"Un ex NBA compara el Roig Arena con los mejores pabellones del mundo: \u201cEs impresionante\u201d"},"content":{"rendered":"<p class=\"ft-text\"><strong>La temporada baloncest\u00edstica en Europa ya ha arrancado. <\/strong>Tanto la Liga Endesa como la Euroliga 2025 ya han iniciado su camino, despu\u00e9s de un verano de torneos continentales. <strong>Espa\u00f1a no pudo dar el callo en el Eurobasket<\/strong>, pero lejos queda ya ese torneo, incluso con Chus Mateo ya como due\u00f1o del banquillo de la selecci\u00f3n.<\/p>\n<p class=\"ft-text\">El<strong> Valencia Basket<\/strong> ha arrancado la temporada como un tiro y con la ilusi\u00f3n desbordada. <strong>El equipo taronja cuenta sus partidos por victorias hasta la fecha y adem\u00e1s coron\u00f3 el inicio de campa\u00f1a conquistando la Supercopa Endesa 2025.<\/strong> Una semana despu\u00e9s lleg\u00f3 el ansiado estreno oficial del <strong>Roig Arena. <\/strong>El nuevo hogar taronja est\u00e1 llamado a ser uno de los recintos deportivos m\u00e1s importantes de Europa y del mundo. El <strong>Roig Arena<\/strong> pone al <strong>Valencia Baske<\/strong>t y a Val\u00e8ncia en otra dimensi\u00f3n.<\/p>\n<p><img decoding=\"async\" src=\"https:\/\/www.europesays.com\/es\/wp-content\/uploads\/2025\/10\/68d94dc5-f8af-4ac8-bb64-ac800ad1dd49_alta-libre-aspect-ratio_default_0.jpg\" width=\"1200\" height=\"800\" alt=\"Primer partido de Euroliga en el Roig Arena, con un Valencia Basket - Virtus Bolonia.\" class=\"ft-helper-img-rd\" loading=\"lazy\" hasdataaida=\"true\"\/><\/p>\n<p class=\"ft-helper-fontColor-quaternary ft-helper-fontSize-body-S ft-helper-spacer-t-xxs\">Primer partido de Euroliga en el Roig Arena, con un Valencia Basket &#8211; Virtus Bolonia.  \/ JM LOPEZ<\/p>\n<p>El elogio de un ex NBA que pone al Roig Arena entre los mejores pabellones del planeta<\/p>\n<p class=\"ft-text\">Tanto es as\u00ed que alguna de las estrellas que ya han pasado por el nuevo <strong>Roig Arena<\/strong> se han enamorado de uno de los mejores pabellones del continente y que incluso ya comparan con los de las<a class=\"ft-link ft-link--decoration\" href=\"https:\/\/www.nba.com\/\" rel=\"nofollow noopener\" target=\"_blank\"> franquicias NBA.<\/a> Al menos as\u00ed opina Tornike Shengelia, un ex NBA, que ya sabe lo que es jugar y tambi\u00e9n perder en el <strong>Roig Arena:<\/strong> \u201cEs impresionante. <strong>Para m\u00ed es el mejor que he visto hasta ahora<\/strong>. Cuando fui a Brooklyn Nets, con el nuevo Barclays Center, lo mismo. Es impresionante\u201d, explic\u00f3 el georgiano, ex de Brooklyn Nets en la entrevista con V\u00edctor Claver.<\/p>\n<p class=\"ft-text\">Y es que <strong>Toko Shengelia <\/strong>sabe de lo que habla. <strong>El georgiano estuvo dos temporadas en la NBA<\/strong>, donde se encuentran algunos de los pabellones m\u00e1s espectaculares del mundo. <strong>Shengelia <\/strong>aterriz\u00f3 en los Nets en 2013, donde jug\u00f3 36 partidos en los que pudo comprobar no solo c\u00f3mo eran el<a class=\"ft-link ft-link--decoration\" href=\"https:\/\/www.acb.com\/\" rel=\"nofollow noopener\" target=\"_blank\"> resto de canchas de la liga<\/a>, sino la &#8216;fortaleza&#8217; del <strong>Barclays Arena,<\/strong> al que compara con el <strong>Roig Arena<\/strong>, en sus partidos como local.<\/p>\n<p class=\"ft-text\">Shengelia termin\u00f3 su carrer\u00e1 en la NBA en <strong>Chicago Bulls<\/strong>, otra franquicia con otro espectacular pabell\u00f3n y mundialmente conocido como el <strong>United Center.<\/strong> As\u00ed que una opini\u00f3n muy valiosa la del georgiano con la nueva casa del<strong> <\/strong>Valencia Basket, donde por cierto,<a class=\"ft-link ft-link--decoration\" href=\"https:\/\/www.levante-emv.com\/deportes\/2025\/10\/05\/roig-arena-bate-record-asistencia-acb-122305385.html\" rel=\"nofollow noopener\" target=\"_blank\"> el equipo taronja ya ha batido uno de los r\u00e9cords hist\u00f3ricos de la ACB.<\/a><\/p>\n<p>El Barclays Center: mucho m\u00e1s que la casa de los Brooklyn Nets <\/p>\n<p class=\"ft-text\">Si hay alg\u00fan lugar que llama la atenci\u00f3n en Brooklyn, ese es: el <strong>Barclays Center<\/strong>. Inaugurado en 2012 y con <strong>capacidad para 19.000 espectadores<\/strong>, con su dise\u00f1o moderno, gracias a su fachada de acero oxidado y dentro late una de las canchas m\u00e1s vibrantes de toda la NBA y m\u00e1s visitada por su localizaci\u00f3n en pleno New York.<\/p>\n<p class=\"ft-text\">Ir a un partido de la <strong>NBA <\/strong>es una experiencia \u00fanica, pero en concreto, ver a <strong>Brooklyn Nets<\/strong> all\u00ed es una experiencia en s\u00ed misma. Desde que accedes al interior del recinto, todo tiene ese aire neoyorquino tan aut\u00e9ntico: gente comiendo hot dogs, camisetas de los Nets o por todas partes, m\u00fasica en directo\u2026 y esa sensaci\u00f3n de que algo grande est\u00e1 a punto de pasar como sucede en<strong> cualquier evento deportivo en Estados Unidos.<\/strong><\/p>\n<p class=\"ft-text\">El ambiente es el\u00e9ctrico, incluso si no eres fan del baloncesto. Los momentos en los que el p\u00fablico se levanta al un\u00edsono para celebrar un triple son puro espect\u00e1culo. Pero el Barclays Center no vive solo de los Nets, como ocurre con el nuevo y punter<strong>o Roig Arena<\/strong>. <strong>Tambi\u00e9n acoge conciertos enormes, combates de boxeo, o de UFC, e incluso hasta eventos de eSports. <\/strong>Es un lugar que tiene vida los 365 d\u00edas del a\u00f1o, gracias a las zonas de ocio y de restauraci\u00f3n.<\/p>\n<p><img decoding=\"async\" src=\"https:\/\/www.europesays.com\/es\/wp-content\/uploads\/2025\/10\/1bf28a59-5e46-4b8a-be48-551a8cccc75a_alta-libre-aspect-ratio_default_0.jpg\" width=\"1200\" height=\"800\" alt=\"Un concierto de Bruce Springsteen en el Barclays Center, al que comparan con el Roig Arena\" class=\"ft-helper-img-rd\" loading=\"lazy\" hasdataaida=\"true\"\/><\/p>\n<p class=\"ft-helper-fontColor-quaternary ft-helper-fontSize-body-S ft-helper-spacer-t-xxs\">Un concierto de Bruce Springsteen en el Barclays Center, al que comparan con el Roig Arena  \/ AP<\/p>\n<p class=\"ft-text\">Lo mejor de todo es su ubicaci\u00f3n. Sales de la parada de metro (subway) y est\u00e1s pr\u00e1cticamente en la puerta. En resumen: el <strong>Barclays Center de Brooklyn<\/strong> es mucho m\u00e1s que un pabell\u00f3n. Es una mezcla de energ\u00eda, cultura y emoci\u00f3n que representa a la perfecci\u00f3n el <strong>esp\u00edritu de Nueva York.<\/strong><\/p>\n","protected":false},"excerpt":{"rendered":"La temporada baloncest\u00edstica en Europa ya ha arrancado. Tanto la Liga Endesa como la Euroliga 2025 ya han&hellip;\n","protected":false},"author":2,"featured_media":169355,"comment_status":"","ping_status":"","sticky":false,"template":"","format":"standard","meta":{"footnotes":""},"categories":[269],"tags":[49373,299,298,168,25,24,2915,23,167,2916],"class_list":{"0":"post-169354","1":"post","2":"type-post","3":"status-publish","4":"format-standard","5":"has-post-thumbnail","7":"category-baloncesto","8":"tag-ex-nba-roig-arena-mejores-pabellones-mundo-nba-euroliga","9":"tag-baloncesto","10":"tag-basketball","11":"tag-deportes","12":"tag-es","13":"tag-espana","14":"tag-roig-arena","15":"tag-spain","16":"tag-sports","17":"tag-valencia-basket"},"share_on_mastodon":{"url":"","error":""},"_links":{"self":[{"href":"https:\/\/www.europesays.com\/es\/wp-json\/wp\/v2\/posts\/169354","targetHints":{"allow":["GET"]}}],"collection":[{"href":"https:\/\/www.europesays.com\/es\/wp-json\/wp\/v2\/posts"}],"about":[{"href":"https:\/\/www.europesays.com\/es\/wp-json\/wp\/v2\/types\/post"}],"author":[{"embeddable":true,"href":"https:\/\/www.europesays.com\/es\/wp-json\/wp\/v2\/users\/2"}],"replies":[{"embeddable":true,"href":"https:\/\/www.europesays.com\/es\/wp-json\/wp\/v2\/comments?post=169354"}],"version-history":[{"count":0,"href":"https:\/\/www.europesays.com\/es\/wp-json\/wp\/v2\/posts\/169354\/revisions"}],"wp:featuredmedia":[{"embeddable":true,"href":"https:\/\/www.europesays.com\/es\/wp-json\/wp\/v2\/media\/169355"}],"wp:attachment":[{"href":"https:\/\/www.europesays.com\/es\/wp-json\/wp\/v2\/media?parent=169354"}],"wp:term":[{"taxonomy":"category","embeddable":true,"href":"https:\/\/www.europesays.com\/es\/wp-json\/wp\/v2\/categories?post=169354"},{"taxonomy":"post_tag","embeddable":true,"href":"https:\/\/www.europesays.com\/es\/wp-json\/wp\/v2\/tags?post=169354"}],"curies":[{"name":"wp","href":"https:\/\/api.w.org\/{rel}","templated":true}]}}