{"id":169356,"date":"2025-10-11T10:16:09","date_gmt":"2025-10-11T10:16:09","guid":{"rendered":"https:\/\/www.europesays.com\/es\/169356\/"},"modified":"2025-10-11T10:16:09","modified_gmt":"2025-10-11T10:16:09","slug":"mastantuono-abandona-argentina-y-vuelve-a-madrid","status":"publish","type":"post","link":"https:\/\/www.europesays.com\/es\/169356\/","title":{"rendered":"Mastantuono abandona Argentina y vuelve a Madrid"},"content":{"rendered":"<p class=\"ft-text\"><strong>Franco Mastantuono, centrocampista del Real Madrid<\/strong>, abandona la concentraci\u00f3n de la selecci\u00f3n argentina y no disputar\u00e1 <a class=\"ft-link ft-link--decoration\" href=\"https:\/\/www.sport.es\/es\/noticias\/futbol-internacional\/argentina-venezuela-horario-ver-partido-121249180\" rel=\"nofollow noopener\" target=\"_blank\">los pr\u00f3ximos amistosos programados en la fecha FIFA de octubre<\/a>. El futbolista, de 18 a\u00f1os, sufri\u00f3 una sobrecarga muscular en el muslo izquierdo durante el partido entre el <strong>Real Madrid<\/strong> y el Villarreal, lo que le impidi\u00f3 finalizar el encuentro. Seg\u00fan explican desde el pa\u00eds sudamericano, las molestias no han remitido y la decisi\u00f3n ha sido no arriesgar.<\/p>\n<p class=\"ft-text\">Debido a este contratiempo, <strong>Mastantuono <\/strong>ha quedado desconvocado de la gira de la Albiceleste por Estados Unidos, donde Argentina se enfrentar\u00e1 a Venezuela y a Puerto Rico. Se espera que el jugador regrese a Madrid en las pr\u00f3ximas horas para iniciar su proceso de recuperaci\u00f3n bajo la supervisi\u00f3n del cuerpo m\u00e9dico del club blanco. Es sin duda una buena noticia para <strong>Xabi Alonso<\/strong>, que respira tranquilo sabiendo que el futbolista no sufrir\u00e1 mayor desgaste con su combinado nacional.<\/p>\n<p><img decoding=\"async\" src=\"https:\/\/www.europesays.com\/es\/wp-content\/uploads\/2025\/10\/928b481d-851f-4b6e-b453-3bec51d06129_alta-libre-aspect-ratio_default_0.jpg\" width=\"1200\" height=\"675\" alt=\"Xabi mete a Mastantuono en la lucha por la titularidad\" class=\"ft-helper-img-rd\" loading=\"lazy\" hasdataaida=\"true\"\/><\/p>\n<p class=\"ft-helper-fontColor-quaternary ft-helper-fontSize-body-S ft-helper-spacer-t-xxs\">Xabi mete a Mastantuono en la lucha por la titularidad  \/ Efe<\/p>\n<p class=\"ft-text\">Esta baja se suma a la de Thiago Almada, quien tambi\u00e9n fue desconvocado de la convocatoria por razones similares. Mastantuono, quien debut\u00f3 con la selecci\u00f3n mayor el pasado mes de junio, <strong>ha confirmado tras su llegada al Real Madrid su ascendencia con Argentina, donde, pese a todo, a\u00fan debe ganarse el papel de titular indiscitible<\/strong>. Su ausencia en estos amistosos representa, eso s\u00ed, un contratiempo tanto para el jugador como para su selecci\u00f3n.<\/p>\n<p class=\"ft-text\">El cuerpo t\u00e9cnico de<strong> Lionel Scaloni <\/strong>ya trabaja en alternativas para cubrir las bajas de <strong>Almada <\/strong>y <strong>Mastantuono <\/strong>en la convocatoria. Se espera que el joven delantero se recupere a tiempo para los pr\u00f3ximos compromisos del <strong>Real Madrid<\/strong>, con quien no deber\u00eda tener problemas para estar disponible cuando regrese la competici\u00f3n oficial de clubs.<\/p>\n","protected":false},"excerpt":{"rendered":"Franco Mastantuono, centrocampista del Real Madrid, abandona la concentraci\u00f3n de la selecci\u00f3n argentina y no disputar\u00e1 los pr\u00f3ximos&hellip;\n","protected":false},"author":2,"featured_media":169357,"comment_status":"","ping_status":"","sticky":false,"template":"","format":"standard","meta":{"footnotes":""},"categories":[268],"tags":[283,168,25,24,280,282,24926,3048,281,23,167],"class_list":{"0":"post-169356","1":"post","2":"type-post","3":"status-publish","4":"format-standard","5":"has-post-thumbnail","7":"category-futbol","8":"tag-argentina","9":"tag-deportes","10":"tag-es","11":"tag-espana","12":"tag-football","13":"tag-futbol","14":"tag-mastantuono","15":"tag-real-madrid","16":"tag-soccer","17":"tag-spain","18":"tag-sports"},"share_on_mastodon":{"url":"","error":""},"_links":{"self":[{"href":"https:\/\/www.europesays.com\/es\/wp-json\/wp\/v2\/posts\/169356","targetHints":{"allow":["GET"]}}],"collection":[{"href":"https:\/\/www.europesays.com\/es\/wp-json\/wp\/v2\/posts"}],"about":[{"href":"https:\/\/www.europesays.com\/es\/wp-json\/wp\/v2\/types\/post"}],"author":[{"embeddable":true,"href":"https:\/\/www.europesays.com\/es\/wp-json\/wp\/v2\/users\/2"}],"replies":[{"embeddable":true,"href":"https:\/\/www.europesays.com\/es\/wp-json\/wp\/v2\/comments?post=169356"}],"version-history":[{"count":0,"href":"https:\/\/www.europesays.com\/es\/wp-json\/wp\/v2\/posts\/169356\/revisions"}],"wp:featuredmedia":[{"embeddable":true,"href":"https:\/\/www.europesays.com\/es\/wp-json\/wp\/v2\/media\/169357"}],"wp:attachment":[{"href":"https:\/\/www.europesays.com\/es\/wp-json\/wp\/v2\/media?parent=169356"}],"wp:term":[{"taxonomy":"category","embeddable":true,"href":"https:\/\/www.europesays.com\/es\/wp-json\/wp\/v2\/categories?post=169356"},{"taxonomy":"post_tag","embeddable":true,"href":"https:\/\/www.europesays.com\/es\/wp-json\/wp\/v2\/tags?post=169356"}],"curies":[{"name":"wp","href":"https:\/\/api.w.org\/{rel}","templated":true}]}}