{"id":169358,"date":"2025-10-11T10:17:17","date_gmt":"2025-10-11T10:17:17","guid":{"rendered":"https:\/\/www.europesays.com\/es\/169358\/"},"modified":"2025-10-11T10:17:17","modified_gmt":"2025-10-11T10:17:17","slug":"selena-gomez-reaparece-con-un-vestido-blanco-tras-su-boda-con-benny-blanco","status":"publish","type":"post","link":"https:\/\/www.europesays.com\/es\/169358\/","title":{"rendered":"Selena Gomez reaparece con un vestido blanco tras su boda con Benny Blanco"},"content":{"rendered":"<p id=\"eYpPk-j9zo\" data-wc=\"69\">Han pasado casi dos semanas desde que <strong>Selena Gomez<\/strong> vivi\u00f3 uno de los momentos m\u00e1s especiales de su vida: <a class=\"hm-link ho-link\" href=\"https:\/\/www.hola.com\/us-es\/celebrities\/20250927858296\/selena-gomez-benny-blanco-boda-primeras-imagenes\/\" data-mrf-recirculation=\"article-body-link\" rel=\"nofollow noopener\" target=\"_blank\">su boda con Benny Blanco<\/a>. La cantante celebr\u00f3 su matrimonio con el productor en California rodeado de familia y amigos, entre ellos <a class=\"hm-link ho-link\" href=\"https:\/\/www.hola.com\/us-es\/celebrities\/20250928858368\/selena-gomez-benny-blanco-taylor-swift-invitados-lista\/\" data-mrf-recirculation=\"article-body-link\" rel=\"nofollow noopener\" target=\"_blank\">numerosas celebridades.\u00a0<\/a>Los d\u00edas han pasado y la tambi\u00e9n actriz ha reaparecido en p\u00fablico y lo ha hecho usando un look perfecto para una radiante mujer reci\u00e9n casada.<\/p>\n<p> <img src=\"https:\/\/www.europesays.com\/es\/wp-content\/uploads\/2025\/10\/93c4278f648d-snapinstato556646650186293409910197244661488569166283675n.jpg\"   width=\"768\" height=\"1024\" loading=\"lazy\" decoding=\"async\" alt=\"Selena Gomez  y Benny Blanco el d\u00eda de su boda\" fetchpriority=\"auto\" class=\"image ho-image\"\/>\u00a9 Instagram @selenagomezSelena Gomez  y Benny Blanco se casaron el pasado 27 de septiembre en California.<\/p>\n<p id=\"e0sp4PEXz0K\" data-wc=\"79\">El pasado 9 de octubre, Selena fue vista en Los \u00c1ngeles por primera vez luego de su boda con Benny y, como era de esperarse, esta aparici\u00f3n no pas\u00f3 desapercibida. La protagonista de Only Murders in the Building\u00a0fue captada mientras sal\u00eda del Hotel Bel Air, donde disfrut\u00f3 de un almuerzo con dos misteriosas mujeres. La int\u00e9rprete de 33 a\u00f1os sali\u00f3 tranquilamente del establecimiento y en un momento mostr\u00f3 una expresi\u00f3n de sorpresa cuyos motivos permanecen en el misterio.<\/p>\n<p> <img src=\"https:\/\/www.europesays.com\/es\/wp-content\/uploads\/2025\/10\/383cccbb7d17-bkgsgbc25100901.jpg\"   width=\"682\" height=\"1024\" loading=\"lazy\" decoding=\"async\" alt=\"Selena Gomez reapareci\u00f3 por primera vez tras su boda con Benny Blanco qued\u00f3 impactada al salir del Hotel Bel Air tras un almuerzo con dos mujeres qu\" fetchpriority=\"auto\" class=\"image ho-image\"\/>\u00a9 Backgrid\/The Grosby GroupSelena Gomez reapareci\u00f3 por primera vez tras su boda con Benny Blanco.<\/p>\n<p id=\"eeAtaekxtWu\" data-wc=\"68\">Para esta salida Selena eligi\u00f3 un favorecedor look con el que hizo un sutil gui\u00f1o a su boda. La actriz us\u00f3 un vestido blanco de aires rom\u00e1nticos con escote cuadrado y voluminosas mangas cortas abullonadas. La prenda, larga hasta los tobillos y confeccionada en una tela fresca, ten\u00eda detalles de drapeado en la parte del torso y la cadera, ajust\u00e1ndose perfectamente a la silueta de la estrella pop.<\/p>\n<p> <img src=\"https:\/\/www.europesays.com\/es\/wp-content\/uploads\/2025\/10\/284c2cb80428-bkgsgbc25100910-1.jpg\"   width=\"682\" height=\"1024\" loading=\"lazy\" decoding=\"async\" alt=\"Selena Gomez fue vista saliendo de un Hotel Bel Air tras un almuerzo el pasado 9 de octubre.\" fetchpriority=\"auto\" class=\"image ho-image\"\/>\u00a9 Backgrid\/The Grosby GroupSelena Gomez fue vista saliendo de un Hotel Bel Air tras un almuerzo el pasado 9 de octubre.<\/p>\n<p> <img src=\"https:\/\/www.europesays.com\/es\/wp-content\/uploads\/2025\/10\/8c8dd4ceace2-bkgsgbc25100902.jpg\"   width=\"682\" height=\"1024\" loading=\"lazy\" decoding=\"async\" alt=\"Selena Gomez fue captada con una expresi\u00f3n de sorpresa en su reciente salida.\" fetchpriority=\"auto\" class=\"image ho-image\"\/>\u00a9 Backgrid\/The Grosby GroupSelena Gomez fue captada con una expresi\u00f3n de sorpresa en su reciente salida.<\/p>\n<p id=\"eB_V1ceuThb\" data-wc=\"90\">Selena complement\u00f3 su atuendo con unas c\u00f3modas balerinas Mary Jane en color nude, un bolso acolchado color burdeos y unas gafas de sol en tono marr\u00f3n. Y las piezas que de ninguna forma pod\u00edan faltar en el look de la actriz eran las que atestiguan su promesa de amor con Benny. Gomez dej\u00f3 ver lo que parec\u00eda ser su anillo de compromiso mientras cargaba lo que parec\u00edan ser una caja de regalo. \u00a0En esta ocasi\u00f3n, la tambi\u00e9n empresaria de la industria cosm\u00e9tica prefiri\u00f3 mantener un maquillaje y peinado muy naturales.<\/p>\n<p> <img src=\"https:\/\/www.europesays.com\/es\/wp-content\/uploads\/2025\/10\/eeb22d3334c0-bkgsgbc25100909.jpg\"   width=\"791\" height=\"1024\" loading=\"lazy\" decoding=\"async\" alt=\"Selena Gomez luci\u00f3 un favorecedor vestido blanco en su primera aparici\u00f3n como reci\u00e9n casada.\" fetchpriority=\"auto\" class=\"image ho-image\"\/>\u00a9 Backgrid\/The Grosby GroupSelena Gomez luci\u00f3 un favorecedor vestido blanco en su primera aparici\u00f3n como reci\u00e9n casada.<\/p>\n<p> <img src=\"https:\/\/www.europesays.com\/es\/wp-content\/uploads\/2025\/10\/9be9e1205f1f-bkgsgbc25100904.jpg\"   width=\"1024\" height=\"682\" loading=\"lazy\" decoding=\"async\" alt=\"Selena Gomez presumi\u00f3 el anillo de compromiso que le Benny Blanco el a\u00f1o pasado.\" fetchpriority=\"auto\" class=\"image ho-image\"\/>\u00a9 Backgrid\/The Grosby GroupSelena Gomez presumi\u00f3 el anillo de compromiso que le Benny Blanco el a\u00f1o pasado.<\/p>\n<p id=\"evC-czuYFXD\" data-wc=\"39\">A su salida del hotel, Selena fue vista esperando en la zona de valet parking con su guardaespaldas a que les llevaran su auto. La actriz parec\u00eda atenta a su tel\u00e9fono m\u00f3vil, el cual llevaba en la mano derecha.<\/p>\n<p> <img src=\"https:\/\/www.europesays.com\/es\/wp-content\/uploads\/2025\/10\/0ae08e7a1b12-bkgsgbc25100903.jpg\"   width=\"682\" height=\"1024\" loading=\"lazy\" decoding=\"async\" alt=\"Selena Gomez parec\u00eda atenta a su tel\u00e9fono m\u00f3vil en su reciente salida p\u00fablica.\" fetchpriority=\"auto\" class=\"image ho-image\"\/>\u00a9 Backgrid\/The Grosby GroupSelena Gomez parec\u00eda atenta a su tel\u00e9fono m\u00f3vil en su reciente salida p\u00fablica.<br \/>\nSelena Gomez blind\u00f3 su fortuna con un acuerdo prenupcial<\/p>\n<p id=\"ef5W8FkIGLe\" data-wc=\"41\">La reaparici\u00f3n de Selena Gomez se produce apenas unos d\u00edas despu\u00e9s de que se filtraran los detalles del acuerdo prenupcial que habr\u00eda firmado junto Benny Blanco antes de casarse para blindar la fortuna que ha amasado durante a\u00f1os de trabajo arduo.<\/p>\n<p> <img src=\"https:\/\/www.europesays.com\/es\/wp-content\/uploads\/2025\/10\/fc9e52283a1c-554356250186287461780197241448940122183605835n.jpg\"   width=\"1024\" height=\"948\" loading=\"lazy\" decoding=\"async\" alt=\"Selena Gomez y Benny Blanco se casaron el pasado 27 de septiembre en California.\" fetchpriority=\"auto\" class=\"image ho-image\"\/>\u00a9 Instagram @selenagomezSelena Gomez y Benny Blanco firmaron un prenup antes de casarse.<\/p>\n<p id=\"ewxcLJXsXU9\" data-wc=\"81\">Seg\u00fan revel\u00f3 el periodista <strong>Rob Shuter<\/strong>, la int\u00e9rprete solicit\u00f3 <strong>un acuerdo prenupcial \u201cs\u00f3lido, bien detallado y blindado\u201d<\/strong>, en el que quedara claro que su imperio art\u00edstico y empresarial seguir\u00eda bajo su control. Adem\u00e1s de sus ingresos por la m\u00fasica y la actuaci\u00f3n, Selena tiene una cuantiosa fortuna gracias a Rare Beauty, su exitosa marca de maquillaje. Se estima que en la riqueza de ella asciende a mil 300 millones de d\u00f3lares, mientras que el de su marido ronda los 50 millones.<\/p>\n<p> <img src=\"https:\/\/www.europesays.com\/es\/wp-content\/uploads\/2025\/10\/168dc6fbd7ff-gettyimages-2192043341.jpg\"   width=\"1024\" height=\"731\" loading=\"lazy\" decoding=\"async\" alt=\"La int\u00e9rprete ha sido muy espec\u00edfica sobre las clausulas de su 'prenup', pues busca proteger su legado art\u00edstico y empresarial\" fetchpriority=\"auto\" class=\"image ho-image\"\/>\u00a9 Getty ImagesSelena Gomez habr\u00eda blindado su fortuna antes de su boda.<\/p>\n<p id=\"etHC5lW97nM\" data-wc=\"40\">Si bien ninguno de los reci\u00e9n casados se ha pronunciado sobre su comentado prenup, se ha reportado que Benny no objet\u00f3 en lo absoluto a la hora de firmar, pues entendi\u00f3 que era algo necesario y un acto de madurez.<\/p>\n","protected":false},"excerpt":{"rendered":"Han pasado casi dos semanas desde que Selena Gomez vivi\u00f3 uno de los momentos m\u00e1s especiales de su&hellip;\n","protected":false},"author":2,"featured_media":169359,"comment_status":"","ping_status":"","sticky":false,"template":"","format":"standard","meta":{"footnotes":""},"categories":[174],"tags":[517,3164,255,146,147,25,24,256,3204,23],"class_list":{"0":"post-169358","1":"post","2":"type-post","3":"status-publish","4":"format-standard","5":"has-post-thumbnail","7":"category-famosos","8":"tag-actualidad","9":"tag-bodas","10":"tag-celebrities","11":"tag-entertainment","12":"tag-entretenimiento","13":"tag-es","14":"tag-espana","15":"tag-famosos","16":"tag-selena-gomez","17":"tag-spain"},"share_on_mastodon":{"url":"","error":""},"_links":{"self":[{"href":"https:\/\/www.europesays.com\/es\/wp-json\/wp\/v2\/posts\/169358","targetHints":{"allow":["GET"]}}],"collection":[{"href":"https:\/\/www.europesays.com\/es\/wp-json\/wp\/v2\/posts"}],"about":[{"href":"https:\/\/www.europesays.com\/es\/wp-json\/wp\/v2\/types\/post"}],"author":[{"embeddable":true,"href":"https:\/\/www.europesays.com\/es\/wp-json\/wp\/v2\/users\/2"}],"replies":[{"embeddable":true,"href":"https:\/\/www.europesays.com\/es\/wp-json\/wp\/v2\/comments?post=169358"}],"version-history":[{"count":0,"href":"https:\/\/www.europesays.com\/es\/wp-json\/wp\/v2\/posts\/169358\/revisions"}],"wp:featuredmedia":[{"embeddable":true,"href":"https:\/\/www.europesays.com\/es\/wp-json\/wp\/v2\/media\/169359"}],"wp:attachment":[{"href":"https:\/\/www.europesays.com\/es\/wp-json\/wp\/v2\/media?parent=169358"}],"wp:term":[{"taxonomy":"category","embeddable":true,"href":"https:\/\/www.europesays.com\/es\/wp-json\/wp\/v2\/categories?post=169358"},{"taxonomy":"post_tag","embeddable":true,"href":"https:\/\/www.europesays.com\/es\/wp-json\/wp\/v2\/tags?post=169358"}],"curies":[{"name":"wp","href":"https:\/\/api.w.org\/{rel}","templated":true}]}}