{"id":169362,"date":"2025-10-11T10:19:22","date_gmt":"2025-10-11T10:19:22","guid":{"rendered":"https:\/\/www.europesays.com\/es\/169362\/"},"modified":"2025-10-11T10:19:22","modified_gmt":"2025-10-11T10:19:22","slug":"u-de-chile-invita-a-la-presentacion-del-libro-rompiendo-el-silencio-de-ninas-ninos-y-adolescentes","status":"publish","type":"post","link":"https:\/\/www.europesays.com\/es\/169362\/","title":{"rendered":"U. de Chile invita a la presentaci\u00f3n del libro \u201cRompiendo el silencio de ni\u00f1as, ni\u00f1os y adolescentes\u201d"},"content":{"rendered":"<p>U. de Chile invita a la presentaci\u00f3n del libro \u201cRompiendo el silencio\u00bb<\/p>\n<p>La obra literaria realizada por la Agrupaci\u00f3n de Familiares de Ejecutados Pol\u00edticos, contar\u00e1 con la presentaci\u00f3n de Amanda Jara, directora de la Fundaci\u00f3n V\u00edctor Jara; Claudio Duarte, acad\u00e9mico de la Facultad de Ciencias Sociales del plantel; y Alberto Espinoza, abogado especializado en derechos humanos.<\/p>\n<p>En un acto de memoria, reparaci\u00f3n y justicia, la <strong>Agrupaci\u00f3n de Familiares de Ejecutados Pol\u00edticos<\/strong>, la <strong>C\u00e1tedra de Derechos Humanos<\/strong> de la Vicerrector\u00eda de Extensi\u00f3n y Comunicaciones de la Universidad de Chile, y la Unidad de Cultura, Memoria y Derechos Humanos del Ministerio de las Culturas, las Artes y el Patrimonio invitan a la comunidad a la presentaci\u00f3n en Santiago del libro <strong>\u201cRompiendo el Silencio de ni\u00f1as, ni\u00f1os y adolescentes ejecutadas y ejecutados pol\u00edticos durante la dictadura civil militar: 1973-1990 Vol. II\u201d<\/strong> pr\u00f3xima a desarrollarse el martes 9 de septiembre a las 18:30 hrs. en la sala Elo\u00edsa D\u00edaz de la Casa Central de la Universidad de Chile.<\/p>\n<p>Este segundo volumen da continuidad al trabajo iniciado en la primera edici\u00f3n publicada en 2021, y surge desde el profundo deseo de las familias pertenecientes a la Agrupacion de Familiares de Ejecutados Pol\u00edticos de <strong>visibilizar a las infancias arrebatadas por la violencia pol\u00edtica de la dictadura.<\/strong> El libro recoge los testimonios, recuerdos y emociones en torno a la vida y a la p\u00e9rdida de ni\u00f1as, ni\u00f1os y adolescentes, reivindicando su memoria y dignidad.\u00a0<\/p>\n<p>En la ocasi\u00f3n, presentar\u00e1n el libro <strong>Amanda Jara<\/strong>, directora de la Fundaci\u00f3n V\u00edctor Jara; <strong>Claudio Duarte<\/strong>, profesor de la Facultad de Ciencias Sociales de la Universidad de Chile; y, <strong>Alberto Espinoza<\/strong>, abogado de derechos humanos. Adem\u00e1s, contaremos con la intervenci\u00f3n art\u00edstica de la actriz y cantante <strong>Carmen Prieto.<\/strong><\/p>\n<p>La publicaci\u00f3n y su presentaci\u00f3n son posibles gracias al apoyo de la Unidad de Cultura, Memoria y Derechos Humanos del Ministerio de las Culturas, las Artes y el Patrimonio; y la C\u00e1tedra de Derechos Humanos de la Vicerrector\u00eda de Extensi\u00f3n y Comunicaciones de la Universidad de Chile. Esta colaboraci\u00f3n reafirma el compromiso por la construcci\u00f3n de una memoria hist\u00f3rica, cr\u00edtica y transformadora.<\/p>\n<p>Sobre esta iniciativa, el director de Extensi\u00f3n de la Vicerrector\u00eda de Extensi\u00f3n y Comunicaciones de la Universidad de Chile,<strong> Fabi\u00e1n Retamal,<\/strong> apunta a que \u00abel compromiso que ha manifestado la Universidad de Chile en materia de derechos humanos se traduce a trav\u00e9s de diferentes acciones, y una de ellas, es visibilizar las historias que por a\u00f1os se han ocultado. En esta ocasi\u00f3n,<strong> tendremos la oportunidad de conocer el trabajo de investigaci\u00f3n que se hizo para dar a conocer los lamentables decesos de ni\u00f1os, ni\u00f1as y adolescentes ejecutados en dictadura\u00bb.<\/strong><\/p>\n<p>Asimismo, el coordinador de la C\u00e1tedra de Derechos Humanos, <strong>Claudio Nash<\/strong>, resalt\u00f3 que las iniciativas literarias impulsadas por la Universidad de Chile son cruciales para fortalecer la cultura democr\u00e1tica y de derechos humanos en el pa\u00eds. <strong>\u201cEsto es particularmente relevante en un momento donde las ideas negacionistas y autoritarias parecen estar imponi\u00e9ndose en el debate p\u00fablico\u201d.<\/strong><\/p>\n<p>En tanto, la presidenta de la Agrupaci\u00f3n de Familiares de Ejecutados Pol\u00edticos,<strong> Alicia Lira<\/strong>, se\u00f1al\u00f3 que la memoria en lo social y lo cultural de nuestro pa\u00eds son \u201csumamente importantes, porque se avanza hacia el futuro, <strong>se rescata lo que queda en ense\u00f1anza y se arreglan errores\u201d.<\/strong><\/p>\n<p>As\u00ed mismo, agreg\u00f3 que \u201cla memoria es fundamental, y para nosotros, los familiares de v\u00edctimas del terrorismo de Estado, de la dictadura civil y militar, la memoria cumple un rol fundamental de sensibilizar e informar, denunciar, porque <strong>a 52 a\u00f1os a\u00fan seguimos luchando por la medida de reparaci\u00f3n a los familiares y a las v\u00edctimas\u201d.<\/strong><\/p>\n<p>En tanto, <strong>Francia Jamett<\/strong>, coordinadora de la Unidad de Cultura, Memoria y Derechos Humanos del Ministerio de las Culturas, las Artes y el Patrimonio, relev\u00f3 la importancia de las universidades p\u00fablicas en su rol p\u00fablico para <strong>\u201cgenerar actos de reparaci\u00f3n simb\u00f3lica a trav\u00e9s de la historia de j\u00f3venes y ni\u00f1os, especialmente por quienes fueron v\u00edctimas de violaci\u00f3n de los derechos humanos\u201d.<\/strong><\/p>\n<p>Asimismo, agreg\u00f3 que \u201cesperamos que sea un lugar para el intercambio, para el reconocimiento y para que se fortalezca la memoria del pa\u00eds y que esta experiencia que ha dejado una huella tan profunda en el pa\u00eds no se vuelva a repetir\u201d.<\/p>\n<p>Se entregar\u00e1 un ejemplar a las personas inscritas en el formulario, disponible en el siguiente <a href=\"https:\/\/docs.google.com\/forms\/d\/e\/1FAIpQLSc1r5KIXyNGlS--63dPlIGXhmoEE2_dk-AIyRrhOitCrCmRyg\/viewform?usp=header\" rel=\"nofollow noopener\" target=\"_blank\">enlace<\/a>.<\/p>\n<p itemprop=\"sameAs\">&#13;<br \/>\n        \t\t\t\t\tSophia Cabrera, comunicaciones VEXCOM&#13;\n    \t\t\t\t\t<\/p>\n<p>\t\t\t\t\tPublicado el mi\u00e9rcoles 03 de septiembre de 2025<\/p>\n","protected":false},"excerpt":{"rendered":"U. de Chile invita a la presentaci\u00f3n del libro \u201cRompiendo el silencio\u00bb La obra literaria realizada por la&hellip;\n","protected":false},"author":2,"featured_media":169363,"comment_status":"","ping_status":"","sticky":false,"template":"","format":"standard","meta":{"footnotes":""},"categories":[172],"tags":[224,146,147,25,24,225,23],"class_list":{"0":"post-169362","1":"post","2":"type-post","3":"status-publish","4":"format-standard","5":"has-post-thumbnail","7":"category-libros","8":"tag-books","9":"tag-entertainment","10":"tag-entretenimiento","11":"tag-es","12":"tag-espana","13":"tag-libros","14":"tag-spain"},"share_on_mastodon":{"url":"","error":""},"_links":{"self":[{"href":"https:\/\/www.europesays.com\/es\/wp-json\/wp\/v2\/posts\/169362","targetHints":{"allow":["GET"]}}],"collection":[{"href":"https:\/\/www.europesays.com\/es\/wp-json\/wp\/v2\/posts"}],"about":[{"href":"https:\/\/www.europesays.com\/es\/wp-json\/wp\/v2\/types\/post"}],"author":[{"embeddable":true,"href":"https:\/\/www.europesays.com\/es\/wp-json\/wp\/v2\/users\/2"}],"replies":[{"embeddable":true,"href":"https:\/\/www.europesays.com\/es\/wp-json\/wp\/v2\/comments?post=169362"}],"version-history":[{"count":0,"href":"https:\/\/www.europesays.com\/es\/wp-json\/wp\/v2\/posts\/169362\/revisions"}],"wp:featuredmedia":[{"embeddable":true,"href":"https:\/\/www.europesays.com\/es\/wp-json\/wp\/v2\/media\/169363"}],"wp:attachment":[{"href":"https:\/\/www.europesays.com\/es\/wp-json\/wp\/v2\/media?parent=169362"}],"wp:term":[{"taxonomy":"category","embeddable":true,"href":"https:\/\/www.europesays.com\/es\/wp-json\/wp\/v2\/categories?post=169362"},{"taxonomy":"post_tag","embeddable":true,"href":"https:\/\/www.europesays.com\/es\/wp-json\/wp\/v2\/tags?post=169362"}],"curies":[{"name":"wp","href":"https:\/\/api.w.org\/{rel}","templated":true}]}}