{"id":169395,"date":"2025-10-11T10:41:15","date_gmt":"2025-10-11T10:41:15","guid":{"rendered":"https:\/\/www.europesays.com\/es\/169395\/"},"modified":"2025-10-11T10:41:15","modified_gmt":"2025-10-11T10:41:15","slug":"esta-espectacular-casa-en-mallorca-reinterpreta-la-arquitectura-tradicional-de-la-isla-gracias-a-sus-vigas-de-madera-a-la-vista-paredes-de-piedra-y-un-estilo-minimalista-moderno","status":"publish","type":"post","link":"https:\/\/www.europesays.com\/es\/169395\/","title":{"rendered":"Esta espectacular casa en Mallorca reinterpreta la arquitectura tradicional de la isla gracias a sus vigas de madera a la vista, paredes de piedra y un estilo minimalista moderno"},"content":{"rendered":"<p data-journey-content=\"true\" data-node-id=\"2\" class=\"body-dropcap css-z34acw emevuu60\">Construir una vivienda contempor\u00e1nea, moderna, pero inspirada en las casas de campo mallorquinas. Inventar espacios serenos, de <a href=\"https:\/\/www.elledecor.com\/es\/decoracion\/a34128778\/salones-estilo-minimalista-acogedor-decoracion-ideas\/\" target=\"_blank\" data-vars-ga-outbound-link=\"https:\/\/www.elledecor.com\/es\/decoracion\/a34128778\/salones-estilo-minimalista-acogedor-decoracion-ideas\/\" data-vars-ga-ux-element=\"Hyperlink\" data-vars-ga-call-to-action=\"dise\u00f1o minimalista pero c\u00e1lidos\" data-node-id=\"2.1\" class=\"body-link css-15fjk10 emevuu60\" rel=\"nofollow noopener\">dise\u00f1o minimalista pero c\u00e1lidos<\/a> y profundamente artesanales. <strong data-node-id=\"2.3\">Un proyecto donde se reaviva el recuerdo del pasado<\/strong> para darle al dise\u00f1o de hoy un car\u00e1cter aut\u00e9ntico. As\u00ed se podr\u00eda definir esta nueva residencia de <strong data-node-id=\"2.5\">500 m2<\/strong> proyectada por <strong data-node-id=\"2.7\">Angel Martin Studio<\/strong> en una finca al sur de Mallorca. Sus interiores, enmarcados con muros blancos, techos de vigas y algunas paredes en piedra, son el marco perfecto de una decoraci\u00f3n casi escultural y llena de matices donde entra en juego el poder y encanto de la artesan\u00eda. <\/p>\n<p><img draggable=\"true\" alt=\"una casa de campo en piedra, blanco y madera con decoracion minimal\" title=\"una casa de campo en piedra, blanco y madera con decoracion minimal\" loading=\"lazy\" width=\"1800\" height=\"1200\" decoding=\"async\" data-nimg=\"1\" style=\"color:transparent;width:100%;height:auto;\"   src=\"https:\/\/www.europesays.com\/es\/wp-content\/uploads\/2025\/10\/casa-campo-fachada-estudio-angel-martin-68d2ace244a97.jpg\" class=\"css-0 e1g79fud0\"\/><\/p>\n<p>silvia foz<\/p>\n<p><img draggable=\"true\" alt=\"una casa de campo en piedra, blanco y madera con decoracion minimal\" title=\"una casa de campo en piedra, blanco y madera con decoracion minimal\" loading=\"lazy\" width=\"1800\" height=\"1200\" decoding=\"async\" data-nimg=\"1\" style=\"color:transparent;width:100%;height:auto;\"   src=\"https:\/\/www.europesays.com\/es\/wp-content\/uploads\/2025\/10\/escaleras-angel-martin-studio-68d2aad0c6f55.jpg\" class=\"css-0 e1g79fud0\"\/><\/p>\n<p>silvia foz<\/p>\n<p><img draggable=\"true\" alt=\"una casa de campo mallorquina en blanco con decoracion minimal\" title=\"Una casa de campo mallorquina en blanco con decoracion minimal\" loading=\"lazy\" width=\"1800\" height=\"1200\" decoding=\"async\" data-nimg=\"1\" style=\"color:transparent;width:100%;height:auto;\"   src=\"https:\/\/www.europesays.com\/es\/wp-content\/uploads\/2025\/10\/recibidor-chimenea-estudio-angel-martin-68d2a82e288ca.jpg\" class=\"css-0 e1g79fud0\"\/><\/p>\n<p>silvia foz<\/p>\n<p data-journey-content=\"true\" data-node-id=\"8\" class=\"css-6wxqfj emevuu60\"><strong data-node-id=\"8.0\">Des Torrent<\/strong>, como as\u00ed se denomina, es una exclusiva vivienda unifamiliar de obra nueva en un <strong data-node-id=\"8.2\">terreno de 18.000 m2<\/strong>. En ella se recoge lo mejor de la tradici\u00f3n arquitect\u00f3nica de la isla para sumarlo a una visi\u00f3n actual. <strong data-node-id=\"8.4\">Su estructura cuenta con materiales que refuerzan la idea del <a href=\"https:\/\/www.elledecor.com\/es\/decoracion\/g46358911\/tendencias-decoracion-estilo-rustico\/\" target=\"_blank\" data-vars-ga-outbound-link=\"https:\/\/www.elledecor.com\/es\/decoracion\/g46358911\/tendencias-decoracion-estilo-rustico\/\" data-vars-ga-ux-element=\"Hyperlink\" data-vars-ga-call-to-action=\"Las mejores tendencias en decoraci\u00f3n de estilo r\u00fastico\" data-mrf-link=\"https:\/\/www.elledecor.com\/es\/decoracion\/g46358911\/tendencias-decoracion-estilo-rustico\/\" data-node-id=\"8.4.1\" class=\"body-link css-15fjk10 emevuu60\" rel=\"nofollow noopener\">estilo r\u00fastico moderno<\/a><\/strong>: piedra natural de travertino, suelos continuos naturales a base de pol\u00edmeros, maderas macizas, textiles ecol\u00f3gicos y tratamientos artesanales en pinturas. Los acabados, como los cantos rotos a martillo en ba\u00f1os, <a href=\"https:\/\/www.elledecor.com\/es\/decoracion\/g44699226\/cocina-armario-encimera-combinaciones\/\" target=\"_blank\" data-vars-ga-outbound-link=\"https:\/\/www.elledecor.com\/es\/decoracion\/g44699226\/cocina-armario-encimera-combinaciones\/\" data-vars-ga-ux-element=\"Hyperlink\" data-vars-ga-call-to-action=\"encimera de la cocina \" data-node-id=\"8.6\" class=\"body-link css-15fjk10 emevuu60\" rel=\"nofollow noopener\">encimera de la cocina <\/a>y chimeneas, dan car\u00e1cter a los espacios y subrayan la autenticidad del conjunto. Adem\u00e1s, el dise\u00f1o busca una <strong data-node-id=\"8.8\">conexi\u00f3n profunda con el entorno<\/strong>, potenciando el silencio, las texturas y sobre todo la luz mediterr\u00e1nea que se cuela por los cerramientos.<\/p>\n<p><img draggable=\"true\" alt=\"una casa de campo en piedra, blanco y madera con decoracion minimal\" title=\"una casa de campo en piedra, blanco y madera con decoracion minimal\" loading=\"lazy\" width=\"3072\" height=\"2048\" decoding=\"async\" data-nimg=\"1\" style=\"color:transparent;width:100%;height:auto;\"   src=\"https:\/\/www.europesays.com\/es\/wp-content\/uploads\/2025\/10\/rustico-moderno-comedor-techos-estudio-angel-martin-68d2aa01737ab.jpg\" class=\"css-0 e1g79fud0\"\/><\/p>\n<p>silvia foz<\/p>\n<p><img draggable=\"true\" alt=\"una casa de campo en piedra, blanco y madera con decoracion minimal\" title=\"una casa de campo en piedra, blanco y madera con decoracion minimal\" loading=\"lazy\" width=\"1200\" height=\"1800\" decoding=\"async\" data-nimg=\"1\" style=\"color:transparent;width:100%;height:auto;\"   src=\"https:\/\/www.europesays.com\/es\/wp-content\/uploads\/2025\/10\/comedor-angel-martin-studio-68d2ab14ecc77.jpg\" class=\"css-0 e1g79fud0\"\/><\/p>\n<p>silvia foz<\/p>\n<p><img draggable=\"true\" alt=\"una casa de campo en piedra, blanco y madera con decoracion minimal\" title=\"una casa de campo en piedra, blanco y madera con decoracion minimal\" loading=\"lazy\" width=\"1200\" height=\"1800\" decoding=\"async\" data-nimg=\"1\" style=\"color:transparent;width:100%;height:auto;\"   src=\"https:\/\/www.europesays.com\/es\/wp-content\/uploads\/2025\/10\/cocina-comedor-blanco-estudio-angel-martin-68d2abc9265b0.jpg\" class=\"css-0 e1g79fud0\"\/><\/p>\n<p>silvia foz<\/p>\n<p><img draggable=\"true\" alt=\"una casa de campo en piedra, blanco y madera con decoracion minimal\" title=\"una casa de campo en piedra, blanco y madera con decoracion minimal\" loading=\"lazy\" width=\"1200\" height=\"1800\" decoding=\"async\" data-nimg=\"1\" style=\"color:transparent;width:100%;height:auto;\"   src=\"https:\/\/www.europesays.com\/es\/wp-content\/uploads\/2025\/10\/cocina-angel-martin-studio-68d2ac2ef04da.jpg\" class=\"css-0 e1g79fud0\"\/><\/p>\n<p>silvia foz<\/p>\n<p><img draggable=\"true\" alt=\"una casa de campo en piedra, blanco y madera con decoracion minimal\" title=\"una casa de campo en piedra, blanco y madera con decoracion minimal\" loading=\"lazy\" width=\"1200\" height=\"1800\" decoding=\"async\" data-nimg=\"1\" style=\"color:transparent;width:100%;height:auto;\"   src=\"https:\/\/www.europesays.com\/es\/wp-content\/uploads\/2025\/10\/encimera-piedra-angel-martin-studio-68d2aca3a4fda.jpg\" class=\"css-0 e1g79fud0\"\/><\/p>\n<p>silvia foz<\/p>\n<p data-journey-content=\"true\" data-node-id=\"15\" class=\"css-6wxqfj emevuu60\">La casa cuenta con tres plantas, donde se organizan cinco habitaciones, <strong data-node-id=\"15.1\">dos <\/strong><strong data-node-id=\"15.2\"><a href=\"https:\/\/www.elledecor.com\/es\/decoracion\/a35370370\/salones-chimenea-ideas-tendencias-inspiracion\/\" target=\"_blank\" data-vars-ga-outbound-link=\"https:\/\/www.elledecor.com\/es\/decoracion\/a35370370\/salones-chimenea-ideas-tendencias-inspiracion\/\" data-vars-ga-ux-element=\"Hyperlink\" data-vars-ga-call-to-action=\"salones con chimenea\" data-node-id=\"15.2.0\" class=\"body-link css-15fjk10 emevuu60\" rel=\"nofollow noopener\">salones con chimenea<\/a><\/strong><strong data-node-id=\"15.3\"\/>, ocho ba\u00f1os, una vinoteca  e incluso un<strong data-node-id=\"15.5\"> spa<\/strong>. Se podr\u00eda decir que es una <strong data-node-id=\"15.7\">vivienda de autor con interiorismo de lujo <\/strong>integrada en el entorno. Sus espacios, tanto sociales como privados, muestran una escenograf\u00eda serena donde el blanco parece ba\u00f1ar todo. Sus paredes, con un acabado artesanal r\u00fastico se presentan como el lienzo perfecto para una decoraci\u00f3n que se apoya en <strong data-node-id=\"15.9\">muebles a medida<\/strong>, dise\u00f1ados por Angel Martin Studio, por <strong data-node-id=\"15.11\">cer\u00e1micas locales, textiles neutros y piezas \u00fanicas de artistas mallorquines <\/strong>que aportan serenidad y autenticidad: \u00abQuer\u00edamos crear un espacio que no solo se habitara, sino que se sintiera profundamente. Un hogar que hablara de la tierra, del tiempo y de lo aut\u00e9ntico. Que cada textura, cada pieza y cada silencio contaran su propia historia\u00bb comenta Angel Martin, director del proyecto.<\/p>\n<p><img draggable=\"true\" alt=\"una casa de campo en piedra, blanco y madera con decoracion minimal\" title=\"una casa de campo en piedra, blanco y madera con decoracion minimal\" loading=\"lazy\" width=\"1800\" height=\"1200\" decoding=\"async\" data-nimg=\"1\" style=\"color:transparent;width:100%;height:auto;\"   src=\"https:\/\/www.europesays.com\/es\/wp-content\/uploads\/2025\/10\/dormitorio-rustico-moderno-armarios-estudio-angel-martin-68d2ad1159400.jpg\" class=\"css-0 e1g79fud0\"\/><\/p>\n<p>silvia foz<\/p>\n<p><img draggable=\"true\" alt=\"una casa de campo en piedra, blanco y madera con decoracion minimal\" title=\"una casa de campo en piedra, blanco y madera con decoracion minimal\" loading=\"lazy\" width=\"1200\" height=\"1800\" decoding=\"async\" data-nimg=\"1\" style=\"color:transparent;width:100%;height:auto;\"   src=\"https:\/\/www.europesays.com\/es\/wp-content\/uploads\/2025\/10\/puertas-aseo-ducha-angel-martin-studio-68d2ad6c0b332.jpg\" class=\"css-0 e1g79fud0\"\/><\/p>\n<p>silvia foz<\/p>\n<p><img draggable=\"true\" alt=\"una casa de campo en piedra, blanco y madera con decoracion minimal\" title=\"una casa de campo en piedra, blanco y madera con decoracion minimal\" loading=\"lazy\" width=\"1800\" height=\"1200\" decoding=\"async\" data-nimg=\"1\" style=\"color:transparent;width:100%;height:auto;\"   src=\"https:\/\/www.europesays.com\/es\/wp-content\/uploads\/2025\/10\/ban-era-estudio-angel-martin-68d2ada648be7.jpg\" class=\"css-0 e1g79fud0\"\/><\/p>\n<p>silvia foz<\/p>\n<p data-journey-content=\"true\" data-node-id=\"22\" class=\"css-6wxqfj emevuu60\">(Construcci\u00f3n: CONSFUTUR; Arquitecto firmante: Miquel Mascar\u00f2).<br data-node-id=\"22.1.0\"\/><\/p>\n<p data-journey-content=\"true\" data-node-id=\"24\" class=\"css-6wxqfj emevuu60\"><a href=\"https:\/\/angelmartin.studio\/\" target=\"_blank\" rel=\"nofollow noopener\" data-vars-ga-outbound-link=\"https:\/\/angelmartin.studio\/\" data-vars-ga-ux-element=\"Hyperlink\" data-vars-ga-call-to-action=\"www.angelmartin.studio\" data-node-id=\"24.0.0\" class=\"body-link css-15fjk10 emevuu60\">www.angelmartin.studio<\/a> <\/p>\n<p><img src=\"https:\/\/www.europesays.com\/es\/wp-content\/uploads\/2025\/10\/1760179275_67_882c5372-60ec-4b62-a60a-c341658650f9_1660891498.file\" alt=\"Headshot of Gema Marcos\" title=\"Headshot of Gema Marcos\" width=\"100%\" height=\"100%\" decoding=\"async\" loading=\"lazy\" class=\"css-o0wq4v ev8dhu53\"\/><\/p>\n<p>\u00a0Gema Marcos es periodista y est\u00e1 especializada en temas de decoraci\u00f3n, dise\u00f1o, arquitectura y hoteles. Licenciada en Ciencia de la Informaci\u00f3n por la Universidad Complutense de Madrid, ha trabajado muchos a\u00f1os en la redacci\u00f3n de revistas de interiorismo y estilo de vida.\u00a0<\/p>\n<p>\u00a0En la cabecera Nuevo Estilo es donde se form\u00f3 y adquiri\u00f3 sus conocimientos sobre el mundo de interiores. Entrevistar a decoradores y arquitectos del panorama nacional, viajar a las ferias europeas de dise\u00f1o y acudir cada semana a ruedas de prensa de las marcas de muebles le ayudaron a conocer m\u00e1s a fondo el mundo del interiorismo. Adem\u00e1s tuvo la suerte de coordinar la secci\u00f3n hoteles de esa revista, lo que le permiti\u00f3 entender mejor el funcionamiento y la puesta en escena de algunos de los mejores hoteles de Espa\u00f1a y Europa.\u00a0<\/p>\n<p>\u00a0Actualmente es freelance y colabora para nuestras revistas Elle Decor y Nuevo Estilo, adem\u00e1s de llevar la comunicaci\u00f3n y difusi\u00f3n en medios de algunos estudios de interiorismo nacionales. Le gusta su trabajo y disfruta escribiendo sobre proyectos de viviendas, contract, artesan\u00eda y viajes. En realidad el mundo de la decoraci\u00f3n le ha atra\u00eddo desde que era peque\u00f1a&#8230; Sabe que rodearse de cosas bonitas es algo esencial para estar contentos cada d\u00eda.\u00a0<\/p>\n<p>\u00a0Gema se divierte descubriendo nuevos alojamientos y localizando objetos curiosos en tiendas y almonedas que le inspiran, adem\u00e1s, a la hora de escribir. Le encanta cambiar y mover los muebles de casa cada dos por tres, encender la chimenea, pasar horas en la cocina y abrir un vino en compa\u00f1\u00eda. Prefiere el invierno al verano y le gustan m\u00e1s los potajes que el gazpacho. Su lugar favorito es Villarrube, su pueblecito materno.\u00a0<\/p>\n","protected":false},"excerpt":{"rendered":"Construir una vivienda contempor\u00e1nea, moderna, pero inspirada en las casas de campo mallorquinas. Inventar espacios serenos, de dise\u00f1o&hellip;\n","protected":false},"author":2,"featured_media":169396,"comment_status":"","ping_status":"","sticky":false,"template":"","format":"standard","meta":{"footnotes":""},"categories":[173],"tags":[229,233,231,230,232,253,234,146,147,25,24,23],"class_list":{"0":"post-169395","1":"post","2":"type-post","3":"status-publish","4":"format-standard","5":"has-post-thumbnail","7":"category-arte-y-diseno","8":"tag-arte","9":"tag-arte-y-diseno","10":"tag-arts","11":"tag-arts-and-design","12":"tag-design","13":"tag-discover","14":"tag-diseno","15":"tag-entertainment","16":"tag-entretenimiento","17":"tag-es","18":"tag-espana","19":"tag-spain"},"share_on_mastodon":{"url":"","error":""},"_links":{"self":[{"href":"https:\/\/www.europesays.com\/es\/wp-json\/wp\/v2\/posts\/169395","targetHints":{"allow":["GET"]}}],"collection":[{"href":"https:\/\/www.europesays.com\/es\/wp-json\/wp\/v2\/posts"}],"about":[{"href":"https:\/\/www.europesays.com\/es\/wp-json\/wp\/v2\/types\/post"}],"author":[{"embeddable":true,"href":"https:\/\/www.europesays.com\/es\/wp-json\/wp\/v2\/users\/2"}],"replies":[{"embeddable":true,"href":"https:\/\/www.europesays.com\/es\/wp-json\/wp\/v2\/comments?post=169395"}],"version-history":[{"count":0,"href":"https:\/\/www.europesays.com\/es\/wp-json\/wp\/v2\/posts\/169395\/revisions"}],"wp:featuredmedia":[{"embeddable":true,"href":"https:\/\/www.europesays.com\/es\/wp-json\/wp\/v2\/media\/169396"}],"wp:attachment":[{"href":"https:\/\/www.europesays.com\/es\/wp-json\/wp\/v2\/media?parent=169395"}],"wp:term":[{"taxonomy":"category","embeddable":true,"href":"https:\/\/www.europesays.com\/es\/wp-json\/wp\/v2\/categories?post=169395"},{"taxonomy":"post_tag","embeddable":true,"href":"https:\/\/www.europesays.com\/es\/wp-json\/wp\/v2\/tags?post=169395"}],"curies":[{"name":"wp","href":"https:\/\/api.w.org\/{rel}","templated":true}]}}