{"id":169413,"date":"2025-10-11T10:51:08","date_gmt":"2025-10-11T10:51:08","guid":{"rendered":"https:\/\/www.europesays.com\/es\/169413\/"},"modified":"2025-10-11T10:51:08","modified_gmt":"2025-10-11T10:51:08","slug":"marwan-bargouthi-fuera-del-intercambio-de-prisioneros-en-palestina-el-salto","status":"publish","type":"post","link":"https:\/\/www.europesays.com\/es\/169413\/","title":{"rendered":"Marwan Bargouthi, fuera del intercambio de prisioneros en Palestina &#8211; El Salto"},"content":{"rendered":"<ol>\n<li><a href=\"https:\/\/news.google.com\/rss\/articles\/CBMiogFBVV95cUxPZjNtM2ZRa2ZpODdXTXdZdDRfdGNCUzVnT01ITTJacXNib1ItUzdWVWhPLV9kSHlzUXdXYzlvZXRPc1JGMVlRT1hpUWxydktMTkJGTFJud3dmS2U1YXR5eE1tTzVXZGRsNmNwaXZ5elFBTmNCNW9pZzk0ZDN0QTBQbm85MmZQczQySFFmUmZKTnRadl8zZWMwZWdOTkdOamRfUEE?oc=5\" target=\"_blank\" rel=\"nofollow noopener\">Marwan Bargouthi, fuera del intercambio de prisioneros en Palestina<\/a>&nbsp;&nbsp;El Salto<\/li>\n<li><a href=\"https:\/\/news.google.com\/rss\/articles\/CBMitgFBVV95cUxQUzVSbjNXTkhVNUMwTl9XdGNvNG9kYks0LVVIRldwa1JLSG50OHc4UzNNUVE3QjU2dGpyekx2V1luMVV1Y3BlOTZkY0gyOUc3QzdqV2lreGRUdDlVRzlPcEVpcVR0SlRNVFpHcDBfSlRQZVJxUkJrcE53aS1aN0RxeUxhX01QUFpPaDJUb0Z5emNGcFBVV2sySE4wOWtwVzk0Nld4Q3dMSzlUNWdOTjdZLUltNDdpUdIBtgFBVV95cUxOcXE0VGxOVVBZTE5FUjlJbWdQR1pVbERqTlNTOURUcXRzM1p2V1BJNVZZekdtbVJnLW0tRXItMmptY3UzSUI0aFpKdlNkQVJMZkJYemI3OE9rM1l0OGZqMl9RYnZhRWtjVllNMk0tSVJfNk5vWlNnaFdKME40Yl9OWXhzTTU3ZXdfZ24zSDNfLTZaZFJGcjZIZVlHM3VfOWc2aHozTlB4ZFlUVVhSSm9uMmdZc0xwZw?oc=5\" target=\"_blank\" rel=\"nofollow noopener\">Miles de presos palestinos a cambio de 48 rehenes: estos son los prisioneros que Israel pondr\u00e1 en libertad<\/a>&nbsp;&nbsp;RTVE.es<\/li>\n<li><a href=\"https:\/\/news.google.com\/rss\/articles\/CBMinAFBVV95cUxOYnNFVnpIOFprNnRPUFltMVFhVjVvM0FJdUpWeFFtOUdoNmxWdUQ0dG1FdWdLN1RCdjZsY1pFYlNqNUlmV2pqOTEzZThrOGYzbWs5b0JTbjVVYW00bFJ1OHViMk5icUNmdWRVZmZiU2FoV3RQbHhBbktZVERiSGYtUzVPUjdqOWI4V0kzYU5HTkMyVTBLSE5kN2lLeU0?oc=5\" target=\"_blank\" rel=\"nofollow noopener\">La unidad palestina seguir\u00e1 entre rejas<\/a>&nbsp;&nbsp;La Vanguardia<\/li>\n<li><a href=\"https:\/\/news.google.com\/rss\/articles\/CBMi_wFBVV95cUxOSnA1TER2ZWxGNjRlUmpSX0lqTzl6amN5ZkFOeTM1OW1pM2Zld2lvUEcwSTdqT21oTG9PaEVyOVVRZVFSQUIzMl9sT2N0eWxVMnNWUWQtNnh3bUdjRWZZMFhkYWttUHQwcnktamY1SU1CTHZhRVN3NlFJNG9UNWxjUU9vLTd0bkc4S1FwNzJhOWtvakJfVTRrSzJXN05DRFA4UkFYR21MUHdaNlNZaDJOczU4YTRlempRNVltX0pWSkFTRnZyN3hhU2RFT3FTTW1XWjJhblFQMVc0WEppbExSdlRzeEU1Nm5xNlhvMkZ4WW5CdnFhOWlnaWp4SkFOeGs?oc=5\" target=\"_blank\" rel=\"nofollow noopener\">Marwan Barghouti: as\u00ed es el reo palestino que Ham\u00e1s no ha conseguido que Israel libere y que supon\u00eda un escollo en el camino a la paz<\/a>&nbsp;&nbsp;20Minutos<\/li>\n<li><a href=\"https:\/\/news.google.com\/rss\/articles\/CBMiowFBVV95cUxQbVFROTFuZ3VFaXN3N2NjZWt4dnhHVmQzV2d3Yjg2a3l0RnRsV0ZQNHk1b3lqNGlndC1qbV9UZm1JUzh0WDVzaXFKOWxMY0hwa0JETk1UOXA2d19rQzVteUkxVDQ2U2VuM0VRS2ZNMEYyenVBRDdLeVI2cUc4V3YwUXBlX3NzcGpOaGtZY2piM3pnOGZ6RjhQd1ByT3ZMdWxBdXNN?oc=5\" target=\"_blank\" rel=\"nofollow noopener\">\u00bfQu\u00e9 har\u00eda el l\u00edder m\u00e1s popular de los palestinos si fuera liberado?<\/a>&nbsp;&nbsp;Euronews.com<\/li>\n<\/ol>\n","protected":false},"excerpt":{"rendered":"Marwan Bargouthi, fuera del intercambio de prisioneros en Palestina&nbsp;&nbsp;El Salto Miles de presos palestinos a cambio de 48&hellip;\n","protected":false},"author":2,"featured_media":169414,"comment_status":"","ping_status":"","sticky":false,"template":"","format":"standard","meta":{"footnotes":""},"categories":[42],"tags":[17,18,13,14,4975,11,61,62,63,64,19,20,9,10,15,16,24263,12,21,22,65,66,67],"class_list":{"0":"post-169413","1":"post","2":"type-post","3":"status-publish","4":"format-standard","5":"has-post-thumbnail","7":"category-internacional","8":"tag-breaking-news","9":"tag-breakingnews","10":"tag-featured-news","11":"tag-featurednews","12":"tag-global","13":"tag-headlines","14":"tag-internacional","15":"tag-international","16":"tag-international-news","17":"tag-internationalnews","18":"tag-latest-news","19":"tag-latestnews","20":"tag-news","21":"tag-noticias","22":"tag-noticias-destacadas","23":"tag-noticiasdestacadas","24":"tag-ocupacion-israeli","25":"tag-titulares","26":"tag-ultimas-noticias","27":"tag-ultimasnoticias","28":"tag-world","29":"tag-world-news","30":"tag-worldnews"},"share_on_mastodon":{"url":"","error":""},"_links":{"self":[{"href":"https:\/\/www.europesays.com\/es\/wp-json\/wp\/v2\/posts\/169413","targetHints":{"allow":["GET"]}}],"collection":[{"href":"https:\/\/www.europesays.com\/es\/wp-json\/wp\/v2\/posts"}],"about":[{"href":"https:\/\/www.europesays.com\/es\/wp-json\/wp\/v2\/types\/post"}],"author":[{"embeddable":true,"href":"https:\/\/www.europesays.com\/es\/wp-json\/wp\/v2\/users\/2"}],"replies":[{"embeddable":true,"href":"https:\/\/www.europesays.com\/es\/wp-json\/wp\/v2\/comments?post=169413"}],"version-history":[{"count":0,"href":"https:\/\/www.europesays.com\/es\/wp-json\/wp\/v2\/posts\/169413\/revisions"}],"wp:featuredmedia":[{"embeddable":true,"href":"https:\/\/www.europesays.com\/es\/wp-json\/wp\/v2\/media\/169414"}],"wp:attachment":[{"href":"https:\/\/www.europesays.com\/es\/wp-json\/wp\/v2\/media?parent=169413"}],"wp:term":[{"taxonomy":"category","embeddable":true,"href":"https:\/\/www.europesays.com\/es\/wp-json\/wp\/v2\/categories?post=169413"},{"taxonomy":"post_tag","embeddable":true,"href":"https:\/\/www.europesays.com\/es\/wp-json\/wp\/v2\/tags?post=169413"}],"curies":[{"name":"wp","href":"https:\/\/api.w.org\/{rel}","templated":true}]}}