{"id":169418,"date":"2025-10-11T10:54:08","date_gmt":"2025-10-11T10:54:08","guid":{"rendered":"https:\/\/www.europesays.com\/es\/169418\/"},"modified":"2025-10-11T10:54:08","modified_gmt":"2025-10-11T10:54:08","slug":"sera-un-partido-de-tu-a-tu","status":"publish","type":"post","link":"https:\/\/www.europesays.com\/es\/169418\/","title":{"rendered":"Ser\u00e1 un partido de t\u00fa a t\u00fa"},"content":{"rendered":"<p data-gtm-element-container=\"modulo-texto-link\" class=\"paragraph\">El extremo del Bar\u00e7a <strong>Dani Fern\u00e1ndez<\/strong> se\u00f1al\u00f3, en v\u00edsperas del derbi catal\u00e1n de este domingo (20:30h) ante el Fraikin Granollers, que <strong>ser\u00e1 \u00abun partido de t\u00fa a t\u00fa\u00bb y que el conjunto azulgrana necesitar\u00e1 \u00absu mejor versi\u00f3n\u00bb<\/strong> para sumar un triunfo que, con un partido menos, les permita reengancharse a la lucha por el liderato.<\/p>\n<p data-gtm-element-container=\"modulo-texto-link\" class=\"paragraph\">\u00abEs un rival que siempre nos ha costado mucho ganar. <strong>Ser\u00e1 un partido de t\u00fa a t\u00fa, con un Granollers arriba en la clasificaci\u00f3n, responsabilidad m\u00e1xima y conciencia total<\/strong> de que ser\u00e1 un partido muy complicado\u00bb, apunt\u00f3 el internacional espa\u00f1ol a EFE en un encuentro promocional junto al extremo del Fraikin Granollers Sergi Franco.<\/p>\n<p data-gtm-element-container=\"modulo-texto-link\" class=\"paragraph\">Fern\u00e1ndez, formado durante seis temporadas en la cantera azulgrana y que regres\u00f3 este verano tras sus etapas en el Cangas y en el Stuttgart alem\u00e1n, <strong>reconoci\u00f3 que \u00abvolver siempre fue una opci\u00f3n\u00bb desde que dej\u00f3 el Bar\u00e7a<\/strong> al final de la temporada 2019-20.<\/p>\n<p data-gtm-element-container=\"modulo-texto-link\" class=\"paragraph\">\u00ab<strong>Estoy muy feliz de estar aqu\u00ed en casa. Para m\u00ed la familia es muy importante<\/strong>, poder tener esta suerte de jugar al m\u00e1ximo nivel, luchar por todas las competiciones al lado de casa y al lado de mi gente, pues es algo que me hace muy feliz y que me ilusiona\u00bb, afirm\u00f3.<\/p>\n<p data-gtm-element-container=\"modulo-texto-link\" class=\"paragraph\">Agradecido por poder representar al \u00abclub referente\u00bb del balonmano espa\u00f1ol, Fern\u00e1ndez destac\u00f3 la importancia de la conquista del Mundial de Clubes (antigua Super Globe), un t\u00edtulo que el Bar\u00e7a no ganaba desde hac\u00eda seis a\u00f1os, y que aporta \u00abconfianza\u00bb para afrontar los pr\u00f3ximos retos, tanto en Europa como en la Liga ASOBAL.<\/p>\n<p data-gtm-element-container=\"modulo-texto-link\" class=\"paragraph\">En cuanto al derbi catal\u00e1n, el jugador vallesano<strong> elogi\u00f3 al Fraikin Granollers, un rival que, seg\u00fan reconoci\u00f3, \u00abest\u00e1 haciendo las cosas muy bien\u00bb<\/strong>, tanto en lo deportivo, con pleno de victorias, como en la promoci\u00f3n del partido.<\/p>\n<p data-gtm-element-container=\"modulo-texto-link\" class=\"paragraph\">\u00abYa llevan dos o tres derbis con un Palau d&#8217;Esports de Granollers lleno, fomentando un partidazo como el que va a ser el del domingo. <strong>Aqu\u00ed, en Catalunya, contra el eterno rival, un rival que siempre nos ha costado mucho ganar<\/strong>. Como jugador, la verdad es que no puedes pedir m\u00e1s\u00bb, explic\u00f3.<\/p>\n<p data-gtm-element-container=\"modulo-texto-link\" class=\"paragraph\">Por su parte, el extremo del Fraikin Granollers, Sergi Franco, subray\u00f3 que, tras un verano con muchos cambios en la plantilla, el equipo se encuentra \u00aben una l\u00ednea ascendente muy clara\u00bb, segundo clasificado provisionalmente a un punto del Bidasoa Ir\u00fan, que tiene un partido m\u00e1s.<\/p>\n<p data-gtm-element-container=\"modulo-texto-link\" class=\"paragraph\">En su opini\u00f3n, gran parte del m\u00e9rito radica en un vestuario \u00abmuy unido\u00bb, que, pese a la ausencia de un referente como Antonio Garc\u00eda \u2014retirado este verano\u2014, ha sabido repartirse las responsabilidades. \u00abEntre todos nos vamos apoyando. Todo el mundo puede aportar lo que \u00e9l siente en el momento\u00bb, explic\u00f3.<\/p>\n<p data-gtm-element-container=\"modulo-texto-link\" class=\"paragraph\">El conjunto vallesano buscar\u00e1 reeditar este domingo el triunfo de la pasada temporada, cuando se impuso por 30-31 en el Palau Blaugrana, que a su vez signific\u00f3 la primera derrota del Bar\u00e7a en la Liga ASOBAL despu\u00e9s de cuatro a\u00f1os y retras\u00f3 su alir\u00f3n liguero.<\/p>\n<p data-gtm-element-container=\"modulo-texto-link\" class=\"paragraph\">Franco reconoci\u00f3 que, para tener \u00abopciones de ganar\u00bb, deber\u00e1n \u00abrozar la perfecci\u00f3n\u00bb y mantener \u00abla misma l\u00ednea\u00bb de su \u00faltimo encuentro, igualando la intensidad azulgrana y sabiendo \u00abestar en el partido en todo momento\u00bb.<\/p>\n<p data-gtm-element-container=\"modulo-texto-link\" class=\"paragraph\">Finalmente, el jugador catal\u00e1n, que cumple su octava temporada en el Granollers, destac\u00f3 \u00abel potencial\u00bb de Marcos Fis, un joven de 18 a\u00f1os que, \u00abt\u00edmido y muy introvertido\u00bb, sorprendi\u00f3 con diez goles en su debut en la ASOBAL y comienza a abrirse paso en la \u00e9lite del balonmano.<\/p>\n<p data-gtm-element-container=\"modulo-texto-link\" class=\"paragraph\">\u00abEs una pasada. Es de esos jugadores que ves muy pocos d\u00edas. Cuando vino el primer d\u00eda era un chaval t\u00edmido, muy introvertido, pero el t\u00edo poco a poco se va soltando y es la ca\u00f1a. Es una excelente persona y seguro que le va a ir genial\u00bb, opin\u00f3.<\/p>\n","protected":false},"excerpt":{"rendered":"El extremo del Bar\u00e7a Dani Fern\u00e1ndez se\u00f1al\u00f3, en v\u00edsperas del derbi catal\u00e1n de este domingo (20:30h) ante el&hellip;\n","protected":false},"author":2,"featured_media":169419,"comment_status":"","ping_status":"","sticky":false,"template":"","format":"standard","meta":{"footnotes":""},"categories":[278],"tags":[376,168,25,24,375,23,167],"class_list":{"0":"post-169418","1":"post","2":"type-post","3":"status-publish","4":"format-standard","5":"has-post-thumbnail","7":"category-balonmano","8":"tag-balonmano","9":"tag-deportes","10":"tag-es","11":"tag-espana","12":"tag-handball","13":"tag-spain","14":"tag-sports"},"share_on_mastodon":{"url":"","error":""},"_links":{"self":[{"href":"https:\/\/www.europesays.com\/es\/wp-json\/wp\/v2\/posts\/169418","targetHints":{"allow":["GET"]}}],"collection":[{"href":"https:\/\/www.europesays.com\/es\/wp-json\/wp\/v2\/posts"}],"about":[{"href":"https:\/\/www.europesays.com\/es\/wp-json\/wp\/v2\/types\/post"}],"author":[{"embeddable":true,"href":"https:\/\/www.europesays.com\/es\/wp-json\/wp\/v2\/users\/2"}],"replies":[{"embeddable":true,"href":"https:\/\/www.europesays.com\/es\/wp-json\/wp\/v2\/comments?post=169418"}],"version-history":[{"count":0,"href":"https:\/\/www.europesays.com\/es\/wp-json\/wp\/v2\/posts\/169418\/revisions"}],"wp:featuredmedia":[{"embeddable":true,"href":"https:\/\/www.europesays.com\/es\/wp-json\/wp\/v2\/media\/169419"}],"wp:attachment":[{"href":"https:\/\/www.europesays.com\/es\/wp-json\/wp\/v2\/media?parent=169418"}],"wp:term":[{"taxonomy":"category","embeddable":true,"href":"https:\/\/www.europesays.com\/es\/wp-json\/wp\/v2\/categories?post=169418"},{"taxonomy":"post_tag","embeddable":true,"href":"https:\/\/www.europesays.com\/es\/wp-json\/wp\/v2\/tags?post=169418"}],"curies":[{"name":"wp","href":"https:\/\/api.w.org\/{rel}","templated":true}]}}