{"id":169420,"date":"2025-10-11T10:55:08","date_gmt":"2025-10-11T10:55:08","guid":{"rendered":"https:\/\/www.europesays.com\/es\/169420\/"},"modified":"2025-10-11T10:55:08","modified_gmt":"2025-10-11T10:55:08","slug":"festival-de-chinchon-avance-taurino","status":"publish","type":"post","link":"https:\/\/www.europesays.com\/es\/169420\/","title":{"rendered":"Festival de Chinch\u00f3n \u2013 Avance Taurino"},"content":{"rendered":"<p>Se celebrar\u00e1 el 19 de octubre.<\/p>\n<p>\u00a0<\/p>\n<p>El Alcalde de Chinch\u00f3n, Juan Antonio Vera, fue el encargado de presentar el cartel del tradicional festival de Chinch\u00f3n que se celebrar\u00e1 el pr\u00f3ximo 19 de octubre y que este a\u00f1o ser\u00e1 en homenaje al joven agricultor David Lafoz, fallecido y que fue un s\u00edmbolo de activismo en favor del campo y del mundo rural.<\/p>\n<p>En este festejo actuar\u00e1n Jos\u00e9 Ignacio Uceda Leal, Diego Urdiales, Juan Ortega, Pablo Aguado y los novilleros Aitor Fern\u00e1ndez y \u00c1lvaro Chinch\u00f3n.<\/p>\n<p>En el mismo acto se present\u00f3 la Final Mundial de Aficionados Pr\u00e1cticos, un certamen impulsado por la Federaci\u00f3n Internacional de Aficionados Pr\u00e1cticos, instituci\u00f3n con m\u00e1s de 15 a\u00f1os de trayectoria en la promoci\u00f3n de la tauromaquia.<\/p>\n<p>Bajo la modalidad de clase pr\u00e1ctica y con novillos de Campos Pe\u00f1a, el pr\u00f3ximo 18 de octubre actuar\u00e1n\u00a0 Carlos Allende (M\u00e9jico), Juan Sebasti\u00e1n Roldan (Ecuador), Oscar Anaya (Espa\u00f1a, Fco. Jos\u00e9 Roldan (Ecuador), Antonio Chavez (Mexico) y Guilleaume Teule (Francia). Los dos triunfadores del festejo, actuar\u00e1n en Clase Pr\u00e1ctica el d\u00eda 19 de octubre, tras la finalizaci\u00f3n del festival taurino.<\/p>\n","protected":false},"excerpt":{"rendered":"Se celebrar\u00e1 el 19 de octubre. \u00a0 El Alcalde de Chinch\u00f3n, Juan Antonio Vera, fue el encargado de&hellip;\n","protected":false},"author":2,"featured_media":169421,"comment_status":"","ping_status":"","sticky":false,"template":"","format":"standard","meta":{"footnotes":""},"categories":[277],"tags":[373,168,25,24,23,167,374],"class_list":{"0":"post-169420","1":"post","2":"type-post","3":"status-publish","4":"format-standard","5":"has-post-thumbnail","7":"category-toreo","8":"tag-bullfighting","9":"tag-deportes","10":"tag-es","11":"tag-espana","12":"tag-spain","13":"tag-sports","14":"tag-toreo"},"share_on_mastodon":{"url":"","error":""},"_links":{"self":[{"href":"https:\/\/www.europesays.com\/es\/wp-json\/wp\/v2\/posts\/169420","targetHints":{"allow":["GET"]}}],"collection":[{"href":"https:\/\/www.europesays.com\/es\/wp-json\/wp\/v2\/posts"}],"about":[{"href":"https:\/\/www.europesays.com\/es\/wp-json\/wp\/v2\/types\/post"}],"author":[{"embeddable":true,"href":"https:\/\/www.europesays.com\/es\/wp-json\/wp\/v2\/users\/2"}],"replies":[{"embeddable":true,"href":"https:\/\/www.europesays.com\/es\/wp-json\/wp\/v2\/comments?post=169420"}],"version-history":[{"count":0,"href":"https:\/\/www.europesays.com\/es\/wp-json\/wp\/v2\/posts\/169420\/revisions"}],"wp:featuredmedia":[{"embeddable":true,"href":"https:\/\/www.europesays.com\/es\/wp-json\/wp\/v2\/media\/169421"}],"wp:attachment":[{"href":"https:\/\/www.europesays.com\/es\/wp-json\/wp\/v2\/media?parent=169420"}],"wp:term":[{"taxonomy":"category","embeddable":true,"href":"https:\/\/www.europesays.com\/es\/wp-json\/wp\/v2\/categories?post=169420"},{"taxonomy":"post_tag","embeddable":true,"href":"https:\/\/www.europesays.com\/es\/wp-json\/wp\/v2\/tags?post=169420"}],"curies":[{"name":"wp","href":"https:\/\/api.w.org\/{rel}","templated":true}]}}