{"id":169430,"date":"2025-10-11T11:03:10","date_gmt":"2025-10-11T11:03:10","guid":{"rendered":"https:\/\/www.europesays.com\/es\/169430\/"},"modified":"2025-10-11T11:03:10","modified_gmt":"2025-10-11T11:03:10","slug":"julio-iglesias-comparte-un-gesto-familiar-inedito-de-su-82o-cumpleanos","status":"publish","type":"post","link":"https:\/\/www.europesays.com\/es\/169430\/","title":{"rendered":"Julio Iglesias comparte un gesto familiar in\u00e9dito de su 82\u00ba cumplea\u00f1os"},"content":{"rendered":"<p data-start=\"263\" data-end=\"947\"><a href=\"https:\/\/okdiario.com\/look\/actualidad\/julio-iglesias-envidia-preysler-ex-representante-confirma-era-otra-ocsa-2392528\" rel=\"nofollow noopener\" target=\"_blank\"><strong>Julio Iglesias<\/strong><\/a> celebr\u00f3 su <strong data-start=\"289\" data-end=\"307\">82\u00ba cumplea\u00f1os<\/strong> el pasado 23 de septiembre en un entorno \u00edntimo y familiar, alejado de los grandes homenajes y del ruido medi\u00e1tico que suele rodear a las figuras de su talla. Durante d\u00e9cadas, el cantante ha sido un maestro de la discreci\u00f3n, evitando redes sociales y limitando al m\u00e1ximo la exposici\u00f3n de su vida privada. Sin embargo, esta vez decidi\u00f3 compartir un gesto que le emocion\u00f3 profundamente y que refleja, de manera sencilla pero significativa, su v\u00ednculo familiar. El protagonista de este detalle fue su hijo <strong data-start=\"811\" data-end=\"833\">Julio Iglesias Jr.<\/strong>, quien le regal\u00f3 unas <strong data-start=\"856\" data-end=\"894\">zapatillas personalizadas de Suaji<\/strong>, la marca de calzado que \u00e9l mismo cofund\u00f3 en 2024.<\/p>\n<p data-start=\"949\" data-end=\"1543\">El modelo, <strong data-start=\"960\" data-end=\"972\">Haigh ST<\/strong>, destaca por su dise\u00f1o elegante y minimalista. De color blanco con detalles en gris, las zapatillas llevan el nombre \u00abJulio Iglesias\u00bb estampado en letra cursiva, un toque personal que convierte el regalo en mucho m\u00e1s que un simple par de calzado. La marca Suaji <a href=\"https:\/\/okdiario.com\/look\/actualidad\/parecen-adidas-pero-son-parfois-zapatillas-color-tendencia-que-no-te-vas-quitar-lo-que-queda-otono-2391000\" rel=\"nofollow noopener\" target=\"_blank\">combina inspiraci\u00f3n japonesa con producci\u00f3n 100% espa\u00f1ola<\/a>, y apuesta por materiales sostenibles que pueden reciclarse y reutilizarse, aportando un valor a\u00f1adido al gesto. En este contexto, las zapatillas no solo representan cari\u00f1o familiar, sino tambi\u00e9n estilo, innovaci\u00f3n y la cercan\u00eda entre padre e hijo.<\/p>\n<p>\n<img decoding=\"async\" loading=\"lazy\" class=\"size-full wp-image-2399828\" alt=\"Stories de Instagram de Julio Iglesias. (Foto: RRSS)\" width=\"1440\" height=\"2560\"  src=\"https:\/\/www.europesays.com\/es\/wp-content\/uploads\/2025\/09\/1758214691_923_placeholder.jpg\"  bad-src=\"https:\/\/www.europesays.com\/es\/wp-content\/uploads\/2025\/09\/1758214691_923_placeholder.jpg\"\/><\/p>\n<p><img decoding=\"async\" loading=\"lazy\" class=\"size-full wp-image-2399828\" src=\"https:\/\/www.europesays.com\/es\/wp-content\/uploads\/2025\/10\/1003743963299_259284516_960x1706-scaled.jpg\" alt=\"Stories de Instagram de Julio Iglesias. (Foto: RRSS)\" width=\"1440\" height=\"2560\"  \/><\/p>\n<p> Stories de Instagram de Julio Iglesias. (Foto: RRSS)\n<\/p>\n<p data-start=\"1545\" data-end=\"2088\">La publicaci\u00f3n de Julio Iglesias, que acompa\u00f1\u00f3 la imagen de las zapatillas con la frase \u00ab<strong data-start=\"1634\" data-end=\"1666\">Me encantaron las zapatillas\u00bb<\/strong>, sorprendi\u00f3 a sus seguidores. Durante a\u00f1os, el artista ha mantenido un perfil extremadamente reservado, evitando mostrar su d\u00eda a d\u00eda en redes sociales o detalles de su vida privada. Este gesto, sencillo en apariencia, revela un lado m\u00e1s \u00edntimo y afectuoso que rara vez se ve. El regalo refleja una relaci\u00f3n cercana con su hijo, una muestra de complicidad y afecto que trasciende el v\u00ednculo p\u00fablico que muchos conocen.<\/p>\n<p data-start=\"2090\" data-end=\"2762\">El cumplea\u00f1os, como es habitual, se celebr\u00f3 en la intimidad, reuniendo a los miembros de la familia seg\u00fan su disponibilidad y ubicaci\u00f3n. Los hijos de Julio Iglesias est\u00e1n repartidos por distintos lugares del mundo: las gemelas viven en Londres y Par\u00eds, mientras que Julio Jos\u00e9, Ch\u00e1beli y Miranda residen en Miami. Guillermo alterna su vida entre Bermudas y Rep\u00fablica Dominicana. Esto hace que las reuniones familiares sean limitadas y cuidadosamente organizadas, aumentando el valor de cada momento compartido. En este contexto, un regalo pensado y personalizado, como las zapatillas de Suaji, cobra a\u00fan m\u00e1s relevancia, convirti\u00e9ndose en un s\u00edmbolo de cercan\u00eda y afecto.<\/p>\n<blockquote class=\"instagram-media\" style=\"background: #FFF; border: 0; border-radius: 3px; box-shadow: 0 0 1px 0 rgba(0,0,0,0.5),0 1px 10px 0 rgba(0,0,0,0.15); margin: 1px; max-width: 540px; min-width: 326px; padding: 0; width: calc(100% - 2px);\" data-instgrm-captioned=\"\" data-instgrm-permalink=\"https:\/\/www.instagram.com\/tv\/CKhnOmIBXRu\/?utm_source=ig_embed&amp;utm_campaign=loading\" data-instgrm-version=\"14\">\n<\/blockquote>\n<p data-start=\"2764\" data-end=\"3344\">M\u00e1s all\u00e1 del gesto, el regalo tambi\u00e9n refleja el apoyo de Julio Iglesias a los proyectos de su hijo. La elecci\u00f3n de Suaji demuestra inter\u00e9s por la iniciativa empresarial de Julio Iglesias Jr. y su reconocimiento hacia su talento y creatividad. Al mismo tiempo, estas zapatillas simbolizan la conexi\u00f3n entre generaciones, un detalle que une tradici\u00f3n familiar y modernidad, emotividad y estilo. Julio Iglesias, al compartir el obsequio, permite a sus seguidores vislumbrar la vida privada de un artista que siempre ha sabido mantener el equilibrio entre lo p\u00fablico y lo personal.<\/p>\n<p data-start=\"3346\" data-end=\"3914\">El modelo Haigh ST es vers\u00e1til y elegante, apto tanto para el uso diario como para ocasiones especiales, lo que refleja el cuidado que Julio Iglesias Jr. puso en su elecci\u00f3n. La personalizaci\u00f3n con el nombre de su padre a\u00f1ade un valor simb\u00f3lico \u00fanico, recordando que, m\u00e1s all\u00e1 del \u00e9xito y la fama, lo que realmente importa es el v\u00ednculo familiar. La publicaci\u00f3n de la imagen tambi\u00e9n sirve como recordatorio de que incluso las personalidades m\u00e1s reservadas encuentran momentos en los que compartir su felicidad y gratitud, especialmente cuando se trata de la familia.<\/p>\n<p>\t\t\t\t\t\t\t<script async src=\"\/\/www.instagram.com\/embed.js\"><\/script><\/p>\n","protected":false},"excerpt":{"rendered":"Julio Iglesias celebr\u00f3 su 82\u00ba cumplea\u00f1os el pasado 23 de septiembre en un entorno \u00edntimo y familiar, alejado&hellip;\n","protected":false},"author":2,"featured_media":169431,"comment_status":"","ping_status":"","sticky":false,"template":"","format":"standard","meta":{"footnotes":""},"categories":[174],"tags":[255,146,147,25,24,256,8216,23],"class_list":{"0":"post-169430","1":"post","2":"type-post","3":"status-publish","4":"format-standard","5":"has-post-thumbnail","7":"category-famosos","8":"tag-celebrities","9":"tag-entertainment","10":"tag-entretenimiento","11":"tag-es","12":"tag-espana","13":"tag-famosos","14":"tag-julio-iglesias","15":"tag-spain"},"share_on_mastodon":{"url":"","error":""},"_links":{"self":[{"href":"https:\/\/www.europesays.com\/es\/wp-json\/wp\/v2\/posts\/169430","targetHints":{"allow":["GET"]}}],"collection":[{"href":"https:\/\/www.europesays.com\/es\/wp-json\/wp\/v2\/posts"}],"about":[{"href":"https:\/\/www.europesays.com\/es\/wp-json\/wp\/v2\/types\/post"}],"author":[{"embeddable":true,"href":"https:\/\/www.europesays.com\/es\/wp-json\/wp\/v2\/users\/2"}],"replies":[{"embeddable":true,"href":"https:\/\/www.europesays.com\/es\/wp-json\/wp\/v2\/comments?post=169430"}],"version-history":[{"count":0,"href":"https:\/\/www.europesays.com\/es\/wp-json\/wp\/v2\/posts\/169430\/revisions"}],"wp:featuredmedia":[{"embeddable":true,"href":"https:\/\/www.europesays.com\/es\/wp-json\/wp\/v2\/media\/169431"}],"wp:attachment":[{"href":"https:\/\/www.europesays.com\/es\/wp-json\/wp\/v2\/media?parent=169430"}],"wp:term":[{"taxonomy":"category","embeddable":true,"href":"https:\/\/www.europesays.com\/es\/wp-json\/wp\/v2\/categories?post=169430"},{"taxonomy":"post_tag","embeddable":true,"href":"https:\/\/www.europesays.com\/es\/wp-json\/wp\/v2\/tags?post=169430"}],"curies":[{"name":"wp","href":"https:\/\/api.w.org\/{rel}","templated":true}]}}