{"id":169457,"date":"2025-10-11T11:18:08","date_gmt":"2025-10-11T11:18:08","guid":{"rendered":"https:\/\/www.europesays.com\/es\/169457\/"},"modified":"2025-10-11T11:18:08","modified_gmt":"2025-10-11T11:18:08","slug":"la-algaba-entrego-los-premios-de-su-feria-taurina","status":"publish","type":"post","link":"https:\/\/www.europesays.com\/es\/169457\/","title":{"rendered":"La Algaba entreg\u00f3 los premios de su feria taurina"},"content":{"rendered":"<p style=\"text-align: justify\"><img data-recalc-dims=\"1\" fetchpriority=\"high\" decoding=\"async\" data-attachment-id=\"239950\" data-permalink=\"https:\/\/sevillatoro.es\/la-algaba-entrego-los-premios-de-su-feria-taurina-2\/la-algaba-premios\/\" data-orig-file=\"https:\/\/i0.wp.com\/sevillatoro.es\/wp-content\/uploads\/La-Algaba-Premios.jpeg?fit=2048%2C1366&amp;ssl=1\" data-orig-size=\"2048,1366\" data-comments-opened=\"0\" data-image-meta=\"{&quot;aperture&quot;:&quot;0&quot;,&quot;credit&quot;:&quot;&quot;,&quot;camera&quot;:&quot;&quot;,&quot;caption&quot;:&quot;&quot;,&quot;created_timestamp&quot;:&quot;1760122566&quot;,&quot;copyright&quot;:&quot;&quot;,&quot;focal_length&quot;:&quot;0&quot;,&quot;iso&quot;:&quot;0&quot;,&quot;shutter_speed&quot;:&quot;0&quot;,&quot;title&quot;:&quot;&quot;,&quot;orientation&quot;:&quot;0&quot;}\" data-image-title=\"La Algaba \u2013 Premios\" data-image-description=\"\" data-image-caption=\"\" data-medium-file=\"https:\/\/i0.wp.com\/sevillatoro.es\/wp-content\/uploads\/La-Algaba-Premios.jpeg?fit=300%2C200&amp;ssl=1\" data-large-file=\"https:\/\/i0.wp.com\/sevillatoro.es\/wp-content\/uploads\/La-Algaba-Premios.jpeg?fit=1024%2C683&amp;ssl=1\" class=\"aligncenter wp-image-239950 size-large\" src=\"https:\/\/www.europesays.com\/es\/wp-content\/uploads\/2025\/10\/La-Algaba-Premios.jpeg\" alt=\"\" width=\"1024\" height=\"683\"  \/>El Ayuntamiento de La Algaba entreg\u00f3 ayer los trofeos taurinos de la Feria celebrada los d\u00edas 13, 14 y 21 de septiembre, cerrando as\u00ed esta edici\u00f3n 2025 destinada a j\u00f3venes promesas del toreo y en la que se celebraron tres festejos en su singular Plaza de Toros, colgando el cartel de no hay billetes el domingo 21 de septiembre.<\/p>\n<p style=\"text-align: justify\">La emblem\u00e1tica Torre de los Guzmanes congreg\u00f3 a aficionados, familiares y autoridades que no quisieron perderse la emoci\u00f3n e ilusi\u00f3n de los triunfadores a la hora de recoger sus galardones. El padrino de esta edici\u00f3n, Borja Jim\u00e9nez, acudi\u00f3 a la cita mostrando el apoyo a estos j\u00f3venes aspirantes.<\/p>\n<p style=\"text-align: justify\">Triunfador: Jairo L\u00f3pez, de M\u00e9xico. Cort\u00f3 dos orejas y rabo a una res de Marqu\u00e9s de Albaserrada de nombre Fascinante, el s\u00e1bado 13 de septiembre.<br \/>Mejor estocada: Crist\u00f3bal de Lara, al cuarto novillo de la ganader\u00eda de Agust\u00edn Lunar el domingo 21 de septiembre.<br \/>Mejor par de banderillas: V\u00edctor Nieto a la segunda res de Jos\u00e9 Luis Osborne, de nombre Distinguido.<br \/>Mejor novillo: Distinguido, eral marcado con el n\u00famero 34 perteneciente a la ganader\u00eda de Jos\u00e9 Luis Osborne, lidiado el domingo 14 de septiembre en segundo lugar por Nicasio Carbonell y premiado con vuelta al ruedo.<br \/>Encierro triunfador del Ciclo: Jos\u00e9 Luis Osborne, domingo 14 de septiembre.<\/p>\n<p style=\"text-align: justify\">El jurado estuvo encabezado por la profesional Joaquina Ariza y los aficionados Juana Gonz\u00e1lez y Manuel Carbonell.<br \/>El alcalde de la localidad, Diego Manuel Ag\u00fcera Pi\u00f1ero, dio la enhorabuena a los galardonados, mostrando su deseo de \u00e9xito para la nueva temporada y la carrera proyectada. De igual modo, destac\u00f3 el excelente ambiente que se vivi\u00f3 en la localidad durante los d\u00edas de fiesta, tanto en la Plaza de Toros como en el recinto ferial y alab\u00f3 el esfuerzo de todas las partes implicadas para el \u201cmagn\u00edfico desarrollo de los d\u00edas vividos\u201d.<\/p>\n<p>Me gusta esto:<\/p>\n<p>Me gusta Cargando&#8230;<\/p>\n<p><a class=\"sd-link-color\"\/><\/p>\n<p>\n\tRelacionado<\/p>\n","protected":false},"excerpt":{"rendered":"El Ayuntamiento de La Algaba entreg\u00f3 ayer los trofeos taurinos de la Feria celebrada los d\u00edas 13, 14&hellip;\n","protected":false},"author":2,"featured_media":169458,"comment_status":"","ping_status":"","sticky":false,"template":"","format":"standard","meta":{"footnotes":""},"categories":[277],"tags":[373,168,25,24,23,167,374],"class_list":{"0":"post-169457","1":"post","2":"type-post","3":"status-publish","4":"format-standard","5":"has-post-thumbnail","7":"category-toreo","8":"tag-bullfighting","9":"tag-deportes","10":"tag-es","11":"tag-espana","12":"tag-spain","13":"tag-sports","14":"tag-toreo"},"share_on_mastodon":{"url":"","error":""},"_links":{"self":[{"href":"https:\/\/www.europesays.com\/es\/wp-json\/wp\/v2\/posts\/169457","targetHints":{"allow":["GET"]}}],"collection":[{"href":"https:\/\/www.europesays.com\/es\/wp-json\/wp\/v2\/posts"}],"about":[{"href":"https:\/\/www.europesays.com\/es\/wp-json\/wp\/v2\/types\/post"}],"author":[{"embeddable":true,"href":"https:\/\/www.europesays.com\/es\/wp-json\/wp\/v2\/users\/2"}],"replies":[{"embeddable":true,"href":"https:\/\/www.europesays.com\/es\/wp-json\/wp\/v2\/comments?post=169457"}],"version-history":[{"count":0,"href":"https:\/\/www.europesays.com\/es\/wp-json\/wp\/v2\/posts\/169457\/revisions"}],"wp:featuredmedia":[{"embeddable":true,"href":"https:\/\/www.europesays.com\/es\/wp-json\/wp\/v2\/media\/169458"}],"wp:attachment":[{"href":"https:\/\/www.europesays.com\/es\/wp-json\/wp\/v2\/media?parent=169457"}],"wp:term":[{"taxonomy":"category","embeddable":true,"href":"https:\/\/www.europesays.com\/es\/wp-json\/wp\/v2\/categories?post=169457"},{"taxonomy":"post_tag","embeddable":true,"href":"https:\/\/www.europesays.com\/es\/wp-json\/wp\/v2\/tags?post=169457"}],"curies":[{"name":"wp","href":"https:\/\/api.w.org\/{rel}","templated":true}]}}