{"id":169471,"date":"2025-10-11T11:28:09","date_gmt":"2025-10-11T11:28:09","guid":{"rendered":"https:\/\/www.europesays.com\/es\/169471\/"},"modified":"2025-10-11T11:28:09","modified_gmt":"2025-10-11T11:28:09","slug":"por-que-exponerse-martin-sivak-cuenta-tres-episodios-de-su-vida-en-un-libro-que-sublima-fuertes-emociones","status":"publish","type":"post","link":"https:\/\/www.europesays.com\/es\/169471\/","title":{"rendered":"\u201c\u00bfPor qu\u00e9 exponerse?\u201c: Mart\u00edn Sivak cuenta tres episodios de su vida en un libro que sublima fuertes emociones"},"content":{"rendered":"<p><img alt=\"Mart\u00edn Sivak explora el desamor,\" class=\"global-image\" decoding=\"async\" fetchpriority=\"high\" height=\"1281\" loading=\"eager\" src=\"https:\/\/www.europesays.com\/es\/wp-content\/uploads\/2025\/10\/YXSADOGYSRD7LNO3ICL2YFFLXU.jpg\" width=\"1920\"\/>Mart\u00edn Sivak explora el desamor, la p\u00e9rdida y la amistad en su nuevo libro \u00abLa llorer\u00eda\u00bb<\/p>\n<p class=\"paragraph\">\u201c\u00bfPor qu\u00e9 exponerse? \u00bfPor qu\u00e9 escribir sobre cosas inc\u00f3modas? <b>Mart\u00edn Sivak<\/b> se hace esas preguntas mientras avanza una ma\u00f1ana soleada en el barrio de Colegiales y dialoga con <b>Infobae Cultura<\/b> sobre su m\u00e1s reciente libro, <b>La llorer\u00eda<\/b> ,<b> <\/b>un t\u00edtulo inspirado en un latiguillo de su viejo (\u201ca llorar a la llorer\u00eda\u201d) y pensado inicialmente, seg\u00fan comenta, sobre \u201cc\u00f3mo organizar una desesperaci\u00f3n\u201d. <\/p>\n<p class=\"paragraph\">El periodista y escritor -bi\u00f3grafo consumado de <b>Evo Morales<\/b>, certero historiador del diario <b>Clar\u00edn<\/b>, por citar dos de sus hits editoriales- dice que escribir un libro as\u00ed \u201ces algo muy inc\u00f3modo\u201d. Y concluye: \u201cAl mismo tiempo, la incomodidad es un gran motor para escribir\u201d. El resultado es un relato que le tom\u00f3 a\u00f1os escribir y que no es nada liviano. Finales de amores, un viaje con un gringo loco por Am\u00e9rica latina -Sean, un destacado documentalista brit\u00e1nico de guerra- y el avance de la enfermedad de su madre hacia el temido final, se entremezclan en un mon\u00f3logo deliberadamente \u00edntimo, confesional. En sus palabras, \u201cun desborde de emociones que trat\u00e9 de administrar con la escritura\u201d.<\/p>\n<p class=\"paragraph\">En <b>La llorer\u00eda<\/b>, el relato avanza con saltos que eluden una cronolog\u00eda desde 2002 hasta el presente, integrando el duelo amoroso, el recorrido de Buenos Aires a Tijuana y la muerte materna. Estos ejes confluyen en el abordaje de temas universales como el desamor, la p\u00e9rdida y el sufrimiento vital. Sin caer en la autocomplacencia, <b>Sivak<\/b> traslada su mirada \u00edntima y transforma vivencias personales en reflejos compartidos. <\/p>\n<p><img alt=\"'La llorer\u00eda' fusiona autoficci\u00f3n y\" class=\"global-image\" decoding=\"async\" fetchpriority=\"low\" height=\"1080\" loading=\"lazy\" src=\"https:\/\/www.europesays.com\/es\/wp-content\/uploads\/2025\/10\/56B4DUNNQVF6RLEQIUB6YWEMNA.png\" width=\"1920\"\/>&#8216;La llorer\u00eda&#8217; fusiona autoficci\u00f3n y memoria familiar en un relato \u00edntimo y cat\u00e1rtico<\/p>\n<p class=\"paragraph\"><b>\u2014\u00bfDe verdad, te pas\u00f3 todo lo que contas en el libro?<\/b><\/p>\n<p class=\"paragraph\">\u2014(Sonr\u00ede). Es autoficci\u00f3n. Pero no quiero hablar desde la autoridad de los g\u00e9neros porque no estudi\u00e9 Letras. En toco caso soy lector de autoficci\u00f3n, uno de los g\u00e9neros que m\u00e1s le\u00ed en los \u00faltimos a\u00f1os. Pero en alg\u00fan sentido es un libro que tiene algo de h\u00edbrido, porque empieza como un documento privado&#8230; Un diario absolutamente personal no escrito en principio para publicar, y despu\u00e9s con una segunda historia, que es la del documentalista brit\u00e1nico (ese s\u00ed era un libro que yo quer\u00eda escribir). Fue totalmente cat\u00e1rtico y ah\u00ed eran 600 p\u00e1ginas. Por suerte, no publiqu\u00e9 esa versi\u00f3n. Entonces, con la reescritura y el paso del tiempo, fui encontrando esas tres historias. Lo enmarcar\u00eda en una autoficci\u00f3n, en el sentido de desordenar lo que supuestamente la realidad te orden\u00f3 y tomar algunas licencias.<\/p>\n<p class=\"paragraph\"><b>\u2014Si de verdad te pas\u00f3 todo lo que contas en el libro, tambi\u00e9n cabe preguntar si este personaje, Sean, el documentalista ingl\u00e9s tambi\u00e9n existe&#8230; <\/b><\/p>\n<p class=\"paragraph\">\u2014(Sonr\u00ede). Si&#8230; Yo quer\u00eda ser periodista desde chico y el mejor trabajo que tuve fue con \u00e9l, por esa cosa totalmente \u00fanica que fue viajar por Am\u00e9rica Latina con alguien as\u00ed. Fue una especie de <b>educaci\u00f3n profesional y sentimental<\/b> y, en el medio, compartimos el duelo de la muerte de mi mam\u00e1 y al mismo tiempo, el nacimiento de su hijo. Pasaron muchas cosas. Fue una experiencia con muchos sacudones y en varios sentidos. <\/p>\n<p class=\"paragraph\">Cuando nos despedimos en Tijuana, en la \u00faltima noche, yo pens\u00e9 que nunca m\u00e1s iba a verlo. Porque \u00e9l es un yonki de la guerra y sab\u00eda que iba a volver a Medio Oriente. Y la verdad que los siguientes 25 a\u00f1os hemos mantenido confianza e intimidad. Eso hace que el tema de la amistad aparezca much\u00edsimo. Yo empec\u00e9 a trabajar el libro con <b>Gabriela Esquivada<\/b> y al final <b>Maga Etchebarne<\/b>, la editora, me dijo: \u201cEste es un libro sobre la amistad\u201d. Cosa que yo no hab\u00eda pensado. Cuando escrib\u00eds, no sos tan consciente. Cuando escrib\u00eds por intuici\u00f3n, no sabes ni el g\u00e9nero ni el tema de fondo.<\/p>\n<p><img alt=\"La figura materna y la\" class=\"global-image\" decoding=\"async\" fetchpriority=\"low\" height=\"1080\" loading=\"lazy\" src=\"https:\/\/www.europesays.com\/es\/wp-content\/uploads\/2025\/10\/FQGHCM36JNHT3MOM7XFSQUAITI.jpg\" width=\"1920\"\/>La figura materna y la amistad marcan el pulso emocional de \u00abLa llorer\u00eda\u00bb<\/p>\n<p class=\"paragraph\">Tampoco hab\u00eda un final, pero el hallazgo de unas cartas familiares le permitieron cerrar el c\u00edrculo de una historia que circula por tres carrilles no tan diferenciados, pero visibles: el amor, los viajes, la vieja. \u201cPor distintas razones y circunstancias, haberlas encontrado en un momento en que no ten\u00eda final para el libro&#8230; Inesperadamente encontr\u00e9 las cartas de mi mam\u00e1 a mi pap\u00e1 a los veintis\u00e9is a\u00f1os. Entonces, todo eso hizo que fuera hacia el mundo de mi mam\u00e1\u201d. Efectivamente, y sin spoiler porque no hay enigma por resolver en <b>La llorer\u00eda, <\/b>el libro concluye con todo lo que al autor le surge pensar (o sentir y expresarlo en pensamientos escritos) luego de releer las cartas de su madre a su padre. El padre de Mart\u00edn, justo es mencionarlo en este momento, es <b>Jorge Sivak<\/b>, el protagonista de la historia de <b>El salto de pap\u00e1<\/b>, un extraordinario libro que public\u00f3 en 2017 sobre la historia de su viejo. <\/p>\n<p class=\"paragraph\">Por eso este libro, pensado en t\u00e9rminos familiares, podr\u00eda ser visto -exceptuando las frustraciones amorosas y el viaje con su amigo, el ingl\u00e9s sacado, subtramas no menores-, como el libro sobre su madre. \u201cSi escribo sobre cosas que me importan, no hab\u00eda otra manera de escribir sobre la vida y la muerte de mi mam\u00e1\u201d, razona. <\/p>\n<p class=\"paragraph\"><b>\u2014\u00bfA\u00fan siendo tan sincero al contar tus emociones?<\/b><\/p>\n<p class=\"paragraph\">\u2014Tengo algo ambivalente sobre eso. Porque obviamente que todas esas emociones existen y las escribo. El tema es por qu\u00e9 hacerlas p\u00fablicas (porque nadie me pidi\u00f3 que las haga p\u00fablicas). Yo entiendo que a veces hay un desborde de emoci\u00f3n que trato de administrar con la escritura, y que obviamente si tuviese que hablar sobre eso en p\u00fablico, en directo, sin la mediaci\u00f3n de la escritura, ser\u00eda un desborde distinto. Yo creo que <b>uno puede escribir de todo<\/b>. No es que uno cuenta todo. Pero lo que se cuenta, hay que escribirlo con la verdad. Reci\u00e9n en la escritura de este libro pude volver a mam\u00e1, a su vida. Fueron revelaciones. No es que deliberadamente las hab\u00eda quitado del libro de mi pap\u00e1 o que hab\u00eda una cosa de reponer la figura de mi mam\u00e1 para compensar. Mi mam\u00e1 siempre fue importante.<\/p>\n<p><img alt=\"Los padres de Mart\u00edn Sivak\" class=\"global-image\" decoding=\"async\" fetchpriority=\"low\" height=\"1081\" loading=\"lazy\" src=\"https:\/\/www.europesays.com\/es\/wp-content\/uploads\/2025\/10\/LX67MWV5XRECREWMZK5E54XDZE.jpg\" width=\"899\"\/>Los padres de Mart\u00edn Sivak en una curiosa foto realizada en el parque Epcot, Orlando, Florida<\/p>\n<p class=\"paragraph\"><b>\u2014Has desarrollado una carrera p\u00fablica como periodista y escritor, inevitablemente cruzada por la historia familiar \u00bfC\u00f3mo crees que has llevado eso en todos estos a\u00f1os?<\/b><\/p>\n<p class=\"paragraph\">\u2014Cuando yo era chico, el apellido Sivak estaba muy asociado al secuestro de mi t\u00edo Osvaldo. Un caso tan p\u00fablico. Despu\u00e9s cuando empec\u00e9 a trabajar a los dieciocho a\u00f1os de periodista, salvo alguna vez alg\u00fan entrevistado, algo puntual, no fue muy recurrente. Hay personas que cuando me conocen, me dicen: \u201c\u00bfC\u00f3mo que vos sos t\u00edmido si contas todo?\u201d En general soy t\u00edmido y reservado. Entonces, hasta que escrib\u00ed <b>El salto de pap\u00e1<\/b>, no era un tema. Entonces, con la publicaci\u00f3n de ese libro, volvi\u00f3 el apellido. Y es cierto que mi pap\u00e1 estaba m\u00e1s asociado su involucramiento en el esclarecimiento del asesinato de mi t\u00edo. Con el libro apareci\u00f3 que mi pap\u00e1 era m\u00e1s que esas cosas. <\/p>\n<p class=\"paragraph\"><b>\u2014Entonces \u00bfnunca fue una carga?<\/b><\/p>\n<p class=\"paragraph\">\u2014No, para nada. Al contrario. Es m\u00e1s, cuando empec\u00e9 a trabajar de periodista me gustaba no usar mi nombre. Dec\u00eda solamente: \u201cHola, soy <b>Sivak<\/b> de la revista de <b>Lanata<\/b>\u201d Era como una f\u00f3rmula que ten\u00eda. Y en la infancia era como&#8230; Yo ten\u00eda nueve a\u00f1os, y era como rar\u00edsimo que reconocieran a mi pap\u00e1 en la calle o en el supermercado. Y despu\u00e9s eso se diluy\u00f3. S\u00ed, me acuerdo un momento que fue raro. Cuando estudiaba Sociolog\u00eda en el CBC, curs\u00e9 Antropolog\u00eda. Y cuando leyeron la lista en voz alta, el profesor me pregunt\u00f3: \u201c\u00bfAlgo que ver con&#8230;?\u201d. Y yo tuve que aclarar todo, aunque no ten\u00eda muy claro qu\u00e9 decir. Entonces dije: \u201cEl hijo de Osvaldo&#8230; Perd\u00f3n, el sobrino de Osvaldo, el hijo de Jorge\u201d. Esa fue la \u00fanica vez que tuve que sobrexplicarme. <\/p>\n<p class=\"paragraph\">[Fotos: Ale L\u00f3pez; archivo personal M.S.]<\/p>\n","protected":false},"excerpt":{"rendered":"Mart\u00edn Sivak explora el desamor, la p\u00e9rdida y la amistad en su nuevo libro \u00abLa llorer\u00eda\u00bb \u201c\u00bfPor qu\u00e9&hellip;\n","protected":false},"author":2,"featured_media":169472,"comment_status":"","ping_status":"","sticky":false,"template":"","format":"standard","meta":{"footnotes":""},"categories":[172],"tags":[224,146,147,25,24,225,23],"class_list":{"0":"post-169471","1":"post","2":"type-post","3":"status-publish","4":"format-standard","5":"has-post-thumbnail","7":"category-libros","8":"tag-books","9":"tag-entertainment","10":"tag-entretenimiento","11":"tag-es","12":"tag-espana","13":"tag-libros","14":"tag-spain"},"share_on_mastodon":{"url":"","error":""},"_links":{"self":[{"href":"https:\/\/www.europesays.com\/es\/wp-json\/wp\/v2\/posts\/169471","targetHints":{"allow":["GET"]}}],"collection":[{"href":"https:\/\/www.europesays.com\/es\/wp-json\/wp\/v2\/posts"}],"about":[{"href":"https:\/\/www.europesays.com\/es\/wp-json\/wp\/v2\/types\/post"}],"author":[{"embeddable":true,"href":"https:\/\/www.europesays.com\/es\/wp-json\/wp\/v2\/users\/2"}],"replies":[{"embeddable":true,"href":"https:\/\/www.europesays.com\/es\/wp-json\/wp\/v2\/comments?post=169471"}],"version-history":[{"count":0,"href":"https:\/\/www.europesays.com\/es\/wp-json\/wp\/v2\/posts\/169471\/revisions"}],"wp:featuredmedia":[{"embeddable":true,"href":"https:\/\/www.europesays.com\/es\/wp-json\/wp\/v2\/media\/169472"}],"wp:attachment":[{"href":"https:\/\/www.europesays.com\/es\/wp-json\/wp\/v2\/media?parent=169471"}],"wp:term":[{"taxonomy":"category","embeddable":true,"href":"https:\/\/www.europesays.com\/es\/wp-json\/wp\/v2\/categories?post=169471"},{"taxonomy":"post_tag","embeddable":true,"href":"https:\/\/www.europesays.com\/es\/wp-json\/wp\/v2\/tags?post=169471"}],"curies":[{"name":"wp","href":"https:\/\/api.w.org\/{rel}","templated":true}]}}