{"id":169473,"date":"2025-10-11T11:29:08","date_gmt":"2025-10-11T11:29:08","guid":{"rendered":"https:\/\/www.europesays.com\/es\/169473\/"},"modified":"2025-10-11T11:29:08","modified_gmt":"2025-10-11T11:29:08","slug":"lydia-lozano-rompio-a-llorar-en-de-viernes-al-explicar-su-ausencia-en-plato-por-la-salud-de-su-marido-ha-sido-duro","status":"publish","type":"post","link":"https:\/\/www.europesays.com\/es\/169473\/","title":{"rendered":"Lydia Lozano rompi\u00f3 a llorar en &#8216;De Viernes&#8217; al explicar su ausencia en plat\u00f3 por la salud de su marido: \u00abHa sido duro\u00bb"},"content":{"rendered":"<p class=\"article-text\">\n        <strong>Lydia Lozano<\/strong> est\u00e1 pasando una semana complicada por la salud de su marido <strong>Charly<\/strong>, que ha tenido que someterse a una operaci\u00f3n de urgencia. Ese es el motivo por el que la colaboradora <strong>se ausent\u00f3 este 10 de octubre en<\/strong><strong> De Viernes<\/strong>, y que ella misma explic\u00f3 en una conexi\u00f3n en directo en <strong>Telecinco <\/strong>en la que no pudo evitar emocionarse.\n    <\/p>\n<p>    <a href=\"https:\/\/www.eldiario.es\/vertele\/noticias\/de-viernes-entrevista-carlo-costanzia-polemica-denuncias-malos-tratos-mar-flores-criticas-patino_1_12657185.html\" data-mrf-recirculation=\"saber-mas\" data-dl-event=\"saber-mas\" rel=\"nofollow noopener\" target=\"_blank\"><\/p>\n<p class=\"know-more__title\">Cr\u00edticas a &#8216;De Viernes&#8217; por el discurso de Carlo Costanzia sobre las denuncias de su madre: \u00abEs grav\u00edsimo permitir eso en TV\u00bb<\/p>\n<p>            <img decoding=\"async\" class=\"lazy\" loading=\"lazy\" data-src=\"https:\/\/static.eldiario.es\/clip\/1281ed7f-09c9-491f-9503-34d5f0fd05d3_16-9-aspect-ratio_default_0.jpg\" src=\"data:image\/svg+xml,%3Csvg xmlns=\" http:=\"\" viewbox=\"0 0 880 495\" alt=\"Cr\u00edticas a 'De Viernes' por el discurso de Carlo Costanzia sobre las denuncias de su madre: &quot;Es grav\u00edsimo permitir eso en TV&quot;\"\/><\/p>\n<p>                        <\/a><\/p>\n<p class=\"article-text\">\n        Al inicio del programa, <strong>Santi Acosta y Beatriz Archidona<\/strong> dieron paso a una v\u00eddeollamada con la periodista, que no iba a estar presente esa noche en el plat\u00f3. <strong>\u201cCon la ganas que ten\u00edas de estar aqu\u00ed y entrevistar a Carlo [Costanzia]&#8230;<\/strong>\u201d, le dijo el presentador, dando pie a su compa\u00f1era a que explicase la raz\u00f3n de su falta.\n    <\/p>\n<p class=\"article-text\">\n        \u201cNo estoy porque despu\u00e9s de varios meses en los que hemos tenido una serie de complicaciones en la espalda de Charly,<strong> el martes le operaron de urgencia<\/strong>\u201d, comenz\u00f3 a contar Lydia Lozano, rompiendo a llorar. Sus compa\u00f1eros le dieron \u00e1nimo al otro lado de la l\u00ednea, mientras ella trataba de recomponerse.\n    <\/p>\n<p class=\"article-text\">\n        \u201cLo has pasado mal, ha pasado una semana complicada y has querido estar con \u00e9l esta noche\u201d, prosigui\u00f3 Acosta. \u201cClaro. <strong>Sigue en el hospital, pero se va a poner bien<\/strong>\u201d, retom\u00f3 la colaboradora, con dificultades para seguir hablando por la emoci\u00f3n: \u201c<strong>Es que estoy muy cansada<\/strong>\u201d, justific\u00f3.\n    <\/p>\n<p>            <img decoding=\"async\" class=\"lazy\" loading=\"lazy\" data-src=\"https:\/\/static.eldiario.es\/clip\/fd11c9c8-a214-40ce-9fa5-50882711a8d2_16-9-discover-aspect-ratio_default_0.jpg\" src=\"data:image\/svg+xml,%3Csvg xmlns=\" http:=\"\" viewbox=\"0 0 1200 675\" alt=\"Lydia Lozano en su conexi\u00f3n en 'De Viernes'\"\/><\/p>\n<p class=\"article-text\">\n        Sin dar m\u00e1s explicaciones sobre la salud de su pareja, Lydia continu\u00f3: \u201cTodo ha salido bien, pero queda mucho tiempo [de recuperaci\u00f3n] y ha tenido muchos problemas con la espalda.<strong> Menos mal que llegamos a tiempo, menos mal. Han sido unos meses muy duros<\/strong>\u201d.\n    <\/p>\n<p>    <a href=\"https:\/\/www.eldiario.es\/vertele\/audiencias-tv\/viernes-11-octubre-lavoz-antena3-liderazgo-deviernes-telecinco-carlo-costanzia-recorta-distancias_1_12675629.html\" data-mrf-recirculation=\"saber-mas-abajo\" data-dl-event=\"saber-mas-abajo\" rel=\"nofollow noopener\" target=\"_blank\"><\/p>\n<p class=\"know-more__title\">&#8216;La Voz&#8217; (13.6%) mantiene el liderazgo ante &#8216;De Viernes&#8217; (12.1%), que recorta distancias con Carlo Costanzia en plat\u00f3\n<\/p>\n<p>            <img decoding=\"async\" class=\"lazy\" loading=\"lazy\" data-src=\"https:\/\/static.eldiario.es\/clip\/4882894e-547e-48fc-a5f5-e23cf8df56f8_16-9-aspect-ratio_default_0.jpg\" src=\"data:image\/svg+xml,%3Csvg xmlns=\" http:=\"\" viewbox=\"0 0 880 495\" alt=\"'La Voz' (13.6%) mantiene el liderazgo ante 'De Viernes' (12.1%), que recorta distancias con Carlo Costanzia en plat\u00f3\"\/><\/p>\n<p>                        <\/a><\/p>\n<p class=\"article-text\">\n        Adem\u00e1s, y por echarle un poco de humor, la tertuliana<strong> brome\u00f3 sobre sus pol\u00e9micas declaraciones sobre Santi Acosta<\/strong>, quien es ahora mismo su compa\u00f1ero: \u201cTengo que decir que, desde esta semana, para m\u00ed eres un gran presentador\u201d. \u201cYo quer\u00eda que siguiera el mito de que nos odiamos\u201d, reaccion\u00f3 \u00e9l. \u201cMe ha llamado Santi todos los d\u00edas para saber, y me ha llamado mucho la atenci\u00f3n. <strong>Ya puedes estar entre mis favoritos<\/strong>\u201d, agreg\u00f3 Lydia.\n    <\/p>\n","protected":false},"excerpt":{"rendered":"Lydia Lozano est\u00e1 pasando una semana complicada por la salud de su marido Charly, que ha tenido que&hellip;\n","protected":false},"author":2,"featured_media":169474,"comment_status":"","ping_status":"","sticky":false,"template":"","format":"standard","meta":{"footnotes":""},"categories":[171],"tags":[3272,2562,146,147,25,24,15802,18868,14101,30591,22167,9721,18867,166,6746,23,214,381],"class_list":{"0":"post-169473","1":"post","2":"type-post","3":"status-publish","4":"format-standard","5":"has-post-thumbnail","7":"category-tv","8":"tag-ausencia","9":"tag-duro","10":"tag-entertainment","11":"tag-entretenimiento","12":"tag-es","13":"tag-espana","14":"tag-explicar","15":"tag-llorar","16":"tag-lozano","17":"tag-lydia","18":"tag-marido","19":"tag-plato","20":"tag-rompio","21":"tag-salud","22":"tag-sido","23":"tag-spain","24":"tag-tv","25":"tag-viernes"},"share_on_mastodon":{"url":"","error":""},"_links":{"self":[{"href":"https:\/\/www.europesays.com\/es\/wp-json\/wp\/v2\/posts\/169473","targetHints":{"allow":["GET"]}}],"collection":[{"href":"https:\/\/www.europesays.com\/es\/wp-json\/wp\/v2\/posts"}],"about":[{"href":"https:\/\/www.europesays.com\/es\/wp-json\/wp\/v2\/types\/post"}],"author":[{"embeddable":true,"href":"https:\/\/www.europesays.com\/es\/wp-json\/wp\/v2\/users\/2"}],"replies":[{"embeddable":true,"href":"https:\/\/www.europesays.com\/es\/wp-json\/wp\/v2\/comments?post=169473"}],"version-history":[{"count":0,"href":"https:\/\/www.europesays.com\/es\/wp-json\/wp\/v2\/posts\/169473\/revisions"}],"wp:featuredmedia":[{"embeddable":true,"href":"https:\/\/www.europesays.com\/es\/wp-json\/wp\/v2\/media\/169474"}],"wp:attachment":[{"href":"https:\/\/www.europesays.com\/es\/wp-json\/wp\/v2\/media?parent=169473"}],"wp:term":[{"taxonomy":"category","embeddable":true,"href":"https:\/\/www.europesays.com\/es\/wp-json\/wp\/v2\/categories?post=169473"},{"taxonomy":"post_tag","embeddable":true,"href":"https:\/\/www.europesays.com\/es\/wp-json\/wp\/v2\/tags?post=169473"}],"curies":[{"name":"wp","href":"https:\/\/api.w.org\/{rel}","templated":true}]}}