{"id":169479,"date":"2025-10-11T11:33:11","date_gmt":"2025-10-11T11:33:11","guid":{"rendered":"https:\/\/www.europesays.com\/es\/169479\/"},"modified":"2025-10-11T11:33:11","modified_gmt":"2025-10-11T11:33:11","slug":"la-campana-de-vacunacion-se-abre-al-resto-de-poblacion-diana-con-la-gripe-ya-a-las-puertas-del-nivel-epidemico","status":"publish","type":"post","link":"https:\/\/www.europesays.com\/es\/169479\/","title":{"rendered":"La campa\u00f1a de vacunaci\u00f3n se abre al resto de poblaci\u00f3n diana con la gripe ya a las puertas del nivel epid\u00e9mico"},"content":{"rendered":"<p><a class=\"v-mdl-ath__fig-a\" href=\"https:\/\/www.lagacetadesalamanca.es\/autor\/javier-hernandez-5987.html\" title=\"Javier Hern\u00e1ndez\" rel=\"nofollow noopener\" target=\"_blank\"><br \/>\n<img decoding=\"async\" class=\"v-mdl-ath__img\" src=\"https:\/\/s2.ppllstatics.com\/comun\/img\/2014\/autor\/autor-5987-foto-1.png\" alt=\"Javier Hern\u00e1ndez\"\/><br \/>\n<\/a><\/p>\n<p class=\"v-mdl-ath__p v-mdl-ath__p--6\">\nS\u00e1bado, 11 de octubre 2025, 06:15<\/p>\n<p class=\"v-p\">Con la incidencia de la gripe a las puertas del nivel epid\u00e9mico,<strong> la campa\u00f1a de vacunaci\u00f3n frente a las infecciones respiratorias comienza este martes -14 de octubre- para la poblaci\u00f3n diana general<\/strong>. Durante las \u00faltimas dos semanas se ha venido vacunando a los ancianos que viven en residencias de mayores, que este a\u00f1o han recibido una triple inmunizaci\u00f3n: gripe, covid y VRS, aunque de manera escalonada -no en el mismo d\u00eda-, seg\u00fan asegur\u00f3 la Consejer\u00eda de Sanidad. Al mismo tiempo que las personas institucionalizadas -las que viven en residencias y centros especiales- se empezaron a vacunar los ni\u00f1os entre 6 meses a 8 a\u00f1os (inclusive) y las embarazadas.<\/p>\n<p class=\"v-p\">El \u00faltimo informe del programa de Vigilancia de las Infecciones Respiratorias Agudas de Castilla y Le\u00f3n -actualizado hasta el 5 de octubre- apunta que l<strong>a tasa de incidencia de las infecciones respiratorias se ha situado en los 766 casos por 100.000 habitantes<\/strong>, lo que supone un leve repunto al de la semana pasada que se situaba en los 558 casos.<\/p>\n<p class=\"v-p\">La incidencia del Covid-19 se situ\u00f3 en 68 casos por 100.000 habitantes en la semana de estudio, del 29 de septiembre al 5 de octubre, y <strong>la de los s\u00edndromes gripales en 45 casos, todav\u00eda por debajo del umbral epid\u00e9mico, que se fija en torno a los 50 casos por cada 100.000 habitantes.<\/strong><\/p>\n<p class=\"v-p\">El estudio tambi\u00e9n detecta un ascenso de la tasa de bronquitis y bronquiolitis. Adem\u00e1s, aumentan las urgencias y hospitalizaciones por IRA, sobre todo en mayores de 75 a\u00f1os. Por \u00faltimo, y seg\u00fan el Vigira, contin\u00faa la circulaci\u00f3n de SARS-CoV-2 y de gripe A, tanto del subtipo H1 como del H3, y contin\u00faa el aumento en la circulaci\u00f3n de los rinovirus\/enterovirus.<\/p>\n<p class=\"v-p\"><strong>Se trata de un c\u00f3ctel v\u00edrico muy propio de estas alturas del a\u00f1o<\/strong>, en las que todav\u00eda no hay una infecci\u00f3n predominante, sino que circulan varios virus, rinovirus y coronavirus al mismo tiempo, afectando as\u00ed a un mayor n\u00famero de personas pero todav\u00eda sin consecuencias graves en cuanto a presi\u00f3n hospitalaria. <\/p>\n<p class=\"v-p\">\u00abLos s\u00edntomas son parecidos y el tratamiento es el mismo en cualquier caso: reposo, hidrataci\u00f3n y paciencia\u00bb, apuntan desde la Atenci\u00f3n Primaria de Salamanca. Al tratarse de virus, no existen f\u00e1rmacos capaces de vencer a la infecci\u00f3n. Tan solo existen aquellos productos que combaten los s\u00edntomas hasta que el propio organismo supere al virus. \u00abLos antigripales suelen contener paracetamol y antihistam\u00ednico para reducir la fiebre, el dolor, la secreci\u00f3n nasal y la tos\u00bb, detallan los facultativos.<\/p>\n<p>\u00bfQui\u00e9n debe vacunarse ahora?<\/p>\n<p class=\"v-p\"><strong>La vacunaci\u00f3n frente a la gripe est\u00e1 recomendada principalmente para las personas de 60 a\u00f1os o m\u00e1s<\/strong>, as\u00ed como para la poblaci\u00f3n infantil entre 6 meses y 8 a\u00f1os. Tambi\u00e9n se incluye a quienes, entre los 9 y 59 a\u00f1os, presentan condiciones de salud que aumentan el riesgo de complicaciones, adem\u00e1s de embarazadas y personal sanitario o esencial. Este a\u00f1o, como novedad, la vacuna intranasal se administrar\u00e1 a ni\u00f1os de 5 a 8 a\u00f1os, ampliando las edades infantiles incluidas.<\/p>\n<p class=\"v-p\"><strong>En cuanto a la vacuna frente a la COVID-19, se dirige sobre todo a las personas de 70 a\u00f1os o m\u00e1s<\/strong> y a quienes tienen inmunosupresi\u00f3n u otras enfermedades que pueden causar cuadros graves, incluyendo embarazadas y personas institucionalizadas en residencias o centros de discapacidad. Tambi\u00e9n pueden vacunarse los mayores de 12 a\u00f1os con patolog\u00edas de riesgo, el personal sanitario y los convivientes de personas vulnerables que deseen protegerse.<\/p>\n<p class=\"v-p\">Las citas ya se pueden solicitar a trav\u00e9s de la app de Sacyl, o contactando con el centro de salud.<\/p>\n<p>Reporta un error<\/p>\n","protected":false},"excerpt":{"rendered":"S\u00e1bado, 11 de octubre 2025, 06:15 Con la incidencia de la gripe a las puertas del nivel epid\u00e9mico,&hellip;\n","protected":false},"author":2,"featured_media":169480,"comment_status":"","ping_status":"","sticky":false,"template":"","format":"standard","meta":{"footnotes":""},"categories":[92],"tags":[490,658,8401,49385,25,24,7749,165,3579,696,5748,10342,166,23,7589],"class_list":{"0":"post-169479","1":"post","2":"type-post","3":"status-publish","4":"format-standard","5":"has-post-thumbnail","7":"category-salud","8":"tag-abre","9":"tag-campana","10":"tag-diana","11":"tag-epidemico","12":"tag-es","13":"tag-espana","14":"tag-gripe","15":"tag-health","16":"tag-nivel","17":"tag-poblacion","18":"tag-puertas","19":"tag-resto","20":"tag-salud","21":"tag-spain","22":"tag-vacunacion"},"share_on_mastodon":{"url":"","error":""},"_links":{"self":[{"href":"https:\/\/www.europesays.com\/es\/wp-json\/wp\/v2\/posts\/169479","targetHints":{"allow":["GET"]}}],"collection":[{"href":"https:\/\/www.europesays.com\/es\/wp-json\/wp\/v2\/posts"}],"about":[{"href":"https:\/\/www.europesays.com\/es\/wp-json\/wp\/v2\/types\/post"}],"author":[{"embeddable":true,"href":"https:\/\/www.europesays.com\/es\/wp-json\/wp\/v2\/users\/2"}],"replies":[{"embeddable":true,"href":"https:\/\/www.europesays.com\/es\/wp-json\/wp\/v2\/comments?post=169479"}],"version-history":[{"count":0,"href":"https:\/\/www.europesays.com\/es\/wp-json\/wp\/v2\/posts\/169479\/revisions"}],"wp:featuredmedia":[{"embeddable":true,"href":"https:\/\/www.europesays.com\/es\/wp-json\/wp\/v2\/media\/169480"}],"wp:attachment":[{"href":"https:\/\/www.europesays.com\/es\/wp-json\/wp\/v2\/media?parent=169479"}],"wp:term":[{"taxonomy":"category","embeddable":true,"href":"https:\/\/www.europesays.com\/es\/wp-json\/wp\/v2\/categories?post=169479"},{"taxonomy":"post_tag","embeddable":true,"href":"https:\/\/www.europesays.com\/es\/wp-json\/wp\/v2\/tags?post=169479"}],"curies":[{"name":"wp","href":"https:\/\/api.w.org\/{rel}","templated":true}]}}