{"id":169493,"date":"2025-10-11T11:40:08","date_gmt":"2025-10-11T11:40:08","guid":{"rendered":"https:\/\/www.europesays.com\/es\/169493\/"},"modified":"2025-10-11T11:40:08","modified_gmt":"2025-10-11T11:40:08","slug":"el-haria-cf-sigue-invicto-en-la-primera-regional-tras-empatar-ante-el-cd-lomo","status":"publish","type":"post","link":"https:\/\/www.europesays.com\/es\/169493\/","title":{"rendered":"El Har\u00eda CF sigue invicto en la Primera Regional tras empatar ante el CD Lomo"},"content":{"rendered":"<p><strong>LanzaroteDeportiva.com<\/strong><\/p>\n<p>La cuarta jornada de la Primera Regional de Lanzarote se puso en marcha en la noche del viernes, y en el Municipal Agapito Reyes Viera de Altavista se enfrentaban el CD Lomo y el Har\u00eda CF. Los dos equipos ofrecieron un partido bastante abierto, siendo los norte\u00f1os los que se adelantaron en el marcador en la primera mitad, y los capitalinos empataron en la segunda parte. El choque se pudo decantar en el tramo final para cualquiera de los dos equipos.<\/p>\n<p>El Har\u00eda CF fue el equipo que estuvo mejor sobre el terreno de juego en la primera parte del choque. Los norte\u00f1os realizaban una presi\u00f3n alta, teniendo el CD Lomo muchos problemas para sacar el bal\u00f3n jugado desde atr\u00e1s, y finalizando el Har\u00eda CF todas las acciones con disparos a puerta. El primer aviso lo dio Manu Figueroa en el minuto 17, con un lanzamiento que se estrell\u00f3 en el larguero.<\/p>\n<p>Superada la primera media hora, el Har\u00eda CF se adelant\u00f3 en el marcador. La presi\u00f3n permiti\u00f3 a Aar\u00f3n robarle un bal\u00f3n a Francis en las inmediaciones del \u00e1rea, y su disparo desde la frontal super\u00f3 a Pedro para convertirse en el 0 a 1. Con la ventaja para los norte\u00f1os se lleg\u00f3 al final de la primera mitad del partido.<\/p>\n<p>El CD Lomo mejor\u00f3 sustancialmente en la segunda mitad y comenz\u00f3 a acercarse con peligro a la puerta de un in\u00e9dito Jorel en la primera parte. En el minuto 54, Camilo, jugador que hab\u00eda entrado en el encuentro en la segunda parte, se intern\u00f3 en el \u00e1rea por la parte izquierda, y su disparo por bajo lo atrap\u00f3 el guardameta Jorel.<\/p>\n<p>Los locales establecieron el empate en el minuto 62. En un bal\u00f3n a la espalda de la defensa, Ra\u00fal le gan\u00f3 la partida a los defensores, toc\u00f3 el bal\u00f3n de puntera ante la salida del portero, y lentamente se acab\u00f3 colando entre los tres palos. Los jugadores del Har\u00eda CF reclamaron que el futbolista del CD Lomo se encontraba en posici\u00f3n de fuera de juego en esta acci\u00f3n.<\/p>\n<p>El partido se abri\u00f3 por completo en los \u00faltimos 20 minutos, y el encuentro se pudo decantar para cualquiera de dos equipos. Las ocasiones m\u00e1s claras llegaron en los minutos de la prolongaci\u00f3n. Primero fue el CD Lomo el que dispuso de la suya, con un contragolpe en el que Unai se llev\u00f3 el esf\u00e9rico ante la salida de Jorel, y su disparo sin \u00e1ngulo desde la l\u00ednea de fondo lo sac\u00f3 el defensa Roberto bajo palos. Y el Har\u00eda dispuso de la suya en el minuto 96, con un disparo de Manu desde el interior del \u00e1rea por la parte derecha que se march\u00f3 alto.<\/p>\n<p>Con el empate a un gol se lleg\u00f3 al final del encuentro en el Municipal Agapito Reyes Viera de Altavista, sumando el CD Lomo su primer punto de la temporada y manteni\u00e9ndose invicto el Har\u00eda CF para situarse en la quinta posici\u00f3n de la clasificaci\u00f3n.<\/p>\n<p class=\"has-text-align-center\"><strong>Ficha T\u00e9cnica<\/strong><\/p>\n<p><strong>CD Lomo (1):<\/strong> Pedro, Acoid\u00e1n, Alejo, Rayco (Carlos 46), Manu, Yeray, Francis, Eduardo (Aketza 76), Ra\u00fal, Miguel (Unai 76), Lucas (Camilo 46). Entrenador: \u00d3scar Morales<\/p>\n<p><strong>Har\u00eda CF (1): <\/strong>Jorel, Eishayan (Gadifer 76), Duban (Yaco 87), Roberto, Dani, Chipi (Diego 63), Alex Torres (Guise 87), Alejandro, Aar\u00f3n, Manu Figueroa y Aythami (Alex 63). Entrenador: Borja Rubio<\/p>\n<p><strong>Goles:<\/strong><\/p>\n<p><strong>0-1: <\/strong>minuto 31, Aar\u00f3n<br \/><strong>1-1: <\/strong>minuto 62, Ra\u00fal<\/p>\n<p><strong>\u00c1rbitro: <\/strong>Alberto D\u00edaz Alonso, asistido en las bandas por Aar\u00f3n Mart\u00edn Torres y Pablo Javier Trujillo V\u00e1zquez. Expuls\u00f3 con roja directa al entrenador del Har\u00eda CF, Borja Rubio. Amonest\u00f3 a Manu y Camilo por parte del CD Lomo y a Jorel, Roberto, Chipi y Gadifer por el Har\u00eda CF.<\/p>\n<p><strong>Incidencias:<\/strong> Municipal Agapito Reyes Viera, unos 150 espectadores. Partido correspondiente a la cuarta jornada de la Primera Regional de Lanzarote. Se guard\u00f3 un minuto de silencio en memoria de Pepe Vega, vicepresidente de la Federaci\u00f3n Interinsular de F\u00fatbol de Las Palmas.<\/p>\n<p class=\"has-text-align-center\">\ud83d\udcf7 <strong><a href=\"https:\/\/www.facebook.com\/media\/set\/?set=a.1324724449555333&amp;type=3\" rel=\"nofollow noopener\" target=\"_blank\">Galer\u00eda de Fotos del encuentro entre el CD Lomo y el Har\u00eda CF<\/a><\/strong><\/p>\n","protected":false},"excerpt":{"rendered":"LanzaroteDeportiva.com La cuarta jornada de la Primera Regional de Lanzarote se puso en marcha en la noche del&hellip;\n","protected":false},"author":2,"featured_media":169494,"comment_status":"","ping_status":"","sticky":false,"template":"","format":"standard","meta":{"footnotes":""},"categories":[278],"tags":[376,49388,168,4007,25,24,375,49389,23,167],"class_list":{"0":"post-169493","1":"post","2":"type-post","3":"status-publish","4":"format-standard","5":"has-post-thumbnail","7":"category-balonmano","8":"tag-balonmano","9":"tag-cd-lomo","10":"tag-deportes","11":"tag-destacado","12":"tag-es","13":"tag-espana","14":"tag-handball","15":"tag-haria-cf","16":"tag-spain","17":"tag-sports"},"share_on_mastodon":{"url":"","error":""},"_links":{"self":[{"href":"https:\/\/www.europesays.com\/es\/wp-json\/wp\/v2\/posts\/169493","targetHints":{"allow":["GET"]}}],"collection":[{"href":"https:\/\/www.europesays.com\/es\/wp-json\/wp\/v2\/posts"}],"about":[{"href":"https:\/\/www.europesays.com\/es\/wp-json\/wp\/v2\/types\/post"}],"author":[{"embeddable":true,"href":"https:\/\/www.europesays.com\/es\/wp-json\/wp\/v2\/users\/2"}],"replies":[{"embeddable":true,"href":"https:\/\/www.europesays.com\/es\/wp-json\/wp\/v2\/comments?post=169493"}],"version-history":[{"count":0,"href":"https:\/\/www.europesays.com\/es\/wp-json\/wp\/v2\/posts\/169493\/revisions"}],"wp:featuredmedia":[{"embeddable":true,"href":"https:\/\/www.europesays.com\/es\/wp-json\/wp\/v2\/media\/169494"}],"wp:attachment":[{"href":"https:\/\/www.europesays.com\/es\/wp-json\/wp\/v2\/media?parent=169493"}],"wp:term":[{"taxonomy":"category","embeddable":true,"href":"https:\/\/www.europesays.com\/es\/wp-json\/wp\/v2\/categories?post=169493"},{"taxonomy":"post_tag","embeddable":true,"href":"https:\/\/www.europesays.com\/es\/wp-json\/wp\/v2\/tags?post=169493"}],"curies":[{"name":"wp","href":"https:\/\/api.w.org\/{rel}","templated":true}]}}