{"id":169495,"date":"2025-10-11T11:41:14","date_gmt":"2025-10-11T11:41:14","guid":{"rendered":"https:\/\/www.europesays.com\/es\/169495\/"},"modified":"2025-10-11T11:41:14","modified_gmt":"2025-10-11T11:41:14","slug":"querido-luis-pla-ventura-glorieta-digital-paco-canamero","status":"publish","type":"post","link":"https:\/\/www.europesays.com\/es\/169495\/","title":{"rendered":"Querido Luis Pla Ventura: | Glorieta Digital \u2013 Paco Ca\u00f1amero"},"content":{"rendered":"<p><a href=\"https:\/\/www.glorietadigital.es\/wp-content\/uploads\/2025\/10\/f850x638-307045_384534_6038.webp\" rel=\"nofollow noopener\" target=\"_blank\"><img fetchpriority=\"high\" decoding=\"async\" width=\"850\" height=\"638\" src=\"https:\/\/www.glorietadigital.es\/wp-content\/uploads\/2025\/10\/f850x638-307045_384534_6038.webp\" alt=\"\" class=\"wp-image-8853\"  \/><\/a><\/p>\n<p>Est\u00e1bamos en el para\u00edso teresiano de Alba de Tormes (\u00a1que casualidad, t\u00fa que eras tan devoto de la santa andariega!) hablando de toros cuando salt\u00f3 la noticia de tu muerte, que no por esperada fue menos triste. Desde muchos meses atr\u00e1s \u00e9ramos sabedores que ten\u00edas una estocada en todo lo alto y tratabas de espantar a la parca, esa dama que te cortejaba y t\u00fa, con tus ganas de vivir, sal\u00edas corriendo de un lado para otro para no caer en sus brazos. Por eso diste una gran lecci\u00f3n estando al pie del ca\u00f1\u00f3n hasta, casi, tu \u00faltimo suspiro.<\/p>\n<p>Te has ido a los cielos en ese para\u00edso de la ilusi\u00f3n y la magia infantil que es Ibi, tu pueblo, con sus f\u00e1bricas de fantas\u00eda que producen los juguetes que se venden en Espa\u00f1a y de las que tan orgulloso te sent\u00edas, teniendo siempre palabras de cari\u00f1o para ese bello pueblo alicantino que te vio nacer y morir. Aquel Ibi en el que, siendo un ni\u00f1o, pon\u00edas la oreja para escuchar a la gente hablar de los \u00e9xitos de Pacorro y El Tino, quienes ten\u00edan formada tal revoluci\u00f3n novilleril que se fletaban trenes especiales para ir a verlos torear. Y desde entonces ya tu vida estuvo cerca de los toros, sin desfallecer jam\u00e1s, al igual que del mundo de las letras, que tratabas de seguir fij\u00e1ndote, mayormente, en la pluma de Alfonso Naval\u00f3n, un \u00eddolo para ti, surgiendo pronto tal amistad que cada oto\u00f1o ibas a visitarlo a su finca fronteriza de El Berrocal, donde llenabas de juguetes la casa del maestro de la cr\u00edtica. Y es que, en cada una de tus visitas, para los hijos de Naval\u00f3n era otro particular d\u00eda de Reyes.<\/p>\n<p>Recuerdo siendo a\u00fan muy ni\u00f1o cuando empec\u00e9 a leerte. Fue en El Mundo de los Toros, el semanario taurino editado en Palma de Mallorca por el gran aficionado Juan Bosch y llegaba a manos de todos los aficionados. All\u00ed, muy pronto, me llam\u00f3 la atenci\u00f3n la pasi\u00f3n con la que escrib\u00edas art\u00edculos sobre Gregorio T\u00e9bar El Inclusero, el gran torero alicantino a quien dedicaste tus mejores l\u00edneas y por quien sent\u00edas aut\u00e9ntica veneraci\u00f3n, hasta el punto que nadie como tu cant\u00f3 su excelente ver\u00f3nica; ni su magn\u00edfica muleta, siendo un artista que puso haber volado mucho m\u00e1s alto si no es esa maldita espada que le cerr\u00f3 tantos triunfos y puertas grandes. \u00a0<\/p>\n<p>Con el tiempo fui trat\u00e1ndote cada vez m\u00e1s y durante muchos a\u00f1os estuvimos muy cerca, con llamadas continuas, al igual que el carteo intercambi\u00e1ndonos viejas revistas, fotos\u2026 De t\u00ed, que ten\u00edas mucha experiencia en este mundo, recib\u00ed much\u00edsima ayuda cuando comenc\u00e9 a escribir libros. Tambi\u00e9n, con toda mi gratitud, recuerdo que me llevaste varias veces a dar conferencias y charlas por la zona de Levante, encarg\u00e1ndote de todo y siendo un magn\u00edfico apoderado. Tampoco olvido que, gracias a ti, pude conocer, acercarme y gozar de la amistad de la leyenda de Pepe Luis V\u00e1zquez, el viejo maestro de San Bernardo, gracias a arreglarme una entrevista y recibirme un mi\u00e9rcoles, v\u00edspera del Corpus de 1997, en su domicilio de la sevillana calle de Isabel de Suavia, naciendo ah\u00ed los afectos a esa familia de la mayor solera taurina, a quien despu\u00e9s visit\u00e9 en m\u00e1s ocasiones y con su hijo Pepe Luis (er ni\u00f1o Pepelui) siempre hubo mucha cercan\u00eda. \u00a0\u00a0<\/p>\n<p>Son muchas las vivencias y conversaciones contigo, querido Luis, a quien por cierto en el \u00faltimo viaje a Alicante, hace un par de a\u00f1os ya no nos pudimos saludar al ausentarte del acto por enfermedad, ya cuando el c\u00e1ncer ro\u00eda tus entra\u00f1as. Y fue una pena, porque al d\u00eda siguiente, para estar juntos y ense\u00f1arme tesoros mediterr\u00e1neos, hab\u00edas programado, con esa ilusi\u00f3n que hac\u00eda las cosas, una excusi\u00f3n a la isla de Tabarca a la que alguna vez ir\u00e9 y, en ese momento que la pise por primera vez, alzar\u00e9 la mirada al cielo para tener la sensaci\u00f3n que est\u00e1s d\u00e1ndome las bendiciones. <\/p>\n<p>Ahora te has ido y nos queda el legado de una carrera tan larga con tu firma en numerosos medios, siempre abrazado al pedestal al que aupaste al Inclusero y tambi\u00e9n a S\u00e1nchez Puerto y Pepe Luis V\u00e1zquez, que fueron tu debilidad.<\/p>\n<p>Hasta siempre, querido Luis, que fuiste buena gente hasta decir basta.<\/p>\n<p>\u00a1Que Santa Teresa -de la que fuiste tan devoto- te ampare en el viaje a la eternidad!<\/p>\n","protected":false},"excerpt":{"rendered":"Est\u00e1bamos en el para\u00edso teresiano de Alba de Tormes (\u00a1que casualidad, t\u00fa que eras tan devoto de la&hellip;\n","protected":false},"author":2,"featured_media":169496,"comment_status":"","ping_status":"","sticky":false,"template":"","format":"standard","meta":{"footnotes":""},"categories":[277],"tags":[373,168,25,24,23,167,374],"class_list":{"0":"post-169495","1":"post","2":"type-post","3":"status-publish","4":"format-standard","5":"has-post-thumbnail","7":"category-toreo","8":"tag-bullfighting","9":"tag-deportes","10":"tag-es","11":"tag-espana","12":"tag-spain","13":"tag-sports","14":"tag-toreo"},"share_on_mastodon":{"url":"","error":""},"_links":{"self":[{"href":"https:\/\/www.europesays.com\/es\/wp-json\/wp\/v2\/posts\/169495","targetHints":{"allow":["GET"]}}],"collection":[{"href":"https:\/\/www.europesays.com\/es\/wp-json\/wp\/v2\/posts"}],"about":[{"href":"https:\/\/www.europesays.com\/es\/wp-json\/wp\/v2\/types\/post"}],"author":[{"embeddable":true,"href":"https:\/\/www.europesays.com\/es\/wp-json\/wp\/v2\/users\/2"}],"replies":[{"embeddable":true,"href":"https:\/\/www.europesays.com\/es\/wp-json\/wp\/v2\/comments?post=169495"}],"version-history":[{"count":0,"href":"https:\/\/www.europesays.com\/es\/wp-json\/wp\/v2\/posts\/169495\/revisions"}],"wp:featuredmedia":[{"embeddable":true,"href":"https:\/\/www.europesays.com\/es\/wp-json\/wp\/v2\/media\/169496"}],"wp:attachment":[{"href":"https:\/\/www.europesays.com\/es\/wp-json\/wp\/v2\/media?parent=169495"}],"wp:term":[{"taxonomy":"category","embeddable":true,"href":"https:\/\/www.europesays.com\/es\/wp-json\/wp\/v2\/categories?post=169495"},{"taxonomy":"post_tag","embeddable":true,"href":"https:\/\/www.europesays.com\/es\/wp-json\/wp\/v2\/tags?post=169495"}],"curies":[{"name":"wp","href":"https:\/\/api.w.org\/{rel}","templated":true}]}}