{"id":169505,"date":"2025-10-11T11:49:08","date_gmt":"2025-10-11T11:49:08","guid":{"rendered":"https:\/\/www.europesays.com\/es\/169505\/"},"modified":"2025-10-11T11:49:08","modified_gmt":"2025-10-11T11:49:08","slug":"el-aplaudido-consejo-de-karlos-arguinano-a-los-jovenes-sobre-la-importante-relacion-entre-la-comida-y-el-estudio","status":"publish","type":"post","link":"https:\/\/www.europesays.com\/es\/169505\/","title":{"rendered":"El aplaudido consejo de Karlos Argui\u00f1ano a los j\u00f3venes sobre la importante relaci\u00f3n entre la comida y el estudio"},"content":{"rendered":"<p class=\"c-paragraph\"><a href=\"https:\/\/www.20minutos.es\/tags\/personas\/karlos-arguinano.html\" title=\"Karlos Argui\u00f1ano\" rel=\"nofollow noopener\" target=\"_blank\">Karlos Argui\u00f1ano<\/a><b> se ha convertido en uno de los cocineros m\u00e1s importantes de la televisi\u00f3n. <\/b>Tras m\u00e1s de tres d\u00e9cadas ense\u00f1ando a los espa\u00f1oles a cocinar con sus programas de televisi\u00f3n, es todo un referente. Por ello, no duda en aprovechar su altavoz para hacer reflexiones sobre la situaci\u00f3n actual de la sociedad.\u00a0<\/p>\n<p class=\"c-paragraph\">Prueba de ello fue su reciente intervenci\u00f3n viral. Como si estuviera hablando en la cocina de su casa y no delante de una c\u00e1mara, mientras pelaba un tomate aprovech\u00f3 para recodar a su nieta. \u00ab<b>Yo siempre animo a los j\u00f3venes.<\/b> Se ponen a vivir en pisos&#8230; siempre suelo recordar porque yo tambi\u00e9n tengo una nieta en <a href=\"https:\/\/www.20minutos.es\/tags\/lugares\/malaga.html\" title=\"M\u00e1laga\" rel=\"nofollow noopener\" target=\"_blank\">M\u00e1laga<\/a>, all\u00ed en un pueblito, que est\u00e1 haciendo carrera ya con 21 a\u00f1os\u00bb, comenz\u00f3 a explicar.\u00a0<\/p>\n<p class=\"c-paragraph\">Porque, como as\u00ed destac\u00f3, aunque no lo parezca, su trabajo es fundamental. \u00abSiempre les digo:\u00a0&#8216;seguidme la pista&#8217;.\u00a0\u00a0Porque<b>\u00a0para estudiar hay que estar bien alimentado.<\/b>\u00a0Estar bien alimentado es muy importante para estudiar, para hacer ejercicio, para hacer el amor y para ser simp\u00e1tico. Si no has comido bien&#8230; hay que comer bien para estar din\u00e1mico\u00bb, recalc\u00f3.<\/p>\n<p class=\"c-paragraph\">El v\u00eddeo, que el propio cocinero comparti\u00f3 a trav\u00e9s de <a href=\"https:\/\/www.20minutos.es\/tags\/temas\/tiktok.html\" title=\"TikTok\" rel=\"nofollow noopener\" target=\"_blank\">TikTok<\/a>, super\u00f3 m\u00e1s de 114.000 visualizaciones y decenas de comentarios, <b>aplaudiendo el apoyo del cocinero a los j\u00f3venes.<\/b> Porque como as\u00ed destacaron varias personas, las recetas de Argui\u00f1ano les han acompa\u00f1ado toda la vida.\u00a0<\/p>\n<p class=\"c-paragraph\">\u00abSiempre lo vi desde chico a Karlos\u2026 Un genio. Mientras cocinaba a mis 12 a\u00f1os lo ve\u00eda en la tele a ver si pod\u00eda hacer su comida al d\u00eda siguiente\u00bb \u00abtoda la raz\u00f3n\u00bb, \u00abas\u00ed es\u00bb, o \u00ab\u00a1<b>q<b>u\u00e9 buen consejo!<\/b><\/b>\u00a0Se lo enviar\u00e9 a mi hijo. Tiene que estar bien alimentado\u00bb, aseguraron algunos internautas.<\/p>\n","protected":false},"excerpt":{"rendered":"Karlos Argui\u00f1ano se ha convertido en uno de los cocineros m\u00e1s importantes de la televisi\u00f3n. Tras m\u00e1s de&hellip;\n","protected":false},"author":2,"featured_media":169506,"comment_status":"","ping_status":"","sticky":false,"template":"","format":"standard","meta":{"footnotes":""},"categories":[174],"tags":[15003,49077,255,1576,146,147,25,24,256,49076,4417,23],"class_list":{"0":"post-169505","1":"post","2":"type-post","3":"status-publish","4":"format-standard","5":"has-post-thumbnail","7":"category-famosos","8":"tag-aplaudido","9":"tag-arguinano","10":"tag-celebrities","11":"tag-consejo","12":"tag-entertainment","13":"tag-entretenimiento","14":"tag-es","15":"tag-espana","16":"tag-famosos","17":"tag-karlos","18":"tag-los","19":"tag-spain"},"share_on_mastodon":{"url":"","error":""},"_links":{"self":[{"href":"https:\/\/www.europesays.com\/es\/wp-json\/wp\/v2\/posts\/169505","targetHints":{"allow":["GET"]}}],"collection":[{"href":"https:\/\/www.europesays.com\/es\/wp-json\/wp\/v2\/posts"}],"about":[{"href":"https:\/\/www.europesays.com\/es\/wp-json\/wp\/v2\/types\/post"}],"author":[{"embeddable":true,"href":"https:\/\/www.europesays.com\/es\/wp-json\/wp\/v2\/users\/2"}],"replies":[{"embeddable":true,"href":"https:\/\/www.europesays.com\/es\/wp-json\/wp\/v2\/comments?post=169505"}],"version-history":[{"count":0,"href":"https:\/\/www.europesays.com\/es\/wp-json\/wp\/v2\/posts\/169505\/revisions"}],"wp:featuredmedia":[{"embeddable":true,"href":"https:\/\/www.europesays.com\/es\/wp-json\/wp\/v2\/media\/169506"}],"wp:attachment":[{"href":"https:\/\/www.europesays.com\/es\/wp-json\/wp\/v2\/media?parent=169505"}],"wp:term":[{"taxonomy":"category","embeddable":true,"href":"https:\/\/www.europesays.com\/es\/wp-json\/wp\/v2\/categories?post=169505"},{"taxonomy":"post_tag","embeddable":true,"href":"https:\/\/www.europesays.com\/es\/wp-json\/wp\/v2\/tags?post=169505"}],"curies":[{"name":"wp","href":"https:\/\/api.w.org\/{rel}","templated":true}]}}