{"id":169509,"date":"2025-10-11T11:51:11","date_gmt":"2025-10-11T11:51:11","guid":{"rendered":"https:\/\/www.europesays.com\/es\/169509\/"},"modified":"2025-10-11T11:51:11","modified_gmt":"2025-10-11T11:51:11","slug":"estar-entre-libros-es-uno-de-los-trabajos-mas-bonitos-que-hay","status":"publish","type":"post","link":"https:\/\/www.europesays.com\/es\/169509\/","title":{"rendered":"\u00abEstar entre libros es uno de los trabajos m\u00e1s bonitos que hay\u00bb"},"content":{"rendered":"<p><a class=\"v-mdl-ath__fig-a\" href=\"https:\/\/www.elcorreo.com\/autor\/laura-gonzalez-2295.html\" title=\"Laura Gonz\u00e1lez\" rel=\"nofollow noopener\" target=\"_blank\"><br \/>\n<img decoding=\"async\" class=\"v-mdl-ath__img\" src=\"https:\/\/www.europesays.com\/es\/wp-content\/uploads\/2025\/10\/autor-2295-foto-1.png\" alt=\"Laura Gonz\u00e1lez\"\/><br \/>\n<\/a><\/p>\n<p class=\"v-mdl-ath__p v-mdl-ath__p--6\">\nViernes, 10 de octubre 2025, 16:20<\/p>\n<p>| Actualizado 16:36h.<\/p>\n<p class=\"v-p\">Diez a\u00f1os despu\u00e9s de que se estrenara el hospital de Cruces con su primera operaci\u00f3n, realizada en 1955, en los edificios de viviendas cercanos que se hab\u00edan ido construyendo en este barrio baracald\u00e9s, donde todav\u00eda exist\u00edan numerosas campas y modestas casas bajas, junto a caminos de grijo, fueron floreciendo varios negocios. Entre ellos el de Antonino Goitia y Luc\u00eda Isabel, la librer\u00eda San Juan, cuyo nombre hace referencia al apellido de esta mujer, y que es hoy en d\u00eda uno de los comercios de este sector m\u00e1s antiguos de todo el municipio. <\/p>\n<p class=\"v-p\">Seis d\u00e9cadas m\u00e1s tarde contin\u00faan en \u00e9l levantando cada ma\u00f1ana la persiana. Tras la jubilaci\u00f3n del matrimonio se hizo cargo del negocio uno de sus hijos, Francisco Javier, hasta que enferm\u00f3 y falleci\u00f3. En 2009 alguien ajeno a la familia cogi\u00f3 el testigo, Inma Pando, primero con su marido, quien tambi\u00e9n muri\u00f3, y luego en solitario. \u00abSiempre he estado en el gremio, me encanta. Estar entre libros es uno de los trabajos m\u00e1s bonitos que hay\u00bb, declara. Sonia Rodr\u00edguez, quien en 2023 tom\u00f3 el relevo, asiente. Esta vecina del barrio decidi\u00f3 reinventarse como aut\u00f3noma, tras haber trabajado en supermercados. \u00abMe enter\u00e9 por unos amigos que Inma se iba, me li\u00e9 la manta a la cabeza y me lanc\u00e9 a la aventura. No quer\u00eda que este negocio se cerrara y adem\u00e1s desde bien peque\u00f1a me encantan las papeler\u00edas\u00bb, cuenta. <\/p>\n<p class=\"v-p\">La lonja sigue a nombre, eso s\u00ed, del otro hijo de Antonino y Luc\u00eda Isabel, Jos\u00e9 Mar\u00eda, quien lleg\u00f3 a pasar de chaval mucho tiempo en esta tienda. \u00abCuando empezaron mis padres yo ten\u00eda 14 a\u00f1os, estaba en la escuela de aprendices, y estudiaba el Bachillerato por la tarde. Mi vida fue por otro lado pero aqu\u00ed recuerdo que se vend\u00edan muchos pizarrines, cuadernos de Rubio y cartillas para los ni\u00f1os\u00bb, enumera, antes de destacar que todo el m\u00e9rito de que este negocio se mantenga 60 a\u00f1os despu\u00e9s es de Inma y Sonia. \u00abSon las protagonistas\u00bb, declara. Entre los tres guardan una buena relaci\u00f3n y Jos\u00e9 Mar\u00eda les agradece la apuesta por mantener viva esta librer\u00eda y con ello la gran ilusi\u00f3n con la que sus padres la abrieron, \u00abfue toda su vida\u00bb, despu\u00e9s de que un conocido que ten\u00eda una papeler\u00eda en Basurto animara a Antonino. \u00abLe dijo que ten\u00eda futuro\u00bb. <\/p>\n<p class=\"v-p\">Desde el momento en el que el matrimonio lanz\u00f3 su negocio hasta ahora han ido surtiendo de libros, cuadernos, revistas y peri\u00f3dicos, entre otras cosas, a varias generaciones de vecinos. \u00abEl secreto de estar aqu\u00ed seis d\u00e9cadas despu\u00e9s es estar al d\u00eda. Hay que ponerse las pilas y no cerrar los ojos a nada\u00bb, declaran, mostrando la variedad de productos que ofrecen ahora, desde bolsos a mochilas, paraguas y juguetes. \u00abPero libros vendemos mucho, de todo tipo, \u00e9ste es un barrio que se lee. Viene gente a que les haga recomendaciones, y tengo muchos encargos, tambi\u00e9n de colegios y de la biblioteca\u00bb, apunta la actual propietaria. <\/p>\n<p>Ejemplares de medicina<\/p>\n<p class=\"v-p\">Pese a que su d\u00eda a d\u00eda, como la de muchos otros negocios, es luchar contra las grandes plataformas, Sonia se\u00f1ala que cuenta con una clientela \u00abfiel, del barrio\u00bb, algo que destacan en todas las etapas de este negocio. \u00abEl trato es muy personal, muy familiar. A m\u00ed todav\u00eda hay antiguas clientas que me llaman para ver qu\u00e9 tal estoy y para tomarnos un caf\u00e9. La gente es muy maja. Aqu\u00ed siempre se ha dado un buen trato. Es lo que tiene el comercio local\u00bb, se\u00f1ala Inma, reconociendo que lleg\u00f3 a temer por el futuro de este sector cuando sali\u00f3 el libro electr\u00f3nico. \u00abCuando cogi\u00f3 auge me dio mucha angustia. Se not\u00f3 una bajada de ventas el primer a\u00f1o, pero luego se vio que hay muchas personas que prefieren el papel\u00bb, cuenta aliviada. <\/p>\n<p class=\"v-p\">Este negocio, por su cercan\u00eda con el hospital de Cruces, ha surtido a muchos profesionales del centro. \u00abA mi hermano le ped\u00edan m\u00e9dicos y enfermeras muchas obras espec\u00edficas. Yo tengo en casa todav\u00eda cosas que sobraron, como un diccionario de ruso-espa\u00f1ol\u00bb, declara el due\u00f1o de la lonja, antes de lanzar al aire un deseo. \u00abOjal\u00e1 que esta librer\u00eda dure otros 60 a\u00f1os m\u00e1s\u00bb.<\/p>\n<p>Reporta un error<\/p>\n","protected":false},"excerpt":{"rendered":"Viernes, 10 de octubre 2025, 16:20 | Actualizado 16:36h. Diez a\u00f1os despu\u00e9s de que se estrenara el hospital&hellip;\n","protected":false},"author":2,"featured_media":169510,"comment_status":"","ping_status":"","sticky":false,"template":"","format":"standard","meta":{"footnotes":""},"categories":[172],"tags":[49393,224,146,147,25,24,1141,225,23,1243],"class_list":{"0":"post-169509","1":"post","2":"type-post","3":"status-publish","4":"format-standard","5":"has-post-thumbnail","7":"category-libros","8":"tag-bonitos","9":"tag-books","10":"tag-entertainment","11":"tag-entretenimiento","12":"tag-es","13":"tag-espana","14":"tag-estar","15":"tag-libros","16":"tag-spain","17":"tag-trabajos"},"share_on_mastodon":{"url":"","error":""},"_links":{"self":[{"href":"https:\/\/www.europesays.com\/es\/wp-json\/wp\/v2\/posts\/169509","targetHints":{"allow":["GET"]}}],"collection":[{"href":"https:\/\/www.europesays.com\/es\/wp-json\/wp\/v2\/posts"}],"about":[{"href":"https:\/\/www.europesays.com\/es\/wp-json\/wp\/v2\/types\/post"}],"author":[{"embeddable":true,"href":"https:\/\/www.europesays.com\/es\/wp-json\/wp\/v2\/users\/2"}],"replies":[{"embeddable":true,"href":"https:\/\/www.europesays.com\/es\/wp-json\/wp\/v2\/comments?post=169509"}],"version-history":[{"count":0,"href":"https:\/\/www.europesays.com\/es\/wp-json\/wp\/v2\/posts\/169509\/revisions"}],"wp:featuredmedia":[{"embeddable":true,"href":"https:\/\/www.europesays.com\/es\/wp-json\/wp\/v2\/media\/169510"}],"wp:attachment":[{"href":"https:\/\/www.europesays.com\/es\/wp-json\/wp\/v2\/media?parent=169509"}],"wp:term":[{"taxonomy":"category","embeddable":true,"href":"https:\/\/www.europesays.com\/es\/wp-json\/wp\/v2\/categories?post=169509"},{"taxonomy":"post_tag","embeddable":true,"href":"https:\/\/www.europesays.com\/es\/wp-json\/wp\/v2\/tags?post=169509"}],"curies":[{"name":"wp","href":"https:\/\/api.w.org\/{rel}","templated":true}]}}