{"id":169547,"date":"2025-10-11T12:12:09","date_gmt":"2025-10-11T12:12:09","guid":{"rendered":"https:\/\/www.europesays.com\/es\/169547\/"},"modified":"2025-10-11T12:12:09","modified_gmt":"2025-10-11T12:12:09","slug":"estas-son-las-operaciones-a-las-que-se-ha-sometido-omar-sanchez","status":"publish","type":"post","link":"https:\/\/www.europesays.com\/es\/169547\/","title":{"rendered":"Estas son las operaciones a las que se ha sometido Omar S\u00e1nchez"},"content":{"rendered":"<p data-journey-content=\"true\" data-node-id=\"3\" class=\"css-6wxqfj emevuu60\"><strong data-node-id=\"3.0\">Omar S\u00e1nchez ha decidido pasar por quir\u00f3fano.<\/strong> As\u00ed lo ha desvelado el deportista a trav\u00e9s de sus redes sociales donde ha compartido un v\u00eddeo en el que cuenta todos los detalles de esta operaci\u00f3n est\u00e9tica que se ha realizado para mejorar su aspecto f\u00edsico. Llevaba varios d\u00edas desaparecido de redes sociales, donde suele estar siempre muy activo. Por eso, sus seguidores comenzaron a preocuparse por \u00e9l y preguntarle la raz\u00f3n por la que llevaba ausente tantos d\u00edas. <\/p>\n<p data-journey-content=\"true\" data-node-id=\"6\" class=\"css-6wxqfj emevuu60\">Pues bien,<strong data-node-id=\"6.1\"> el canario ha estado tantos d\u00edas desparecido porque se encontraba recuper\u00e1ndose de las dos intervenciones que se ha realizado.<\/strong> Unas operaciones est\u00e9ticas que llevaba tiempo pensando, pero no ha sido hasta ahora cuando se ha decidido  a realizarlas. Lo primero que ha hecho el exmarido de <a href=\"https:\/\/www.diezminutos.es\/anabel-pantoja\/\" target=\"_blank\" data-vars-ga-outbound-link=\"https:\/\/www.diezminutos.es\/anabel-pantoja\/\" data-vars-ga-ux-element=\"Hyperlink\" data-vars-ga-call-to-action=\"Anabel Pantoja\" data-node-id=\"6.3\" class=\"body-link css-177bzfx emevuu60\" rel=\"nofollow noopener\">Anabel Pantoja<\/a> ha sido agradecer todas las muestras de cari\u00f1o y apoyo que ha recibido durante estos d\u00edas, en los que nadie sabia que se encontraba de postoperatorio. <\/p>\n<p data-journey-content=\"true\" data-node-id=\"8\" class=\"css-6wxqfj emevuu60\">\u00abMuy buenas a todos. Antes que nada, <strong data-node-id=\"8.1\">quiero agradecer a todo el mundo que se ha puesto en contacto conmigo preocup\u00e1ndose por m\u00ed,<\/strong> sin a\u00fan saber qu\u00e9 me hab\u00eda hecho. Desde aqu\u00ed, de coraz\u00f3n, gracias por preocuparse tanto\u00bb, ha comenzado agradeciendo en este v\u00eddeo que ha realizado desde su coche y en el que aparece con vendas en los p\u00e1rpados y en la nariz. <\/p>\n<p>Dos intervenciones para mejorar su aspecto f\u00edsico<\/p>\n<p data-journey-content=\"true\" data-node-id=\"14\" class=\"css-6wxqfj emevuu60\">Tras el agradecimiento a sus fans, el windsurfista canario confirmaba que se hab\u00eda sometido esta misma semana a dos intervenciones para mejorar su aspecto f\u00edsico<strong data-node-id=\"14.1\">. Unas operaciones est\u00e9ticas que llevaba a\u00f1os plante\u00e1ndose pero no ha sido hasta ahora cuando ha decidido dar este importante paso <\/strong>de mejorar aquello con lo que no se encontraba c\u00f3modo cuando se miraba al espejo. \u00abHace mucho tiempo que pensaba en hac\u00e9rmelo, pero no encontraba el lugar adecuado <strong data-node-id=\"14.3\">donde pudieran dejarme un resultado natural, como yo quer\u00eda\u00bb<\/strong>, ha explicado.<\/p>\n<p data-journey-content=\"true\" data-node-id=\"16\" class=\"css-6wxqfj emevuu60\">Concretamente <strong data-node-id=\"16.1\">el ex de Anabel Pantoja se ha sometido a dos operaciones que se han extendido<\/strong> en los \u00faltimos a\u00f1os entre las &#8216;celebrities&#8217; nacionales e internacionales. Se trata de <strong data-node-id=\"16.3\">una rinoplastia y una blefaroplastia. <\/strong><\/p>\n<p>\u00bfQu\u00e9 beneficios tiene una rinoplastia?<\/p>\n<p data-journey-content=\"true\" data-node-id=\"19\" class=\"css-6wxqfj emevuu60\">Tal y como nos explic\u00f3 la experta en <a href=\"https:\/\/www.diezminutos.es\/moda-belleza\/belleza\/a64987311\/rinomodelacion-o-rinoplastia-nariz-consejos-experta-victoria-trasmonte\/\" target=\"_blank\" data-vars-ga-outbound-link=\"https:\/\/www.diezminutos.es\/moda-belleza\/belleza\/a64987311\/rinomodelacion-o-rinoplastia-nariz-consejos-experta-victoria-trasmonte\/\" data-vars-ga-ux-element=\"Hyperlink\" data-vars-ga-call-to-action=\"medicina est\u00e9tica Victoria Trasmonte la rinoplastia\" data-node-id=\"19.1\" class=\"body-link css-177bzfx emevuu60\" rel=\"nofollow noopener\">medicina est\u00e9tica Victoria Trasmonte la rinoplastia<\/a> \u00abes <strong data-node-id=\"19.3\">una cirug\u00eda que permite reestructurar la nariz, tanto est\u00e9tica como funcionalmente.<\/strong> Es la mejor opci\u00f3n cuando se quiere reducir tama\u00f1o, corregir desviaciones o mejorar la respiraci\u00f3n. Requiere m\u00e1s tiempo de recuperaci\u00f3n, pero los resultados son permanentes y m\u00e1s amplios\u00bb.  <\/p>\n<p data-journey-content=\"true\" data-node-id=\"21\" class=\"css-6wxqfj emevuu60\">Y es que, <strong data-node-id=\"21.1\">Omar siempre se ha sentido inc\u00f3modo con la desviaci\u00f3n de su tabique<\/strong>, algo que solventaba temporalmente con otra de las intervenciones est\u00e9ticas m\u00e1s demandadas en los \u00faltimos a\u00f1os la<strong data-node-id=\"21.3\"> rinomodelaci\u00f3n<\/strong>. Otro procedimiento est\u00e9tico del que tambi\u00e9n nos ha hablado la experta en medicina est\u00e9tica Victoria Trasmonte. La doctora Trasmonte nos explic\u00f3 que la rinomelaci\u00f3n e<strong data-node-id=\"21.5\">s \u00abun tratamiento m\u00e9dico est\u00e9tico que permite corregir imperfecciones leves sin cirug\u00eda\u00bb.  <\/strong>Con \u00e1cido hialur\u00f3nico, podemos disimular gibas, levantar la punta o suavizar el perfil de forma r\u00e1pida, segura y sin baja m\u00e9dica. Lo que pasa es que el resultado no es permanente. Por eso, en el caso de Omar S\u00e1nchez que buscaba corregir para siempre su nariz, <strong data-node-id=\"21.7\">la mejor forma para hacerlo era a trav\u00e9s de una rinoplastia<\/strong>, ya que es un cambio permanente. <\/p>\n<p data-journey-content=\"true\" data-node-id=\"23\" class=\"css-6wxqfj emevuu60\">\u00abTen\u00eda unas gibas un poco pronunciadas, y en los p\u00e1rpados, de tanto sol y estar todo el d\u00eda en el agua, se me hab\u00edan ca\u00eddo un poquito. La mirada se ve\u00eda triste, un poco apagada\u00bb, ha reconocido Omar. <\/p>\n<p><img draggable=\"true\" alt=\"omar s\u00e1nchez\" title=\"Omar S\u00e1nchez\" loading=\"lazy\" width=\"1200\" height=\"1800\" decoding=\"async\" data-nimg=\"1\" style=\"color:transparent;width:100%;height:auto;\"   src=\"https:\/\/www.europesays.com\/es\/wp-content\/uploads\/2025\/10\/sv21-omar-1618297277.jpg\" class=\"css-0 e1g79fud0\"\/><\/p>\n<p>Mediaset<\/p>\n<p>Blefaroplastia, una de las operaciones m\u00e1s demandadas en los \u00faltimos a\u00f1os<img draggable=\"true\" alt=\"un cirujano marca con un rotulador los parpados antes de operar\" title=\"Un cirujano marca con un rotulador los parpados antes de operar\" loading=\"lazy\" width=\"5616\" height=\"3744\" decoding=\"async\" data-nimg=\"1\" style=\"color:transparent;width:100%;height:auto;\"   src=\"https:\/\/www.europesays.com\/es\/wp-content\/uploads\/2025\/10\/doctors-hand-marking-womans-eyelid-with-pen-royalty-free-image-1736955041.pjpeg\" class=\"css-0 e1g79fud0\"\/><\/p>\n<p>Jutta Klee\/\/Getty Images<\/p>\n<p data-journey-content=\"true\" data-node-id=\"28\" class=\"css-6wxqfj emevuu60\"><strong data-node-id=\"28.0\">Respecto a <a href=\"https:\/\/www.diezminutos.es\/moda-belleza\/belleza\/a63391611\/parpados-caidos-soluciones-experta-medicina-estetica\/\" target=\"_blank\" data-vars-ga-outbound-link=\"https:\/\/www.diezminutos.es\/moda-belleza\/belleza\/a63391611\/parpados-caidos-soluciones-experta-medicina-estetica\/\" data-vars-ga-ux-element=\"Hyperlink\" data-vars-ga-call-to-action=\"los p\u00e1rpados ca\u00eddos\" data-node-id=\"28.0.1\" class=\"body-link css-177bzfx emevuu60\" rel=\"nofollow noopener\">los p\u00e1rpados ca\u00eddos<\/a><\/strong><a href=\"https:\/\/www.diezminutos.es\/moda-belleza\/belleza\/a63391611\/parpados-caidos-soluciones-experta-medicina-estetica\/\" target=\"_blank\" data-vars-ga-outbound-link=\"https:\/\/www.diezminutos.es\/moda-belleza\/belleza\/a63391611\/parpados-caidos-soluciones-experta-medicina-estetica\/\" data-vars-ga-ux-element=\"Hyperlink\" data-vars-ga-call-to-action=\",\" data-node-id=\"28.1\" class=\"body-link css-177bzfx emevuu60\" rel=\"nofollow noopener\">,<\/a> que es un tema que preocupa tanto a hombres como mujeres. La doctora Victoria Trasmonte tambi\u00e9n nos habl\u00f3 que a trav\u00e9s de la <strong data-node-id=\"28.3\">blefaroplastia<\/strong>, la intervenci\u00f3n a la que se ha sometido el exmarido de Anabel Pantoja, se pueden conseguir grandes resultados y que son permanente. <\/p>\n<p data-journey-content=\"true\" data-node-id=\"30\" class=\"css-6wxqfj emevuu60\">La doctora nos explic\u00f3 que <strong data-node-id=\"30.1\">la blefaroplastia es una que elimina la piel y la grasa sobrante de los p\u00e1rpados<\/strong>. Tiene unos resultados permanentes, pero lo que puede suponer un obst\u00e1culo para muchas personas es que esta cirug\u00eda <strong data-node-id=\"30.3\">requiere un tiempo de recuperaci\u00f3n de una semana.<\/strong> Tras estos siete d\u00edas se puede hacer vida normal. \u00bfSus ventajas? Que no necesita de ingreso hospitalario y en algunos casos, tampoco requiere de sedaci\u00f3n, puede ser realizado con anestesia local y la duraci\u00f3n puede ser inferior a una hora. <\/p>\n<p data-journey-content=\"true\" data-node-id=\"32\" class=\"css-6wxqfj emevuu60\"><strong data-node-id=\"32.0\">La blefaropastia, es una de las cuatro operaciones est\u00e9ticas m\u00e1s demandas seg\u00fan la SECPRE<\/strong> (sociedad espa\u00f1ola de cirug\u00eda est\u00e9tica de Espa\u00f1a) suponiendo en nuestro pa\u00eds un 10,7 % de las intervenciones est\u00e9ticas.  Algo que aumenta a m\u00e1s del 20% si hablamos de poblaci\u00f3n entre 45 y 60 a\u00f1os. <\/p>\n<p data-journey-content=\"true\" data-node-id=\"34\" class=\"css-6wxqfj emevuu60\">El surfista y empresario ha asegurado que llevaba tiempo pensando en dar este paso, pero quer\u00eda hacerlo en el momento adecuado y de forma que el resultado fuese natural.<strong data-node-id=\"34.1\"> \u00abEstoy s\u00faper feliz, deseando ver el resultado y que lo vean ustedes tambi\u00e9n\u00bb<\/strong>, dice en el v\u00eddeo, donde se muestra feliz de haber dado este paso. <br data-node-id=\"34.3\"\/><\/p>\n<p data-journey-content=\"true\" data-node-id=\"36\" class=\"css-6wxqfj emevuu60\">\u00ab<strong data-node-id=\"36.1\">Fue una decisi\u00f3n para sentirme m\u00e1s c\u00f3modo y mejor conmigo mismo\u00bb<\/strong>, asegura el canario dejando claro que aunque lo ha meditado mucho, era la mejor decisi\u00f3n que pod\u00eda tomar \u00e9l. Ahora le quedan unos d\u00edas de recuperaci\u00f3n, pero est\u00e1n siendo de lo m\u00e1s llevaderos para \u00e9l, pues no ha sentido dolor en ning\u00fan momento y el posoperatorio est\u00e1 siendo muy r\u00e1pido. <\/p>\n<p data-journey-content=\"true\" data-node-id=\"38\" class=\"css-6wxqfj emevuu60\">El ex de Anabel Pantoja ha asegurado que la recuperaci\u00f3n para \u00e9l est\u00e1 siendo \u00abmuy r\u00e1pida\u00bb y \u00abno duele nada\u00bb. Por eso, <strong data-node-id=\"38.1\">desde su punto de vista lo \u00fanico que puede hacer tras haber tomado la decisi\u00f3n y haberlo hecho es \u00abrecomendarla\u00bb. <\/strong><\/p>\n<p><img src=\"https:\/\/www.europesays.com\/es\/wp-content\/uploads\/2025\/10\/1760184729_919_4104b2dc-9d92-4a2f-a41f-327dc6377620_1734436473.jpg\" alt=\"Headshot of Valentina Vera\" title=\"Headshot of Valentina Vera\" width=\"100%\" height=\"100%\" decoding=\"async\" loading=\"lazy\" class=\"css-o0wq4v ev8dhu53\"\/><\/p>\n<p>Valentina Vera es una periodista experta en cr\u00f3nica rosa, realidad, &#8216;reality&#8217;, moda y belleza. Siempre al d\u00eda de las \u00faltimas novedades de los famosos nacionales e internacionales y de las casas reales europeas. Su trabajo como redactora le permite ser testigo de las bodas de los personajes m\u00e1s relevantes del panorama social; de alfombras rojas; de funerales de Estado o de acontecimientos hist\u00f3ricos: como la proclamaci\u00f3n de Felipe VI como Rey o la coronaci\u00f3n de Carlos III de Inglaterra.<br \/>\nLicenciada en Periodismo por la Universidad Complutense de Madrid. Comenz\u00f3 su andadura en el mundo del coraz\u00f3n en el a\u00f1o 2013 en la revista \u00a1Hola! Y desde 2014 forma parte del grupo Hearst, donde ha ido adquiriendo experiencia tanto en la edici\u00f3n impresa como en el formato web de la revista Diez Minutos.<br \/>\nEl medio digital le apasiona por la inmediatez en la que sus lectores pueden ser testigos de lo que sucede en la vida de los famosos desde cualquier parte del mundo. Instagram, Twitter y TikTok se han convertido en una herramienta m\u00e1s de informaci\u00f3n a la hora de crear, gestionar y organizar el contenido, ya que le permiten conocer la \u00faltima hora de lo que sucede en la vida de los famosos.<br \/>\nEn constante formaci\u00f3n de estrategias y t\u00e9cnicas de optimizaci\u00f3n digital para su trabajo como redactora, en la actualidad tambi\u00e9n se encuentra estudiando Diet\u00e9tica. Llevar un estilo de vida saludable es algo que le apasiona y cree que la nutrici\u00f3n es una parte fundamental.<\/p>\n","protected":false},"excerpt":{"rendered":"Omar S\u00e1nchez ha decidido pasar por quir\u00f3fano. As\u00ed lo ha desvelado el deportista a trav\u00e9s de sus redes&hellip;\n","protected":false},"author":2,"featured_media":169548,"comment_status":"","ping_status":"","sticky":false,"template":"","format":"standard","meta":{"footnotes":""},"categories":[174],"tags":[255,253,146,147,25,24,256,23],"class_list":{"0":"post-169547","1":"post","2":"type-post","3":"status-publish","4":"format-standard","5":"has-post-thumbnail","7":"category-famosos","8":"tag-celebrities","9":"tag-discover","10":"tag-entertainment","11":"tag-entretenimiento","12":"tag-es","13":"tag-espana","14":"tag-famosos","15":"tag-spain"},"share_on_mastodon":{"url":"","error":""},"_links":{"self":[{"href":"https:\/\/www.europesays.com\/es\/wp-json\/wp\/v2\/posts\/169547","targetHints":{"allow":["GET"]}}],"collection":[{"href":"https:\/\/www.europesays.com\/es\/wp-json\/wp\/v2\/posts"}],"about":[{"href":"https:\/\/www.europesays.com\/es\/wp-json\/wp\/v2\/types\/post"}],"author":[{"embeddable":true,"href":"https:\/\/www.europesays.com\/es\/wp-json\/wp\/v2\/users\/2"}],"replies":[{"embeddable":true,"href":"https:\/\/www.europesays.com\/es\/wp-json\/wp\/v2\/comments?post=169547"}],"version-history":[{"count":0,"href":"https:\/\/www.europesays.com\/es\/wp-json\/wp\/v2\/posts\/169547\/revisions"}],"wp:featuredmedia":[{"embeddable":true,"href":"https:\/\/www.europesays.com\/es\/wp-json\/wp\/v2\/media\/169548"}],"wp:attachment":[{"href":"https:\/\/www.europesays.com\/es\/wp-json\/wp\/v2\/media?parent=169547"}],"wp:term":[{"taxonomy":"category","embeddable":true,"href":"https:\/\/www.europesays.com\/es\/wp-json\/wp\/v2\/categories?post=169547"},{"taxonomy":"post_tag","embeddable":true,"href":"https:\/\/www.europesays.com\/es\/wp-json\/wp\/v2\/tags?post=169547"}],"curies":[{"name":"wp","href":"https:\/\/api.w.org\/{rel}","templated":true}]}}