{"id":169551,"date":"2025-10-11T12:15:08","date_gmt":"2025-10-11T12:15:08","guid":{"rendered":"https:\/\/www.europesays.com\/es\/169551\/"},"modified":"2025-10-11T12:15:08","modified_gmt":"2025-10-11T12:15:08","slug":"ot-2025-noemi-galera-da-un-toque-a-los-concursantes-de-ot-2025-por-no-ser-naturales-estais-pendientes-de-fuera","status":"publish","type":"post","link":"https:\/\/www.europesays.com\/es\/169551\/","title":{"rendered":"OT 2025: Noem\u00ed Galera da un toque a los concursantes de &#8216;OT 2025&#8217; por no ser naturales: \u00abEst\u00e1is pendientes de fuera\u00bb"},"content":{"rendered":"<p class=\"article-text\">\n        Ha pasado casi un mes desde que los concursantes de <strong>OT 2025<\/strong> iniciaron su andadura en la <strong>Academia<\/strong>, pero para <strong>Noem\u00ed Galera<\/strong> muchos de ellos no se han adaptado todav\u00eda a convivir rodeados de c\u00e1maras. Tras <a href=\"https:\/\/www.eldiario.es\/vertele\/noticias\/reganina-noemi-galera-concursantes-ot-2025-limitan-parejas-chirria-mogollon_1_12663900.html\" target=\"_blank\" data-mrf-recirculation=\"links-noticia\" class=\"link\" rel=\"nofollow noopener\">la &#8216;rega\u00f1ina&#8217;<\/a> de hace unos d\u00edas para que dejen de limitarse por sus parejas, la directora ha vuelto a tener una charla con sus &#8216;pupilos&#8217; para<strong> intentar que se quiten la \u201ccoraza\u201d y no se corten<\/strong> por pensar que hay personas vi\u00e9ndoles en directo.\n    <\/p>\n<p>    <a href=\"https:\/\/www.eldiario.es\/vertele\/entrevistas\/salma-diego-ot-2025-guille-conexion-brutal-causa-lgtbi-defiendo-libertad-colectivo_1_12664226.html\" data-mrf-recirculation=\"saber-mas\" data-dl-event=\"saber-mas\" rel=\"nofollow noopener\" target=\"_blank\"><\/p>\n<p class=\"know-more__title\">Salma de Diego, de su \u00abconexi\u00f3n brutal\u00bb con Guille en &#8216;OT 2025&#8217; a la causa LGTBI: \u00abDefiendo la libertad de cualquier colectivo\u00bb<\/p>\n<p>            <img decoding=\"async\" class=\"lazy\" loading=\"lazy\" data-src=\"https:\/\/static.eldiario.es\/clip\/e1f27891-03f6-4ab3-bc08-633a6b0c8918_16-9-aspect-ratio_default_0.jpg\" src=\"data:image\/svg+xml,%3Csvg xmlns=\" http:=\"\" viewbox=\"0 0 880 495\" alt=\"Salma de Diego, de su &quot;conexi\u00f3n brutal&quot; con Guille en 'OT 2025' a la causa LGTBI: &quot;Defiendo la libertad de cualquier colectivo&quot;\"\/><\/p>\n<p>                        <\/a><\/p>\n<p class=\"article-text\">\n        A \u00faltima hora de este viernes, Galera aprovech\u00f3 que ten\u00eda a todos los participantes reunidos para hablar seriamente con ellos sobre <strong>algo que le preocupa<\/strong> desde hace semanas: \u201cMe da la sensaci\u00f3n desde fuera que <strong>os est\u00e1is poniendo muchas corazas. <\/strong>Y creo que es porque venimos de una edici\u00f3n muy cercana, y porque <strong>est\u00e1is muy pendientes de lo que van a pensar fuera<\/strong>\u201d, comenz\u00f3 diciendo la directora.\n    <\/p>\n<p class=\"article-text\">\n        La tambi\u00e9n responsable de casting de <strong>Operaci\u00f3n Triunfo <\/strong>puso como ejemplo algo sucedido horas antes en el <strong>Chat <\/strong>con Miriam Rodr\u00edguez, donde todos se cohibieron cuando <strong>Guille Toledano <\/strong>hizo alusi\u00f3n, espont\u00e1neamente, a la filtraci\u00f3n de la lista de concursantes d\u00edas antes de que se hiciese oficial: \u201cNo hay que esconder nada, <strong>cuando intentas esconder las cosas es peor.<\/strong> Hay que decir las verdades. Esto, que es la televisi\u00f3n, tiene una cosa maravillosa que es que te acerca muy r\u00e1pidamente a la gente. Pero una vez te dejan de enfocar, adi\u00f3s. <strong>Las c\u00e1maras detectan la verdad, y la gente en su casa se da cuenta de todo<\/strong>. No intent\u00e9is esconder cosas que son normales\u201d, expuso.\n    <\/p>\n<p class=\"article-text\">\n        \u201cNo me gustar\u00eda que os preocup\u00e1rais de algo que vosotros no pod\u00e9is controlar\u201d, agreg\u00f3 Noem\u00ed Galera, que asinti\u00f3 cuando <strong>Max <\/strong>le pregunt\u00f3 si les ve muy protegidos emocionalmente. \u201cS\u00ed, pero todos necesitamos un proceso. La gente tiene el recuerdo del final de OT 2023, pero esa edici\u00f3n tambi\u00e9n tuvo un inicio que no fue f\u00e1cil. La gente necesita conocerse, encontrar su sitio y acoplarse a las rutinas que tiene este programa. <strong>Ya sab\u00edais adonde ven\u00edais, pero nadie es consciente de la magnitud y la presi\u00f3n <\/strong>que este programa genera en los participantes\u201d, agreg\u00f3 la directora, emp\u00e1tica con ellos.\n    <\/p>\n<p class=\"article-text\">\n        La responsable de OT 2025 tambi\u00e9n les llam\u00f3 la atenci\u00f3n por actitudes que tienen cuando reciben visitas, ya que parece que no les hace ilusi\u00f3n: \u201cCuando viene una visita, hasta la actitud corporal es importante. La persona que os est\u00e1 dando la charla puede pensar que no os est\u00e1 gustando, y la gente viene con mucha ilusi\u00f3n. S\u00e9 que es muy complicado. Mi consejo es que os dej\u00e9is llevar\u201d, apunt\u00f3.\n    <\/p>\n<p>    <a href=\"https:\/\/www.eldiario.es\/vertele\/analisis\/benidorm-fest-2026-cartel-esconde-vuelta-origen-marca-camino-eurovision-rtve_1_12673298.html\" data-mrf-recirculation=\"saber-mas-abajo\" data-dl-event=\"saber-mas-abajo\" rel=\"nofollow noopener\" target=\"_blank\"><\/p>\n<p class=\"know-more__title\">Lo que esconde el cartel del Benidorm Fest 2026: una vuelta al origen que marca el camino m\u00e1s all\u00e1 de Eurovisi\u00f3n\n<\/p>\n<p>            <img decoding=\"async\" class=\"lazy\" loading=\"lazy\" data-src=\"https:\/\/static.eldiario.es\/clip\/5cfc225b-709f-4360-9b42-67c934f9b5c3_16-9-aspect-ratio_default_0.jpg\" src=\"data:image\/svg+xml,%3Csvg xmlns=\" http:=\"\" viewbox=\"0 0 880 495\" alt=\"Lo que esconde el cartel del Benidorm Fest 2026: una vuelta al origen que marca el camino m\u00e1s all\u00e1 de Eurovisi\u00f3n\"\/><\/p>\n<p>                        <\/a><\/p>\n<p class=\"article-text\">\n        Para terminar, Noem\u00ed Galera les anim\u00f3 a ser ellos mismos: \u201cCuanto m\u00e1s naturales se\u00e1is, la gente que os va a seguir, es la que os va a conocer aqu\u00ed y se va a enamorar de vosotros como artistas y como personas. Se nota cuando est\u00e1is con el freno de mano puesto\u201d. Y afirm\u00f3 que esa era \u201c<strong>la conversaci\u00f3n que ten\u00edamos que tener<\/strong>\u201d. \u201cNo la quer\u00eda tener en plat\u00f3 [sin c\u00e1maras], la quer\u00eda tener aqu\u00ed. <strong>Ten\u00e9is que aprender a olvidaros de eso<\/strong>. Aprovechad para que la gente os conozca c\u00f3mo sois\u201d, zanj\u00f3.\n    <\/p>\n","protected":false},"excerpt":{"rendered":"Ha pasado casi un mes desde que los concursantes de OT 2025 iniciaron su andadura en la Academia,&hellip;\n","protected":false},"author":2,"featured_media":169552,"comment_status":"","ping_status":"","sticky":false,"template":"","format":"standard","meta":{"footnotes":""},"categories":[171],"tags":[45,567,7164,146,147,25,24,8471,33686,8343,689,10867,221,13901,23,26111,214],"class_list":{"0":"post-169551","1":"post","2":"type-post","3":"status-publish","4":"format-standard","5":"has-post-thumbnail","7":"category-tv","8":"tag-45","9":"tag-concursantes","10":"tag-da","11":"tag-entertainment","12":"tag-entretenimiento","13":"tag-es","14":"tag-espana","15":"tag-fuera","16":"tag-galera","17":"tag-naturales","18":"tag-no","19":"tag-noemi","20":"tag-ot","21":"tag-pendientes","22":"tag-spain","23":"tag-toque","24":"tag-tv"},"share_on_mastodon":{"url":"","error":""},"_links":{"self":[{"href":"https:\/\/www.europesays.com\/es\/wp-json\/wp\/v2\/posts\/169551","targetHints":{"allow":["GET"]}}],"collection":[{"href":"https:\/\/www.europesays.com\/es\/wp-json\/wp\/v2\/posts"}],"about":[{"href":"https:\/\/www.europesays.com\/es\/wp-json\/wp\/v2\/types\/post"}],"author":[{"embeddable":true,"href":"https:\/\/www.europesays.com\/es\/wp-json\/wp\/v2\/users\/2"}],"replies":[{"embeddable":true,"href":"https:\/\/www.europesays.com\/es\/wp-json\/wp\/v2\/comments?post=169551"}],"version-history":[{"count":0,"href":"https:\/\/www.europesays.com\/es\/wp-json\/wp\/v2\/posts\/169551\/revisions"}],"wp:featuredmedia":[{"embeddable":true,"href":"https:\/\/www.europesays.com\/es\/wp-json\/wp\/v2\/media\/169552"}],"wp:attachment":[{"href":"https:\/\/www.europesays.com\/es\/wp-json\/wp\/v2\/media?parent=169551"}],"wp:term":[{"taxonomy":"category","embeddable":true,"href":"https:\/\/www.europesays.com\/es\/wp-json\/wp\/v2\/categories?post=169551"},{"taxonomy":"post_tag","embeddable":true,"href":"https:\/\/www.europesays.com\/es\/wp-json\/wp\/v2\/tags?post=169551"}],"curies":[{"name":"wp","href":"https:\/\/api.w.org\/{rel}","templated":true}]}}