{"id":169553,"date":"2025-10-11T12:16:08","date_gmt":"2025-10-11T12:16:08","guid":{"rendered":"https:\/\/www.europesays.com\/es\/169553\/"},"modified":"2025-10-11T12:16:08","modified_gmt":"2025-10-11T12:16:08","slug":"y-quien-sera-el-cuarto-cabeza-de-cartel-del-resurrection-fest-los-fans-piden-metallica-spiritbox-wasp-o-helloween-entre-otros","status":"publish","type":"post","link":"https:\/\/www.europesays.com\/es\/169553\/","title":{"rendered":"\u00bfY qui\u00e9n ser\u00e1 el cuarto cabeza de cartel del Resurrection Fest? Los fans piden Metallica, Spiritbox, WASP o Helloween entre otros"},"content":{"rendered":"<p>\t\t\t\t\t\tEntre las bandas que ya tocaron en la meca europea del metal, Viveiro, los m\u00e1s demandados son Slipknot, Slayer, Bring Me the Horizon y mismo Gojira o Avenged Sevenfold<br \/>\n\t\t\t\t\t\t\t\t\t\t\t\t<strong>11 oct 2025<\/strong> . Actualizado a las 09:55 h.\t\t\t\t\t\t<\/p>\n<p class=\"first-paragraph txt\">La edici\u00f3n del Resurrection Fest 2026 va a superar, con toda probabilidad, a la del pasado a\u00f1o con ser esta muy especial ya que se celebraron los 20 a\u00f1os del festival de rock y metal de Viveiro. Con los ya anunciados, Iron Maiden, Limp Bizkit y Marilyn Manson, las expectativas son enormes. Hay que recordar que los abonos vip (Pandemonium) est\u00e1n agotados y ya se han vendido m\u00e1s del 80% de los abonos para los cuatro d\u00edas de festival, del 1 al 4 de julio.\u00a0<\/p>\n<p class=\"txt\">Pero, \u00bfqui\u00e9n ser\u00e1 el cuarto cabeza de cartel en la meca europea del rock y metal? Las bandas que m\u00e1s se repiten en las peticiones de los fans del festival son Metallica, por supuesto; Spiritbox, en la cresta de la ola en el metal en este momento; los alemanes de Helloween o WASP; bandas que nunca han estado en el Resu. Entre las que s\u00ed han actuado ya en el festival de Viveiro, los fans siguen demandando a Slipknot, que entusiasmaron en su concierto; Slayer, Bring Me The Horizon, son dos bandas que dejaron el pabell\u00f3n muy alto, e incluso Gojira y Avenged Sevenfold, los fans piden que vuelvan a Viveiro.<\/p>\n<p class=\"txt\">Desde la organizaci\u00f3n del Resurrection Fest prometen un festival memorable para el 2026 y seguro que ser\u00e1 as\u00ed porque pr\u00e1cticamente siempre lo es y m\u00e1s con el cartel que ya avanzaron. \u00abY faltan muchas sorpresas todav\u00eda\u00bb, avisan. Destacan desde el Resu a Thrown, que s\u00ed estar\u00e1 en el festival en 2026, \u00abser\u00e1 un sorpres\u00f3n y tambi\u00e9n era una de las bandas m\u00e1s demandadas\u00bb.\u00a0<\/p>\n<p class=\"txt\">La lista podr\u00eda ser infinita o casi, Sleep Token, Deafheaven, Disturbed, Sevendust, hasta Rage Against the Machine. Los que faltan por anunciar no defraudar\u00e1n. La confianza es ciega en los organizadores, el Resurrection Fest es mucho m\u00e1s que un festival de rock y metal, es toda una experiencia vacacional con playa, excelente gastronom\u00eda, naturaleza y un pueblo hospitalario y entregado.<\/p>\n<p>&#13;<br \/>\n\tArchivado en:&#13;<br \/>\n\t\t\t\t\t<a href=\"https:\/\/www.lavozdegalicia.es\/temas\/a-marina\/\" target=\"_blank\" class=\"mg-l\" rel=\"nofollow noopener\">A Mari\u00f1a<\/a>&#13;<br \/>\n\t&#13;<\/p>\n","protected":false},"excerpt":{"rendered":"Entre las bandas que ya tocaron en la meca europea del metal, Viveiro, los m\u00e1s demandados son Slipknot,&hellip;\n","protected":false},"author":2,"featured_media":169554,"comment_status":"","ping_status":"","sticky":false,"template":"","format":"standard","meta":{"footnotes":""},"categories":[170],"tags":[10327,146,147,25,24,184,185,23],"class_list":{"0":"post-169553","1":"post","2":"type-post","3":"status-publish","4":"format-standard","5":"has-post-thumbnail","7":"category-musica","8":"tag-a-marina","9":"tag-entertainment","10":"tag-entretenimiento","11":"tag-es","12":"tag-espana","13":"tag-music","14":"tag-musica","15":"tag-spain"},"share_on_mastodon":{"url":"","error":""},"_links":{"self":[{"href":"https:\/\/www.europesays.com\/es\/wp-json\/wp\/v2\/posts\/169553","targetHints":{"allow":["GET"]}}],"collection":[{"href":"https:\/\/www.europesays.com\/es\/wp-json\/wp\/v2\/posts"}],"about":[{"href":"https:\/\/www.europesays.com\/es\/wp-json\/wp\/v2\/types\/post"}],"author":[{"embeddable":true,"href":"https:\/\/www.europesays.com\/es\/wp-json\/wp\/v2\/users\/2"}],"replies":[{"embeddable":true,"href":"https:\/\/www.europesays.com\/es\/wp-json\/wp\/v2\/comments?post=169553"}],"version-history":[{"count":0,"href":"https:\/\/www.europesays.com\/es\/wp-json\/wp\/v2\/posts\/169553\/revisions"}],"wp:featuredmedia":[{"embeddable":true,"href":"https:\/\/www.europesays.com\/es\/wp-json\/wp\/v2\/media\/169554"}],"wp:attachment":[{"href":"https:\/\/www.europesays.com\/es\/wp-json\/wp\/v2\/media?parent=169553"}],"wp:term":[{"taxonomy":"category","embeddable":true,"href":"https:\/\/www.europesays.com\/es\/wp-json\/wp\/v2\/categories?post=169553"},{"taxonomy":"post_tag","embeddable":true,"href":"https:\/\/www.europesays.com\/es\/wp-json\/wp\/v2\/tags?post=169553"}],"curies":[{"name":"wp","href":"https:\/\/api.w.org\/{rel}","templated":true}]}}