{"id":169559,"date":"2025-10-11T12:19:08","date_gmt":"2025-10-11T12:19:08","guid":{"rendered":"https:\/\/www.europesays.com\/es\/169559\/"},"modified":"2025-10-11T12:19:08","modified_gmt":"2025-10-11T12:19:08","slug":"castilla-la-mancha-refuerza-la-red-de-medicos-centinela","status":"publish","type":"post","link":"https:\/\/www.europesays.com\/es\/169559\/","title":{"rendered":"Castilla-La Mancha refuerza la red de m\u00e9dicos centinela"},"content":{"rendered":"<p>La Direcci\u00f3n General de Salud P\u00fablica de<a href=\"https:\/\/www.covertalavera.com\/categoria\/noticias\/\" rel=\"nofollow noopener\" target=\"_blank\"> Castilla-La Mancha<\/a> ha anunciado un nuevo protocolo de actuaci\u00f3n para los m\u00e9dicos centinela dentro del <strong>Sistema Nacional de Vigilancia de Infecciones Respiratorias Agudas (SiVIRA)<\/strong>, impulsado por el Servicio de Epidemiolog\u00eda regional. Castilla-La Mancha refuerza la red de m\u00e9dicos centinela.<\/p>\n<p><img fetchpriority=\"high\" decoding=\"async\" width=\"933\" height=\"462\" src=\"https:\/\/www.europesays.com\/es\/wp-content\/uploads\/2025\/10\/gripe-VRs-COVID.jpg\" alt=\"Castilla-La Mancha refuerza la red de m\u00e9dicos centinela \" class=\"wp-image-80523\"  \/>V\u00eda isciii.es | Castilla-La Mancha refuerza la red de m\u00e9dicos centinela<\/p>\n<p>Este protocolo tiene como objetivo mejorar el seguimiento de las <strong>infecciones respiratorias agudas<\/strong>. Tanto leves (IRA) como graves (IRAG), haciendo especial hincapi\u00e9 en enfermedades como la gripe, la COVID-19 y el virus respiratorio sincitial (VRS). Se trata de un sistema que se ha consolidado tras la pandemia, y que busca ofrecer una respuesta m\u00e1s r\u00e1pida y eficaz ante posibles brotes y amenazas sanitarias.<\/p>\n<p>44 m\u00e9dicos al frente de la vigilancia<\/p>\n<p>Durante un encuentro celebrado en la Consejer\u00eda de Sanidad, se subray\u00f3 el papel clave que desempe\u00f1a la <strong>red de m\u00e9dicos centinela<\/strong>. Actualmente compuesta por <strong>44 profesionales sanitarios<\/strong> (33 m\u00e9dicos de familia y 11 pediatras), encargados de monitorizar la salud de m\u00e1s de <strong>51.000 ciudadanos<\/strong>.<\/p>\n<p>Esta red se mantiene activa durante todo el a\u00f1o, en un calendario de vigilancia que comienza en la <strong>semana 40<\/strong> del a\u00f1o (inicio de octubre) y se prolonga hasta la semana 39 del siguiente, permitiendo as\u00ed una <strong>observaci\u00f3n continua y preventiva<\/strong>.<\/p>\n<p>Protocolo en tres pasos: detecci\u00f3n, registro y an\u00e1lisis<\/p>\n<p>El nuevo protocolo establece un procedimiento estructurado en <strong>tres fases<\/strong>:<\/p>\n<ol class=\"wp-block-list\">\n<li><strong>Identificaci\u00f3n de los casos<\/strong> sospechosos.<\/li>\n<li><strong>Registro de datos cl\u00ednicos<\/strong> a trav\u00e9s del formulario centinela en la plataforma Turriano.<\/li>\n<li><strong>Recogida de muestras respiratorias<\/strong> para su an\u00e1lisis mediante pruebas RT-PCR.<\/li>\n<\/ol>\n<p>En los casos en los que las muestras resultan positivas, estas se env\u00edan a <strong>laboratorios de referencia<\/strong>, donde se lleva a cabo su <strong>caracterizaci\u00f3n gen\u00e9tica<\/strong>, lo que permite detectar nuevas variantes y dise\u00f1ar futuras vacunas de forma m\u00e1s eficaz.<\/p>\n<p>Datos clave para la toma de decisiones en salud p\u00fablica<\/p>\n<p>El sistema tambi\u00e9n genera diversos indicadores, como la <strong>tasa de incidencia por edad y sexo<\/strong>, los niveles de <strong>positividad viral<\/strong>, y un perfil cl\u00ednico y gen\u00e9tico detallado de cada caso. Esta informaci\u00f3n permite anticiparse a posibles <strong>presiones hospitalarias<\/strong>, lanzar <strong>alertas tempranas<\/strong> y tomar decisiones estrat\u00e9gicas en el \u00e1mbito sanitario.<\/p>\n<p>Un reconocimiento a la labor de los profesionales<\/p>\n<p>Laura Ruiz, directora general de Salud P\u00fablica de Castilla-La Mancha, ha agradecido el compromiso y dedicaci\u00f3n de los m\u00e9dicos participantes. \u201cSon nuestra <strong>primera l\u00ednea de defensa<\/strong> frente a las nuevas amenazas respiratorias\u201d, destac\u00f3, poniendo en valor su papel dentro del engranaje sanitario de la regi\u00f3n.<\/p>\n","protected":false},"excerpt":{"rendered":"La Direcci\u00f3n General de Salud P\u00fablica de Castilla-La Mancha ha anunciado un nuevo protocolo de actuaci\u00f3n para los&hellip;\n","protected":false},"author":2,"featured_media":169560,"comment_status":"","ping_status":"","sticky":false,"template":"","format":"standard","meta":{"footnotes":""},"categories":[92],"tags":[49397,49398,4007,25,24,165,10,166,49399,23,20825],"class_list":{"0":"post-169559","1":"post","2":"type-post","3":"status-publish","4":"format-standard","5":"has-post-thumbnail","7":"category-salud","8":"tag-cover","9":"tag-cover-talavera","10":"tag-destacado","11":"tag-es","12":"tag-espana","13":"tag-health","14":"tag-noticias","15":"tag-salud","16":"tag-sivira","17":"tag-spain","18":"tag-talavera-de-la-reina"},"share_on_mastodon":{"url":"","error":""},"_links":{"self":[{"href":"https:\/\/www.europesays.com\/es\/wp-json\/wp\/v2\/posts\/169559","targetHints":{"allow":["GET"]}}],"collection":[{"href":"https:\/\/www.europesays.com\/es\/wp-json\/wp\/v2\/posts"}],"about":[{"href":"https:\/\/www.europesays.com\/es\/wp-json\/wp\/v2\/types\/post"}],"author":[{"embeddable":true,"href":"https:\/\/www.europesays.com\/es\/wp-json\/wp\/v2\/users\/2"}],"replies":[{"embeddable":true,"href":"https:\/\/www.europesays.com\/es\/wp-json\/wp\/v2\/comments?post=169559"}],"version-history":[{"count":0,"href":"https:\/\/www.europesays.com\/es\/wp-json\/wp\/v2\/posts\/169559\/revisions"}],"wp:featuredmedia":[{"embeddable":true,"href":"https:\/\/www.europesays.com\/es\/wp-json\/wp\/v2\/media\/169560"}],"wp:attachment":[{"href":"https:\/\/www.europesays.com\/es\/wp-json\/wp\/v2\/media?parent=169559"}],"wp:term":[{"taxonomy":"category","embeddable":true,"href":"https:\/\/www.europesays.com\/es\/wp-json\/wp\/v2\/categories?post=169559"},{"taxonomy":"post_tag","embeddable":true,"href":"https:\/\/www.europesays.com\/es\/wp-json\/wp\/v2\/tags?post=169559"}],"curies":[{"name":"wp","href":"https:\/\/api.w.org\/{rel}","templated":true}]}}