{"id":169567,"date":"2025-10-11T12:23:07","date_gmt":"2025-10-11T12:23:07","guid":{"rendered":"https:\/\/www.europesays.com\/es\/169567\/"},"modified":"2025-10-11T12:23:07","modified_gmt":"2025-10-11T12:23:07","slug":"sanchez-asistira-el-lunes-en-egipto-a-la-firma-del-plan-de-paz-para-gaza-espana","status":"publish","type":"post","link":"https:\/\/www.europesays.com\/es\/169567\/","title":{"rendered":"S\u00e1nchez asistir\u00e1 el lunes en Egipto a la firma del plan de paz para Gaza | Espa\u00f1a"},"content":{"rendered":"<p class=\"\">El presidente del Gobierno, Pedro S\u00e1nchez, asistir\u00e1 este pr\u00f3ximo lunes en Egipto al acto de la firma del <a href=\"https:\/\/elpais.com\/expres\/2025-10-09\/claves-para-entender-el-acuerdo-entre-israel-y-hamas-sobre-el-plan-de-paz-de-trump-para-gaza-que-implica-y-que-queda-pendiente.html\" target=\"_self\" rel=\"nofollow noopener\" title=\"https:\/\/elpais.com\/expres\/2025-10-09\/claves-para-entender-el-acuerdo-entre-israel-y-hamas-sobre-el-plan-de-paz-de-trump-para-gaza-que-implica-y-que-queda-pendiente.html\">acuerdo sobre el plan para el fin de la guerra<\/a> en Gaza en el que participar\u00e1n tambi\u00e9n Estados Unidos, los principales pa\u00edses \u00e1rabes y algunos europeos, seg\u00fan han informado fuentes del Ejecutivo.<\/p>\n<p class=\"\">S\u00e1nchez ha sido invitado al acto por el Gobierno de Egipto que se celebrar\u00e1 en la ciudad balneario de Sharm el Sheij. \u201cEl acto est\u00e1 organizado por el Gobierno de Egipto, que ejerce como <a href=\"https:\/\/elpais.com\/internacional\/2025-10-10\/egipto-intenta-aprovechar-el-acuerdo-entre-israel-y-hamas-para-aumentar-de-inmediato-la-ayuda-a-gaza.html\" target=\"_self\" rel=\"nofollow noopener\" title=\"https:\/\/elpais.com\/internacional\/2025-10-10\/egipto-intenta-aprovechar-el-acuerdo-entre-israel-y-hamas-para-aumentar-de-inmediato-la-ayuda-a-gaza.html\">pa\u00eds anfitri\u00f3n<\/a>\u201d, afirma el comunicado distribuido por La Moncloa.<\/p>\n<p class=\"\">Esta madrugada, el presidente de EE UU, <a href=\"https:\/\/elpais.com\/internacional\/2025-10-09\/trump-sobre-el-acuerdo-entre-israel-y-hamas-creo-que-sera-el-principio-de-una-paz-duradera.html\" target=\"_self\" rel=\"nofollow noopener\" title=\"https:\/\/elpais.com\/internacional\/2025-10-09\/trump-sobre-el-acuerdo-entre-israel-y-hamas-creo-que-sera-el-principio-de-una-paz-duradera.html\">Donald Trump, ha confirmado que el lunes viajar\u00e1<\/a> a Israel y Egipto y ha mencionado una reuni\u00f3n internacional sobre Oriente Pr\u00f3ximo a la que acudir\u00edan \u201cmuchos l\u00edderes\u201d, aunque no ha dado m\u00e1s detalles ni del encuentro ni de los asistentes. <\/p>\n<p class=\"\">El pasado jueves S\u00e1nchez celebr\u00f3 el acuerdo entre Israel y Ham\u00e1s sobre el plan de paz para Gaza y confi\u00f3 en que \u201csea el comienzo de una paz justa y duradera\u201d. \u201cAhora toca dialogar, asistir a la poblaci\u00f3n civil y mirar al futuro. Con esperanza, pero tambi\u00e9n con justicia y con memoria para que las atrocidades vividas no se vuelvan a repetir jam\u00e1s\u201d, a\u00f1adi\u00f3.<\/p>\n<p class=\"\">El jefe del Ejecutivo volver\u00e1 a Egipto despu\u00e9s de haber participado en ese pa\u00eds en varias reuniones internacionales que se han convocado desde el inicio del conflicto.<\/p>\n<p class=\"\">Un conflicto ante el que siempre ha reclamado la entrada de ayuda humanitaria en la Franja, ha defendido la soluci\u00f3n de los dos Estados y ha situado a Espa\u00f1a en vanguardia del reconocimiento de Palestina adoptando esa decisi\u00f3n el a\u00f1o pasado.<\/p>\n<p class=\"\">A ese reconocimiento se sumaron varios pa\u00edses, como Francia y Reino Unido, el pasado mes de septiembre durante la conferencia internacional que se celebr\u00f3 en Nueva York coincidiendo con el inicio del nuevo periodo de sesiones de la Asamblea General de la ONU.<\/p>\n<p class=\"\">La posici\u00f3n de S\u00e1nchez en este conflicto, sus palabras en las que ha considerado que lo que se estaba viviendo <a href=\"https:\/\/elpais.com\/espana\/2025-09-08\/sanchez-anuncia-un-decreto-para-legalizar-el-embargo-total-de-armas-a-israel-frente-al-genocidio-ordenado-por-netanyahu.html\" target=\"_self\" rel=\"nofollow noopener\" title=\"https:\/\/elpais.com\/espana\/2025-09-08\/sanchez-anuncia-un-decreto-para-legalizar-el-embargo-total-de-armas-a-israel-frente-al-genocidio-ordenado-por-netanyahu.html\">en Gaza era un \u201cgenocidio\u201d<\/a> y su decisi\u00f3n de impulsar una serie de medidas como la consolidaci\u00f3n del embargo de armas a Israel, han provocado duros choques diplom\u00e1ticos con ese pa\u00eds.<\/p>\n<p class=\"\">En varias ocasiones el Gobierno ha convocado a la encargada de negocios de la Embajada de Israel en Espa\u00f1a en los \u00faltimos meses para trasladar una queja formal por distintas actuaciones y declaraciones del Ejecutivo hebreo.<\/p>\n<p class=\"\">Las convocatorias se han dirigido a la encargada de negocios porque en Espa\u00f1a no hay embajador de este pa\u00eds desde mayo de 2024, cuando fue retirado por el Gobierno de Netanyahu tras anunciar el presidente del Gobierno que reconocer\u00eda el Estado de Palestina.<\/p>\n<p class=\"\">Ese reconocimiento y las medidas adoptadas por Espa\u00f1a contra Israel han llevado a Netanyahu a acusar al Gobierno espa\u00f1ol de antisemitismo y de recompensar a Ham\u00e1s.<\/p>\n<p class=\"\">La firma del acuerdo para el fin del conflicto entre Israel y Ham\u00e1s propiciar\u00e1 que S\u00e1nchez coincida con Trump cuatro d\u00edas despu\u00e9s de que el presidente estadounidense plantease la salida de Espa\u00f1a de la OTAN debido a lo que considera una falta de compromiso con el gasto en defensa de la Alianza.<\/p>\n<p class=\"\">Unas palabras tras las que el Gobierno asegur\u00f3 que est\u00e1 muy tranquilo porque Espa\u00f1a es un miembro de pleno derecho y comprometido con la OTAN, y cumple con sus objetivos de capacidad tanto como Estados Unidos.<\/p>\n","protected":false},"excerpt":{"rendered":"El presidente del Gobierno, Pedro S\u00e1nchez, asistir\u00e1 este pr\u00f3ximo lunes en Egipto al acto de la firma del&hellip;\n","protected":false},"author":2,"featured_media":169568,"comment_status":"","ping_status":"","sticky":false,"template":"","format":"standard","meta":{"footnotes":""},"categories":[42],"tags":[17,18,68,352,5284,11705,24,13,14,73,79,582,75,11,61,62,63,64,74,19,20,9,10,15,16,2959,12,21,22,65,66,67],"class_list":{"0":"post-169567","1":"post","2":"type-post","3":"status-publish","4":"format-standard","5":"has-post-thumbnail","7":"category-internacional","8":"tag-breaking-news","9":"tag-breakingnews","10":"tag-conflicto-arabe-israeli","11":"tag-donald-trump","12":"tag-egipto","13":"tag-embargos","14":"tag-espana","15":"tag-featured-news","16":"tag-featurednews","17":"tag-franja-gaza","18":"tag-genocidio","19":"tag-gobierno","20":"tag-hamas","21":"tag-headlines","22":"tag-internacional","23":"tag-international","24":"tag-international-news","25":"tag-internationalnews","26":"tag-israel","27":"tag-latest-news","28":"tag-latestnews","29":"tag-news","30":"tag-noticias","31":"tag-noticias-destacadas","32":"tag-noticiasdestacadas","33":"tag-pedro-sanchez","34":"tag-titulares","35":"tag-ultimas-noticias","36":"tag-ultimasnoticias","37":"tag-world","38":"tag-world-news","39":"tag-worldnews"},"share_on_mastodon":{"url":"","error":""},"_links":{"self":[{"href":"https:\/\/www.europesays.com\/es\/wp-json\/wp\/v2\/posts\/169567","targetHints":{"allow":["GET"]}}],"collection":[{"href":"https:\/\/www.europesays.com\/es\/wp-json\/wp\/v2\/posts"}],"about":[{"href":"https:\/\/www.europesays.com\/es\/wp-json\/wp\/v2\/types\/post"}],"author":[{"embeddable":true,"href":"https:\/\/www.europesays.com\/es\/wp-json\/wp\/v2\/users\/2"}],"replies":[{"embeddable":true,"href":"https:\/\/www.europesays.com\/es\/wp-json\/wp\/v2\/comments?post=169567"}],"version-history":[{"count":0,"href":"https:\/\/www.europesays.com\/es\/wp-json\/wp\/v2\/posts\/169567\/revisions"}],"wp:featuredmedia":[{"embeddable":true,"href":"https:\/\/www.europesays.com\/es\/wp-json\/wp\/v2\/media\/169568"}],"wp:attachment":[{"href":"https:\/\/www.europesays.com\/es\/wp-json\/wp\/v2\/media?parent=169567"}],"wp:term":[{"taxonomy":"category","embeddable":true,"href":"https:\/\/www.europesays.com\/es\/wp-json\/wp\/v2\/categories?post=169567"},{"taxonomy":"post_tag","embeddable":true,"href":"https:\/\/www.europesays.com\/es\/wp-json\/wp\/v2\/tags?post=169567"}],"curies":[{"name":"wp","href":"https:\/\/api.w.org\/{rel}","templated":true}]}}