{"id":169579,"date":"2025-10-11T12:33:15","date_gmt":"2025-10-11T12:33:15","guid":{"rendered":"https:\/\/www.europesays.com\/es\/169579\/"},"modified":"2025-10-11T12:33:15","modified_gmt":"2025-10-11T12:33:15","slug":"el-ucam-busca-este-sabado-en-girona-confirmar-sus-grandes-sensaciones","status":"publish","type":"post","link":"https:\/\/www.europesays.com\/es\/169579\/","title":{"rendered":"El UCAM busca este s\u00e1bado en Girona confirmar sus grandes sensaciones"},"content":{"rendered":"<p>No ser\u00eda la primera vez que Sito Alonso emplea como motivaci\u00f3n extra en la preparaci\u00f3n de un partido un mal recuerdo de su equipo de  &#8230; la \u00faltima vez que se vio las caras con su pr\u00f3ximo rival. Es una t\u00e9cnica m\u00e1s recurrente en las segundas vueltas de una temporada, por lo ocurrida en la ida, pero nada est\u00e1 nunca de m\u00e1s si algo suma. Y es que la \u00faltima vez que el UCAM se midi\u00f3 al Girona firm\u00f3 uno de sus peores partidos de la temporada pasada. Ocurri\u00f3 una semana despu\u00e9s de rozar la sorpresa en el Movistar Arena ante el Real Madrid (80-75), un partido envuelto nuevamente en la pol\u00e9mica arbitral y muy poco despu\u00e9s del dram\u00e1tico encuentro ante La Laguna en el Palacio, el del famoso bocinazo de Kr\u00e4mer tras una invasi\u00f3n de Gates a un tiro libre para el que estaban posicionados al rebote cuatro jugadores rivales.<\/p>\n<p class=\"v-p\">Un segundo mazazo que destruy\u00f3 el \u00e1nimo universitario y del que se aprovech\u00f3 un Girona (64-76) que buscaba la salvaci\u00f3n. Y quiz\u00e1s no sean muy diferentes las expectativas para el grupo que vuelve a dirigir Moncho Fern\u00e1ndez, que comenz\u00f3 la competici\u00f3n recibiendo una clara derrota ante el reci\u00e9n ascendido Burgos (97-79) antes de recibir al UCAM en ya un cl\u00e1sico de las primeras jornadas de cada temporada, la visita universitaria a Girona. Partidos habitualmente dif\u00edciles para el conjunto de un Sito Alonso que el a\u00f1o pasado sali\u00f3 expulsado de Fontajau en victoria de los suyos (75-82), que en las dos anteriores visitas hincaron rodilla (82-76 hace dos temporadas y 100-89 en la 2022-23).<\/p>\n<p>A puntuaci\u00f3n alta<\/p>\n<p class=\"v-p\">Seg\u00fan las pinceladas de &#8216;scouting&#8217; facilitadas por Sito Alonso en el prepartido, el partido de hoy promete ritmo. \u00abSus exteriores son muy m\u00f3viles, todos pueden subir la pelota y tirar en los primeros cinco o seis segundos\u00bb, comentaba el entrenador, para quien que se hace as\u00ed clave, por tanto, \u00abtener buena posici\u00f3n en el balance defensivo, ser capaz de parar esas embestidas de inicio de ataque y tener un control grande, no del ritmo solo, sino de las situaciones ofensivas que m\u00e1s dominan\u00bb.<\/p>\n<p class=\"v-p\">Entre sus filas, pese a la derrota de la pasada jornada, est\u00e1 uno de los jugadores que m\u00e1s destac\u00f3 en el arranque de la temporada, un Pep Busquets que sali\u00f3 en direcci\u00f3n Girona despu\u00e9s de a\u00f1os de formaci\u00f3n y presencia en el primer equipo del Joventut, y que parece haber explotado. 26 puntos en 26 minutos, en una exhibici\u00f3n de t\u00e9cnica individual anotadora, le convierten en el gran peligro de un equipo que pondr\u00e1 a prueba las excelentes sensaciones con que termin\u00f3 la pasada semana el UCAM, que barri\u00f3 de la pista al Andorra (95-64) para ser el primer l\u00edder de la Liga Endesa, una condici\u00f3n que ostenta, aunque sea por la efem\u00e9ride, por primera vez en su historia.<\/p>\n<p class=\"v-p\">Ese d\u00eda el descarte fue Dani Garc\u00eda, pues Sito dispon\u00eda de trece jugadores. Sigue contando con trece, pues L\u00f3pez De la Torre se ha quedado en Murcia. Del total, uno ser\u00e1 descartado ya en Girona, pues \u00absiempre viajamos con trece por lo que pueda pasar\u00bb.<\/p>\n","protected":false},"excerpt":{"rendered":"No ser\u00eda la primera vez que Sito Alonso emplea como motivaci\u00f3n extra en la preparaci\u00f3n de un partido&hellip;\n","protected":false},"author":2,"featured_media":169580,"comment_status":"","ping_status":"","sticky":false,"template":"","format":"standard","meta":{"footnotes":""},"categories":[269],"tags":[299,298,331,17488,168,25,24,1147,4645,315,8848,23,167,9413],"class_list":{"0":"post-169579","1":"post","2":"type-post","3":"status-publish","4":"format-standard","5":"has-post-thumbnail","7":"category-baloncesto","8":"tag-baloncesto","9":"tag-basketball","10":"tag-busca","11":"tag-confirmar","12":"tag-deportes","13":"tag-es","14":"tag-espana","15":"tag-girona","16":"tag-grandes","17":"tag-hoy","18":"tag-sensaciones","19":"tag-spain","20":"tag-sports","21":"tag-ucam"},"share_on_mastodon":{"url":"","error":""},"_links":{"self":[{"href":"https:\/\/www.europesays.com\/es\/wp-json\/wp\/v2\/posts\/169579","targetHints":{"allow":["GET"]}}],"collection":[{"href":"https:\/\/www.europesays.com\/es\/wp-json\/wp\/v2\/posts"}],"about":[{"href":"https:\/\/www.europesays.com\/es\/wp-json\/wp\/v2\/types\/post"}],"author":[{"embeddable":true,"href":"https:\/\/www.europesays.com\/es\/wp-json\/wp\/v2\/users\/2"}],"replies":[{"embeddable":true,"href":"https:\/\/www.europesays.com\/es\/wp-json\/wp\/v2\/comments?post=169579"}],"version-history":[{"count":0,"href":"https:\/\/www.europesays.com\/es\/wp-json\/wp\/v2\/posts\/169579\/revisions"}],"wp:featuredmedia":[{"embeddable":true,"href":"https:\/\/www.europesays.com\/es\/wp-json\/wp\/v2\/media\/169580"}],"wp:attachment":[{"href":"https:\/\/www.europesays.com\/es\/wp-json\/wp\/v2\/media?parent=169579"}],"wp:term":[{"taxonomy":"category","embeddable":true,"href":"https:\/\/www.europesays.com\/es\/wp-json\/wp\/v2\/categories?post=169579"},{"taxonomy":"post_tag","embeddable":true,"href":"https:\/\/www.europesays.com\/es\/wp-json\/wp\/v2\/tags?post=169579"}],"curies":[{"name":"wp","href":"https:\/\/api.w.org\/{rel}","templated":true}]}}