{"id":169589,"date":"2025-10-11T12:40:22","date_gmt":"2025-10-11T12:40:22","guid":{"rendered":"https:\/\/www.europesays.com\/es\/169589\/"},"modified":"2025-10-11T12:40:22","modified_gmt":"2025-10-11T12:40:22","slug":"la-broma-de-arnold-schwarzenegger-que-llevo-a-sylvester-stallone-a-protagonizar-una-mala-pelicula","status":"publish","type":"post","link":"https:\/\/www.europesays.com\/es\/169589\/","title":{"rendered":"La broma de Arnold Schwarzenegger que llev\u00f3 a Sylvester Stallone a protagonizar una mala pel\u00edcula"},"content":{"rendered":"<p>El enga\u00f1o de Schwarzenegger llev\u00f3 a Stallone a protagonizar &#8216;Para o mi Mam\u00e1 Dispara&#8217;, considerada su peor pel\u00edcula<\/p>\n<p class=\"paragraph\"><a href=\"https:\/\/www.infobae.com\/tag\/arnold-schwarzenegger\/\" target=\"_blank\" rel=\"noreferrer nofollow noopener\" title=\"https:\/\/www.infobae.com\/tag\/arnold-schwarzenegger\/\"><b>Arnold Schwarzenegger<\/b><\/a> y <a href=\"https:\/\/www.infobae.com\/tag\/sylvester-stallone\/\" target=\"_blank\" rel=\"noreferrer nofollow noopener\" title=\"https:\/\/www.infobae.com\/tag\/sylvester-stallone\/\"><b>Sylvester Stallone<\/b><\/a> marcaron un antes y un despu\u00e9s en el cine de acci\u00f3n durante los a\u00f1os 80 y 90. La rivalidad entre ambos trascendi\u00f3 la simple taquilla, disputando t\u00edtulos, contratos y hasta la imagen m\u00e1s impactante ante el p\u00fablico y los medios, seg\u00fan Espinof.<\/p>\n<p class=\"paragraph\">Con cada estreno crec\u00edan los rumores, bromas cruzadas y desaf\u00edos f\u00edsicos en sets y entrevistas. La cultura popular los convirti\u00f3 en rivales legendarios, \u00edconos cuya confrontaci\u00f3n parec\u00eda no tener l\u00edmites, <b>siempre bajo la mirada del p\u00fablico internacional<\/b>.<\/p>\n<p class=\"paragraph\">Esta tensa relaci\u00f3n dio pie a una de las an\u00e9cdotas m\u00e1s singulares de Hollywood: el modo en que el austr\u00edaco enga\u00f1\u00f3 a Stallone para que protagonizara una de las pel\u00edculas menos apreciadas de la filmograf\u00eda de ambos, dejando una huella duradera en la industria.<\/p>\n<p><img alt=\"La comedia de acci\u00f3n de\" class=\"global-image\" decoding=\"async\" fetchpriority=\"low\" height=\"2560\" loading=\"lazy\" src=\"https:\/\/www.europesays.com\/es\/wp-content\/uploads\/2025\/10\/OI5B4UHSNRDUNFF4ASZMF7ZFBE.jpg\" width=\"1920\"\/>La comedia de acci\u00f3n de 1992 fue un fracaso de cr\u00edtica y p\u00fablico, dejando una huella negativa en la carrera de Stallone (Prime Video)<\/p>\n<p class=\"paragraph\">El episodio crucial se centr\u00f3 en Para o mi Mam\u00e1 Dispara, una comedia de acci\u00f3n de 1992, con Stallone y Estelle Getty como protagonistas. La trama colocaba a un polic\u00eda rudo junto a una madre sobreprotectora, generando enredos c\u00f3micos y situaciones absurdas. La pel\u00edcula no cumpli\u00f3 expectativas y fue considerada un fracaso por la cr\u00edtica y el p\u00fablico, representando un traspi\u00e9 notorio en la carrera de Stallone.<\/p>\n<p class=\"paragraph\">La historia detr\u00e1s del rodaje result\u00f3 tan memorable como el propio filme. <b>Seg\u00fan detall\u00f3 Schwarzenegger, al recibir el guion lo descart\u00f3 de inmediato, por considerarlo flojo<\/b>. Sin embargo, cuando Stallone lo contact\u00f3 para averiguar si estaba vinculado al proyecto, Schwarzenegger fingi\u00f3 entusiasmo y asegur\u00f3 que lo estaba evaluando.<\/p>\n<p class=\"paragraph\">El rival cay\u00f3 en la trampa y acept\u00f3 el papel. El resultado fue un filme que qued\u00f3 entre los menos celebrados del g\u00e9nero, mientras la an\u00e9cdota crec\u00eda fuera de los sets y se convert\u00eda en leyenda de la cultura pop.<\/p>\n<p><img alt=\"La an\u00e9cdota de 'Para o\" class=\"global-image\" decoding=\"async\" fetchpriority=\"low\" height=\"513\" loading=\"lazy\" src=\"https:\/\/www.europesays.com\/es\/wp-content\/uploads\/2025\/10\/VGVBZPP5OVEC7PLTPUWJ3M2BFE.jpg\" width=\"912\"\/>La an\u00e9cdota de &#8216;Para o mi Mam\u00e1 Dispara&#8217; se convirti\u00f3 en parte del folclore del cine de acci\u00f3n y la cultura pop (Netflix)<\/p>\n<p class=\"paragraph\"><b>Arnold Schwarzenegger cont\u00f3 varias veces la historia con humor en programas y entrevistas, asumiendo el enga\u00f1o con picard\u00eda<\/b>. Stallone, por su parte, admiti\u00f3 lo ocurrido en tono ir\u00f3nico, asegurando que la experiencia dej\u00f3 \u201cuna cicatriz horrible, aunque quiz\u00e1 solo un poco\u201d. Incluso brome\u00f3 con la idea de una secuela inexistente: \u201c\u00a1Alto! O tu abuela te patear\u00e1 el trasero\u201d, como revancha amistosa, sumando otro gui\u00f1o a los seguidores.<\/p>\n<p class=\"paragraph\">El paso de los a\u00f1os suaviz\u00f3 la vieja rivalidad. Ambos actores mostraron se\u00f1ales p\u00fablicas de camarader\u00eda y colaboraci\u00f3n, compartiendo escenarios, proyectos y hasta bromas en redes sociales. Hoy, la imagen de enemistad se transform\u00f3 en <b>complicidad y humor compartido<\/b>, y la vieja an\u00e9cdota del enga\u00f1o revive en cada encuentro entre los dos \u00edconos del cine.<\/p>\n<p class=\"paragraph\">El episodio qued\u00f3 como parte del folclore cinematogr\u00e1fico y del repertorio de historias que los fan\u00e1ticos comparten sobre el cine de acci\u00f3n. Refleja tanto el esp\u00edritu competitivo como la capacidad de re\u00edrse de los propios errores y fracasos, una lecci\u00f3n de <b>humildad<\/b>, <b>longevidad <\/b>y resiliencia en Hollywood.<\/p>\n<p><img alt=\"La rivalidad entre Schwarzenegger y\" class=\"global-image\" decoding=\"async\" fetchpriority=\"low\" height=\"817\" loading=\"lazy\" src=\"https:\/\/www.europesays.com\/es\/wp-content\/uploads\/2025\/10\/BZKHMJ2X4BB4LG473IPK7CUS7E.jpg\" width=\"1452\"\/>La rivalidad entre Schwarzenegger y Stallone marc\u00f3 una era en el cine de acci\u00f3n de los a\u00f1os 80 y 90 (Photo by Axelle\/Bauer-Griffin\/FilmMagic)<\/p>\n<p class=\"paragraph\"><b>Stallone reconoce el episodio como inc\u00f3modo, pero lo asume como un hecho divertido y caracter\u00edstico de aquella \u00e9poca<\/b>. La an\u00e9cdota simboliza el auge de estos dos actores, que convirtieron la competencia en mito y lograron re\u00edrse incluso de sus tropiezos.<\/p>\n<p class=\"paragraph\">As\u00ed, la mayor derrota profesional de Stallone se transform\u00f3 en un cap\u00edtulo imborrable y revelador de la historia del cine de acci\u00f3n, gracias a la astucia de Schwarzenegger y el esp\u00edritu deportivo de ambos. <\/p>\n<p class=\"paragraph\">Esta historia recuerda que hasta los grandes pueden equivocarse; casi todos los actores consagrados tienen una pel\u00edcula olvidable en su haber, y en algunos casos, como en \u00e9ste, el error hasta puede convertirse en leyenda. El p\u00fablico, por su parte, supo apreciar la sinceridad y el buen humor con que ambos actores relataron esta curiosa an\u00e9cdota, sumando aun m\u00e1s admiradores.<\/p>\n","protected":false},"excerpt":{"rendered":"El enga\u00f1o de Schwarzenegger llev\u00f3 a Stallone a protagonizar &#8216;Para o mi Mam\u00e1 Dispara&#8217;, considerada su peor pel\u00edcula&hellip;\n","protected":false},"author":2,"featured_media":169590,"comment_status":"","ping_status":"","sticky":false,"template":"","format":"standard","meta":{"footnotes":""},"categories":[169],"tags":[752,177,146,147,25,24,176,175,23],"class_list":{"0":"post-169589","1":"post","2":"type-post","3":"status-publish","4":"format-standard","5":"has-post-thumbnail","7":"category-cine","8":"tag-arnold-schwarzenegger","9":"tag-cine","10":"tag-entertainment","11":"tag-entretenimiento","12":"tag-es","13":"tag-espana","14":"tag-film","15":"tag-movies","16":"tag-spain"},"share_on_mastodon":{"url":"","error":""},"_links":{"self":[{"href":"https:\/\/www.europesays.com\/es\/wp-json\/wp\/v2\/posts\/169589","targetHints":{"allow":["GET"]}}],"collection":[{"href":"https:\/\/www.europesays.com\/es\/wp-json\/wp\/v2\/posts"}],"about":[{"href":"https:\/\/www.europesays.com\/es\/wp-json\/wp\/v2\/types\/post"}],"author":[{"embeddable":true,"href":"https:\/\/www.europesays.com\/es\/wp-json\/wp\/v2\/users\/2"}],"replies":[{"embeddable":true,"href":"https:\/\/www.europesays.com\/es\/wp-json\/wp\/v2\/comments?post=169589"}],"version-history":[{"count":0,"href":"https:\/\/www.europesays.com\/es\/wp-json\/wp\/v2\/posts\/169589\/revisions"}],"wp:featuredmedia":[{"embeddable":true,"href":"https:\/\/www.europesays.com\/es\/wp-json\/wp\/v2\/media\/169590"}],"wp:attachment":[{"href":"https:\/\/www.europesays.com\/es\/wp-json\/wp\/v2\/media?parent=169589"}],"wp:term":[{"taxonomy":"category","embeddable":true,"href":"https:\/\/www.europesays.com\/es\/wp-json\/wp\/v2\/categories?post=169589"},{"taxonomy":"post_tag","embeddable":true,"href":"https:\/\/www.europesays.com\/es\/wp-json\/wp\/v2\/tags?post=169589"}],"curies":[{"name":"wp","href":"https:\/\/api.w.org\/{rel}","templated":true}]}}