{"id":169613,"date":"2025-10-11T12:56:08","date_gmt":"2025-10-11T12:56:08","guid":{"rendered":"https:\/\/www.europesays.com\/es\/169613\/"},"modified":"2025-10-11T12:56:08","modified_gmt":"2025-10-11T12:56:08","slug":"ubal-en-granada-me-generaba-mucha-impotencia-no-ganar","status":"publish","type":"post","link":"https:\/\/www.europesays.com\/es\/169613\/","title":{"rendered":"Ubal: \u00abEn Granada me generaba mucha impotencia no ganar\u00bb"},"content":{"rendered":"<p>Un a\u00f1o atr\u00e1s, Agust\u00edn Ubal tom\u00f3, fichando por el Covir\u00e1n, la decisi\u00f3n que cambio su carrera. Ahora se reencuentra, agradecido, como rival rojinegro.<\/p>\n<p><strong>\u2013Jugaron <\/strong> &#8230; <strong>el mi\u00e9rcoles partido de Eurocup, el jueves entrenaron a las 16.30 y sali\u00f3 casi a las 20.30. Va a ser verdad que Diego Ocampo \u2013t\u00e9cnico del Baxi Manresa\u2013 es duro\u2026<\/strong><\/p>\n<p class=\"v-p\">\u2013\u00a1Bueno, teniendo dos competiciones el calendario es un poco m\u00e1s ajetreado! No podemos regalar ning\u00fan d\u00eda y hay que estar siempre pensando en el siguiente partido. Ganamos el mi\u00e9rcoles, descansamos el jueves por la ma\u00f1ana y por la tarde ya nos tocaba preparar el siguiente, que es muy importante. Y Diego, s\u00ed, es un entrenador muy dedicado, con muchas ganas de mejorar siempre. Es algo que transmite muy bien a los jugadores.<\/p>\n<p class=\"v-p\"><strong>\u2013Siempre dijo que es un gran entrenador para j\u00f3venes.<\/strong><\/p>\n<p class=\"v-p\">\u2013S\u00ed. La verdad es que estoy sintiendo mucho su presencia. Est\u00e1 intentando ense\u00f1arme cosas que quiz\u00e1 no ten\u00eda bien aprendidas, o que me faltan por pulir para ser mejor, as\u00ed que estoy muy contento de tener a alguien como \u00e9l al lado. Creo que me va a ser muy \u00fatil para mis pr\u00f3ximos a\u00f1os.<\/p>\n<p class=\"v-p\"><strong>\u2013\u00bfHa habido alguna broma con el partido que le gan\u00f3 al Baxi con el Covir\u00e1n y que empez\u00f3 a dejarles fuera del &#8216;play off&#8217;?<\/strong><\/p>\n<p class=\"v-p\">\u2013\u00a1La verdad es que no hemos hablando de eso! Pero bueno, los asistentes s\u00ed que me han soltado alguna\u2026 (risas). Ese fue uno de los partidos que demostr\u00f3 que yo estaba preparado para jugar contra equipos que luchan por algo m\u00e1s. Me sirvi\u00f3 un poco para que me ofrecieran este contrato\u2026 Nunca se sabe el futuro cuando uno juega un partido, y creo que ese d\u00eda influy\u00f3 bastante en el m\u00edo.<\/p>\n<p class=\"v-p\"><strong>\u2013Primera vez que juega dos competiciones. \u00bfLo nota?<\/strong><\/p>\n<p class=\"v-p\">\u2013Pues tengo que decir que est\u00e1 siendo m\u00e1s duro de lo que imaginaba. Por ejemplo, la semana pasada jugamos dos partidos a domicilio \u2013Liubliana y Tenerife\u2013, y la pasamos entera fuera de Manresa. Entre viajes, partidos, entrenamientos\u2026 se hace duro. Pero lo m\u00e1s lindo es jugar m\u00e1s. Para m\u00ed est\u00e1 siendo algo nuevo porque seg\u00fan juegas, uno ya est\u00e1s preparando el otro. Y eso me est\u00e1 gustando mucho. No hay mucho tiempo para pensar. Es corregir y volver a jugar. Creo que era lo que necesitaba para mi carrera en este momento: sumar minutos y experiencias. Creo que dimos en el clavo. Ojal\u00e1 siga sumando para hacerme un jugador m\u00e1s completo.<\/p>\n<p class=\"v-p\"><strong>\u2013\u00bfEs de &#8216;comerse&#8217; la cabeza?<\/strong><\/p>\n<p class=\"v-p\">\u2013S\u00ed, soy muy detallista. Cuando cometo un error\u2026 termina el partido y lo veo tres veces. Y no exagero. Mi familia se vuelve loca, termina el partido y ya lo estoy viendo, esa misma noche. Soy alguien muy perfeccionista, que piensa mucho y a veces me bloqueo un poco. Pero creo que eso tambi\u00e9n me ayuda para mejorar, corregir errores y llegar a la perfecci\u00f3n&#8230; que es lo que quiero en un futuro m\u00e1s lejano.<\/p>\n<p class=\"v-p\"><strong>\u2013\u00bfQu\u00e9 le supuso Granada?<\/strong><\/p>\n<p class=\"v-p\">\u2013Emocionalmente fue dif\u00edcil, porque los resultados fueron duros. Me generaba mucha impotencia ver que el equipo trabajaba bien pero no gan\u00e1bamos esos partidos que ayudar\u00edan a respirar. Por ah\u00ed fue dif\u00edcil, pero fue una temporada que me ense\u00f1\u00f3 mucho. La ciudad me recibi\u00f3 con los brazos abiertos, sent\u00eda calidez en cada partido, me sent\u00eda como en casa. Me encantaba jugar en el Palacio. Saqu\u00e9 muchas cosas positivas, aprend\u00ed mucho y quiero darle las gracias a Pablo Pin y al presidente, que apostaron por m\u00ed. A veces jugaba bien y a veces mal, pero al siguiente partido segu\u00edan apostando por m\u00ed. La verdad es que les estoy muy agradecido fue un a\u00f1o muy satisfactorio para mi carrera pese a no conseguir resultados.<\/p>\n<p class=\"v-p\"><strong>\u2013Fue el primer equipo en el que le pusieron a jugar &#8216;de verdad&#8217;.<\/strong><\/p>\n<p class=\"v-p\">\u2013S\u00ed. Las temporadas anteriores siempre empezaba sin jugar y al final, por alguna lesi\u00f3n o algo, demostraba que pod\u00eda aportar, pero ya era tarde. Acababa la temporada y apenas ten\u00eda tiempo. Pero apareci\u00f3 el Covir\u00e1n, que tuvo mucha paciencia conmigo hasta que pude, no s\u00e9 si explotar, pero s\u00ed aportarle cosas buenas en defensa y ataque. S\u00ed, fue la primera experiencia con minutos reales y ojal\u00e1 este a\u00f1o en Manresa pueda seguir as\u00ed. Me ayuda mucho tener dos partidos a la semana para tener m\u00e1s posibilidades de jugar. Hasta hoy vengo jugando mucho, se lo agradezco al &#8216;staff&#8217;. Es un empuj\u00f3n para seguir creciendo.<\/p>\n<p class=\"v-p\"><strong>\u2013Se not\u00f3 una gran evoluci\u00f3n desde aquel Ubal timorato del primer partido en casa\u2026<\/strong><\/p>\n<p class=\"v-p\">\u2013As\u00ed fue. Me acuerdo mucho de ese partido contra Unicaja, en el que tuve varios tiros a los que renunci\u00e9, p\u00e9rdidas\u2026 Siendo joven es complicado tener confianza cuando vienes de a\u00f1os sin un rol definido. No empec\u00e9 con la mejor confianza del mundo, pero en eso trabaj\u00f3 mucho Pablo Pin con su cuerpo t\u00e9cnico. Me dieron la confianza, me apoyaron, me ped\u00edan que ayudara en defensa y que en ataque castigara cuando pudiera. Acab\u00e9 m\u00e1s mentalizado, sabiendo que en ataque ten\u00eda que ser m\u00e1s agresivo, arriesgar m\u00e1s y ser valiente. Era mi oportunidad de demostrar que pod\u00eda jugar. Sali\u00f3 bien y ahora soy un jugador mucho m\u00e1s agresivo.<\/p>\n<p class=\"v-p\"><strong>\u2013Tambi\u00e9n contra Unicaja, en M\u00e1laga, otro momento clave: su lesi\u00f3n cuando mejor estaba y en plena plaga de bajas. <\/strong><\/p>\n<p class=\"v-p\">\u2013Fue muy duro. No voy a mentir, pensaba en lo peor, que me hab\u00eda roto el cruzado. Gracias a Dios fue el ligamento lateral y solo un mes afuera. Pero fue un batacazo emocional porque era la primera vez que jugaba bien de verdad, sinti\u00e9ndome importante tambi\u00e9n en ataque. Fue un mal momento, pero me ayud\u00f3 a prepararme mejor para lo que nos quedaba, porque sab\u00eda que, cuando volviera, ten\u00eda que hacerlo siendo el mismo. Ah\u00ed me ayudaron mucho Pecile, con la t\u00e9cnica individual; y &#8216;Pinzas&#8217;, con la rehabilitaci\u00f3n. Pasamos muchas horas juntos y por suerte pude cerrar el curso f\u00edsicamente bien y sinti\u00e9ndome como antes.<\/p>\n<p class=\"v-p\"><strong>\u2013\u00bfC\u00f3mo ha sido el verano? Firm\u00f3 r\u00e1pido en Manresa, pero hab\u00eda incertidumbre sobre el Covir\u00e1n, con el que ten\u00eda contrato.<\/strong><\/p>\n<p class=\"v-p\">\u2013Raro, con mucha incertidumbre. Qued\u00e9 desvinculado con el descenso, pero segu\u00eda hablando con el club, no voy a mentir. Ten\u00eda ofertas de ACB pero no ten\u00eda claro qu\u00e9 hacer, aunque al final me sent\u00e9 con mi agente y pensamos en lo mejor para mi futuro. No sab\u00edamos qu\u00e9 iba a pasar con el Covir\u00e1n y, cuando decidimos, a\u00fan no se sab\u00eda que iban a jugar en ACB. Fue una decisi\u00f3n dif\u00edcil, no lo niego, porque tengo un gran cari\u00f1o por el club, mucho aprecio a su gente. Pero Manresa es un club hist\u00f3rico que me ofrec\u00eda jugar Eurocup y estabilidad con un contrato hasta 2028. Era dif\u00edcil decir que no a pesar del cari\u00f1o por el Covir\u00e1n, que le transmit\u00ed al presidente d\u00e1ndole las gracias y dese\u00e1ndole lo mejor. Por suerte, se pudieron quedar en ACB y nos vamos a volver a ver, que es lo m\u00e1s lindo.<\/p>\n<p class=\"v-p\"><strong>\u2013\u00bfC\u00f3mo vivi\u00f3 la confirmaci\u00f3n del Covir\u00e1n en la ACB? Podr\u00eda haber reclamado el contrato.<\/strong><\/p>\n<p class=\"v-p\">\u2013S\u00ed, podr\u00eda, pero les hab\u00eda transmitido mi decisi\u00f3n y me hab\u00edan dicho que no iban a poner trabas. Yo lo di todo por ellos, y me desearon lo mejor. Por eso, se me dobl\u00f3 el cari\u00f1o por el club, porque quiz\u00e1 otro hubiera dicho: &#8216;oye, t\u00fa tienes contrato, vamos a juicio porque queremos &#8216;plata&#8217;\u2026&#8217;. Pero no. Por eso les estoy tan agradecido y cuando vea al presidente se lo dir\u00e9 personalmente. Es una acci\u00f3n de buena persona, que es lo que caracteriza al Covir\u00e1n: buenas personas en el club. Se merecen lo mejor durante a\u00f1os.<\/p>\n<p class=\"v-p\"><strong>\u2013\u00bfQu\u00e9 espera del partido? <\/strong><\/p>\n<p class=\"v-p\">\u2013Va a ser din\u00e1mico, est\u00e1 claro (sonr\u00ede). Ellos juegan r\u00e1pido, Ram\u00f3n (D\u00edaz) ha impuesto una manera de jugar muy americana. Nosotros tambi\u00e9n somos din\u00e1micos, as\u00ed que va a ser un partido de ida y vuelta. Toca estar preparados para rebotear, correr y castigarles cuando podamos. Ganar\u00e1 el que est\u00e9 mejor f\u00edsicamente porque ser\u00e1 igualado. Ellos se han reforzado muy bien.<\/p>\n","protected":false},"excerpt":{"rendered":"Un a\u00f1o atr\u00e1s, Agust\u00edn Ubal tom\u00f3, fichando por el Covir\u00e1n, la decisi\u00f3n que cambio su carrera. Ahora se&hellip;\n","protected":false},"author":2,"featured_media":169614,"comment_status":"","ping_status":"","sticky":false,"template":"","format":"standard","meta":{"footnotes":""},"categories":[269],"tags":[299,298,168,25,24,2000,49403,494,49404,23,167,31292],"class_list":{"0":"post-169613","1":"post","2":"type-post","3":"status-publish","4":"format-standard","5":"has-post-thumbnail","7":"category-baloncesto","8":"tag-baloncesto","9":"tag-basketball","10":"tag-deportes","11":"tag-es","12":"tag-espana","13":"tag-ganar","14":"tag-generaba","15":"tag-granada","16":"tag-impotencia","17":"tag-spain","18":"tag-sports","19":"tag-ubal"},"share_on_mastodon":{"url":"","error":""},"_links":{"self":[{"href":"https:\/\/www.europesays.com\/es\/wp-json\/wp\/v2\/posts\/169613","targetHints":{"allow":["GET"]}}],"collection":[{"href":"https:\/\/www.europesays.com\/es\/wp-json\/wp\/v2\/posts"}],"about":[{"href":"https:\/\/www.europesays.com\/es\/wp-json\/wp\/v2\/types\/post"}],"author":[{"embeddable":true,"href":"https:\/\/www.europesays.com\/es\/wp-json\/wp\/v2\/users\/2"}],"replies":[{"embeddable":true,"href":"https:\/\/www.europesays.com\/es\/wp-json\/wp\/v2\/comments?post=169613"}],"version-history":[{"count":0,"href":"https:\/\/www.europesays.com\/es\/wp-json\/wp\/v2\/posts\/169613\/revisions"}],"wp:featuredmedia":[{"embeddable":true,"href":"https:\/\/www.europesays.com\/es\/wp-json\/wp\/v2\/media\/169614"}],"wp:attachment":[{"href":"https:\/\/www.europesays.com\/es\/wp-json\/wp\/v2\/media?parent=169613"}],"wp:term":[{"taxonomy":"category","embeddable":true,"href":"https:\/\/www.europesays.com\/es\/wp-json\/wp\/v2\/categories?post=169613"},{"taxonomy":"post_tag","embeddable":true,"href":"https:\/\/www.europesays.com\/es\/wp-json\/wp\/v2\/tags?post=169613"}],"curies":[{"name":"wp","href":"https:\/\/api.w.org\/{rel}","templated":true}]}}