{"id":169631,"date":"2025-10-11T13:06:06","date_gmt":"2025-10-11T13:06:06","guid":{"rendered":"https:\/\/www.europesays.com\/es\/169631\/"},"modified":"2025-10-11T13:06:06","modified_gmt":"2025-10-11T13:06:06","slug":"espero-que-mis-companeros-puedan-disfrutar-en-el-festival-por-el-enredo-en-el-que-les-he-metido","status":"publish","type":"post","link":"https:\/\/www.europesays.com\/es\/169631\/","title":{"rendered":"\u00abEspero que mis compa\u00f1eros puedan disfrutar en el festival por el enredo en el que les he metido\u00bb"},"content":{"rendered":"<p style=\"\">Faltaba m\u00e1s de media hora, y ya se encontraban los aleda\u00f1os de la plaza hasta arriba de gente. Nadie se quer\u00eda perder el acontecimiento de ver a Morante <a href=\"https:\/\/www.abc.es\/cultura\/toros\/naturales-samuel-castrejon-valen-camino-ventas-20251009213925-nt.html\" target=\"_self\" data-voc-vtm-id=\"in-text-traffic\" title=\"descubrir\" data-mrf-link=\"www.abc.es\" rel=\"nofollow noopener\">descubrir<\/a> la estatua a Anto\u00f1ete, frente a la puerta grande. El viernes ya estaba el monumento,  &#8230; cubierto por unas s\u00e1banas, como un fantasma, y estaba disparada la curiosidad por ver lo que hab\u00eda debajo. \u00abEs casi tan importante lo de hoy como lo de ma\u00f1ana en el ruedo\u00bb, comentaban los <a href=\"https:\/\/www.abc.es\/cultura\/toros\/cincuenta-anos-antonio-bienvenida-maestro-eterna-sonrisa-20251007163909-nt.html\" target=\"_self\" data-voc-vtm-id=\"in-text-traffic\" title=\"aficionados\" data-mrf-link=\"www.abc.es\" rel=\"nofollow noopener\">aficionados<\/a> que all\u00ed se amontonaban.<\/p>\n<p class=\"voc-p\" style=\"\">Se hablaba tambi\u00e9n la baja de \u00faltima hora de Aparicio, y la consiguiente sustituci\u00f3n de Frascuelo, que ha ca\u00eddo bien para rematar -o abrir, mejor dicho- el cartel. Aunque sonaba <a href=\"https:\/\/www.abc.es\/cultura\/toros\/dsfdf-20251005121032-nt.html#vca=modulo-rel-uno&amp;vso=abc&amp;vmc=noticias-rel&amp;vli=cultura\" target=\"_self\" data-voc-vtm-id=\"in-text-traffic\" title=\"Uceda\" data-mrf-link=\"www.abc.es\" rel=\"nofollow noopener\">Uceda<\/a>, no terminaba de encajar en la idea de toreros retirados. Curro V\u00e1zquez iba a ser el matador de mayor edad que iba a pisar el ruedo de Las Ventas: 74 a\u00f1os cuenta el maestro, aunque con aspecto de chaval. Al meter a Frascuelo, se ha superado ese r\u00e9cord: 77 a\u00f1os tiene el madrile\u00f1o, que ejercer\u00e1 de director de lidia.<\/p>\n<p class=\"voc-p\" style=\"\">Algunos sal\u00edan del aparatado de la corrida de Victorino, otros llevaban esperando un buen rato para coger buen sitio&#8230; Hasta turistas orientales sacaban su m\u00f3vil, porque algo grande deb\u00eda pasar si hab\u00eda tanta gente bajo la solanera un s\u00e1bado al mediod\u00eda. Y a la hora prevista, apareci\u00f3 Morante, con un traje marr\u00f3n, haciendo el pase\u00edllo junto a Hermoso de Mendoza, Curro V\u00e1zquez y Olga Casado, con Carlos Novillo, Miguel Mart\u00edn, V\u00edctor Zabala, Rafael G. Garrido y la familia del maestro del mech\u00f3n blanco a su vera.<\/p>\n<p class=\"voc-p\" style=\"\">Se quit\u00f3 entonces la tela negra para ver la imagen de Anto\u00f1ete, \u00abdel Chenel de principios de los 80\u00bb, del escultor Mart\u00edn Lagares, ante el aplauso general. \u00abLa afici\u00f3n de Madrid a Anto\u00f1ete\u00bb, era la inscripci\u00f3n. <\/p>\n<p class=\"voc-p\" style=\"\">Todos sabemos que esa \u00abafici\u00f3n de Madrid\u00bb est\u00e1 capitaneada por Morante, que miraba contento la escultura. \u00abTen\u00eda el miedo de que no nos gustara\u00bb, dijo el Genio a ABC. \u00abPero, al parecer, ha gustado mucho, y todo el mundo est\u00e1 muy contento\u00bb.<\/p>\n<p class=\"voc-p\" style=\"\">Los asistentes esperaban su oportunidad de hacerse una foto o saludar al Genio, y dem\u00e1s protagonistas. Lograron meterse por la puerta grande muchos de los toreros, tras atender a la gente como buenamente se pod\u00eda. \u00abHemos perdido a Curro\u00bb, comentaban algunos al meterse, pero sin mirar atr\u00e1s por la la masa de aficionados. Para que digan que no hay afici\u00f3n. Los restaurantes de la zona est\u00e1n llenos desde agosto, y no hay hoteles disponibles estos d\u00edas.<\/p>\n<p class=\"voc-p\" style=\"\">Sobre el d\u00eda de ma\u00f1ana, se\u00f1alado desde hace mucho por los aficionados en letras de oro, esperaba el de La Puebla que, por la ma\u00f1ana, \u00abpuedan disfrutar mis compa\u00f1eros, porque son toreros ya retirados. Ser\u00eda una satisfacci\u00f3n para m\u00ed que no sea en vano todo este enredo en el que les he metido, y que se les recuerde como los toreros que han sido\u00bb, dec\u00eda sonriente.  <\/p>\n<p class=\"voc-p\" style=\"\">Ya por la tarde, la historia cambia: \u00abAh\u00ed ya quiero disfrutar yo, y espero que sea una tarde especial\u00bb. Lo ser\u00e1, ya que supone la retirada de Fernando Roble\u00f1o, primer torero al que Morante dio la alternativa, hace un cuarto de siglo ya, y la confirmaci\u00f3n de Sergio Rodr\u00edguez. Unos se van, otros vienen, pero Chenel ya tendr\u00e1 para siempre el recuerdo que su plaza le deb\u00eda.<\/p>\n","protected":false},"excerpt":{"rendered":"Faltaba m\u00e1s de media hora, y ya se encontraban los aleda\u00f1os de la plaza hasta arriba de gente.&hellip;\n","protected":false},"author":2,"featured_media":169632,"comment_status":"","ping_status":"","sticky":false,"template":"","format":"standard","meta":{"footnotes":""},"categories":[91],"tags":[10705,14347,2604,48378,146,147,25,24,12694,3931,4520,49407,39590,780,37845,23],"class_list":{"0":"post-169631","1":"post","2":"type-post","3":"status-publish","4":"format-standard","5":"has-post-thumbnail","7":"category-entretenimiento","8":"tag-antonete","9":"tag-companeros","10":"tag-disfrutar","11":"tag-enredo","12":"tag-entertainment","13":"tag-entretenimiento","14":"tag-es","15":"tag-espana","16":"tag-espero","17":"tag-festival","18":"tag-inaugura","19":"tag-metido","20":"tag-monumento","21":"tag-morante","22":"tag-puedan","23":"tag-spain"},"share_on_mastodon":{"url":"","error":""},"_links":{"self":[{"href":"https:\/\/www.europesays.com\/es\/wp-json\/wp\/v2\/posts\/169631","targetHints":{"allow":["GET"]}}],"collection":[{"href":"https:\/\/www.europesays.com\/es\/wp-json\/wp\/v2\/posts"}],"about":[{"href":"https:\/\/www.europesays.com\/es\/wp-json\/wp\/v2\/types\/post"}],"author":[{"embeddable":true,"href":"https:\/\/www.europesays.com\/es\/wp-json\/wp\/v2\/users\/2"}],"replies":[{"embeddable":true,"href":"https:\/\/www.europesays.com\/es\/wp-json\/wp\/v2\/comments?post=169631"}],"version-history":[{"count":0,"href":"https:\/\/www.europesays.com\/es\/wp-json\/wp\/v2\/posts\/169631\/revisions"}],"wp:featuredmedia":[{"embeddable":true,"href":"https:\/\/www.europesays.com\/es\/wp-json\/wp\/v2\/media\/169632"}],"wp:attachment":[{"href":"https:\/\/www.europesays.com\/es\/wp-json\/wp\/v2\/media?parent=169631"}],"wp:term":[{"taxonomy":"category","embeddable":true,"href":"https:\/\/www.europesays.com\/es\/wp-json\/wp\/v2\/categories?post=169631"},{"taxonomy":"post_tag","embeddable":true,"href":"https:\/\/www.europesays.com\/es\/wp-json\/wp\/v2\/tags?post=169631"}],"curies":[{"name":"wp","href":"https:\/\/api.w.org\/{rel}","templated":true}]}}