{"id":169640,"date":"2025-10-11T13:11:23","date_gmt":"2025-10-11T13:11:23","guid":{"rendered":"https:\/\/www.europesays.com\/es\/169640\/"},"modified":"2025-10-11T13:11:23","modified_gmt":"2025-10-11T13:11:23","slug":"abascal-no-ira-a-la-tribuna-de-autoridades-porque-cree-que-sanchez-usa-el-12-o-para-blanquear-al-gobierno","status":"publish","type":"post","link":"https:\/\/www.europesays.com\/es\/169640\/","title":{"rendered":"Abascal no ir\u00e1 a la tribuna de autoridades porque cree que S\u00e1nchez usa el 12-O para blanquear al Gobierno"},"content":{"rendered":"<p>Una decisi\u00f3n trascendental, dif\u00edcil de superar para el Gobierno. Un bache importante que complica la legislatura. <a href=\"https:\/\/www.huffingtonpost.es\/virales\/hasta-nuevas-generaciones-pp-ponen-sitio-abascal-criticar-partidoy-que-manera.html\" rel=\"nofollow noopener\" target=\"_blank\">Santiago Abascal<\/a> ha tomado la dr\u00e1stica decisi\u00f3n de escribir una carta. No, esa no es la noticia. La carta se la ha mandado a <a href=\"https:\/\/www.huffingtonpost.es\/life\/influencers-celebrities\/la-mala-suerte-amor-familia-felipe-vi-divorcios-traumaticos-cordiales-pareja-llega-unico-matrimonio-superviviente.html\" rel=\"nofollow noopener\" target=\"_blank\">Felipe VI<\/a>. Pero eso tampoco es noticia. La raz\u00f3n es lo que pon\u00eda en ella: no estar\u00e1 en la tribuna de autoridades del desfile militar del <a href=\"https:\/\/www.huffingtonpost.es\/life\/moda\/todos-looks-letizia-12-octubre-asi-evolucionado-reina-dos-decadas.html\" rel=\"nofollow noopener\" target=\"_blank\">12 de octubre<\/a>.<\/p>\n<p>No se ve\u00eda una baja as\u00ed desde la lesi\u00f3n de Ca\u00f1izares con un frasco de colonia que le impidi\u00f3 jugar con Espa\u00f1a el Mundial de 2002. Pero el l\u00edder de Vox ha dado m\u00e1s detalles de por qu\u00e9 lo ha decidido.<\/p>\n<p>\u00abSantiago Abascal entiende que <b>Pedro S\u00e1nchez utiliza estos acontecimientos para blanquear un Gobierno<\/b> sumido en una corrupci\u00f3n escandalosa y responsable de grav\u00edsimas traiciones a los intereses de Espa\u00f1a\u00bb, ha explicado el partido en un comunicado.<\/p>\n<p>Pero resulta llamativo que el l\u00edder de Vox haya escrito por carta a Felipe VI, justific\u00e1ndose con que el Ejecutivo usa el desfile militar como m\u00e9todo de blanqueamiento. S\u00ed, los actos del 12 de octubre. Esos en los que, siempre que gobierna un l\u00edder socialista, algunos de los ciudadanos, que esperan desde primera hora en el centro de Madrid el inicio de los actos, aprovechan para abuchear al dirigente de turno. Pas\u00f3 con Jos\u00e9 Luis Rodr\u00edguez Zapatero y <a href=\"\">lleva a\u00f1os ocurriendo con el propio S\u00e1nchez<\/a>.<\/p>\n<p>\u00abNo se puede ni se debe <b>fingir normalidad institucional con un Ejecutivo ilegitimo que est\u00e1 dinamitando el Estado de Derecho<\/b>, la convivencia pac\u00edfica y que con sus alianzas internacionales est\u00e1 poniendo en grave peligro la seguridad de los espa\u00f1oles\u00bb, han excusado desde Vox.<\/p>\n<p>Calle-tano<\/p>\n<p>Pese a que no estar\u00e1 presente en la tribuna de autoridades, Vox s\u00ed ha confirmado la presencia de Abascal en el desfile. Aseguran que \u00absu sitio\u00a0est\u00e1 junto a los espa\u00f1oles, y ya hace tiempo que ha decidido que s\u00f3lo compartir\u00e1 espacio con Pedro S\u00e1nchez y los miembros de su Gobierno en el Congreso de los Diputados, o cualquier otro lugar donde  pueda denunciar la corrupci\u00f3n moral, pol\u00edtica y econ\u00f3mica de este Gobierno\u00bb.<\/p>\n<p>\u00abSantiago Abascal no acudir\u00e1 a la tribuna de autoridades ni a la posterior recepci\u00f3n del Palacio Real, y <b>celebrar\u00e1 la Fiesta Nacional en la calle, aplaudiendo a las Fuerzas Armadas y honrando los s\u00edmbolos nacionales<\/b>\u00ab, ha asegurado su formaci\u00f3n pol\u00edtica.<\/p>\n<p>Y no lo tendr\u00e1 nada f\u00e1cil. Para coger un buen sitio a lo largo del Paseo de la Castellana hace falta madrugar bastante. Un verdadero reto para el l\u00edder de Vox que ha decidido tomar una decisi\u00f3n que dejar\u00e1 un enorme vac\u00edo en la tribuna de autoridades y en el besamanos de los reyes y la princesa Leonor en el Palacio Real.\u00a0\u00a0<\/p>\n","protected":false},"excerpt":{"rendered":"Una decisi\u00f3n trascendental, dif\u00edcil de superar para el Gobierno. Un bache importante que complica la legislatura. Santiago Abascal&hellip;\n","protected":false},"author":2,"featured_media":169641,"comment_status":"","ping_status":"","sticky":false,"template":"","format":"standard","meta":{"footnotes":""},"categories":[5],"tags":[17,18,49346,25,24,13,14,11,19,20,9,10,15,16,2959,6914,23,12,21,22,624],"class_list":{"0":"post-169640","1":"post","2":"type-post","3":"status-publish","4":"format-standard","5":"has-post-thumbnail","7":"category-titulares","8":"tag-breaking-news","9":"tag-breakingnews","10":"tag-desfile-12-octubre","11":"tag-es","12":"tag-espana","13":"tag-featured-news","14":"tag-featurednews","15":"tag-headlines","16":"tag-latest-news","17":"tag-latestnews","18":"tag-news","19":"tag-noticias","20":"tag-noticias-destacadas","21":"tag-noticiasdestacadas","22":"tag-pedro-sanchez","23":"tag-santiago-abascal","24":"tag-spain","25":"tag-titulares","26":"tag-ultimas-noticias","27":"tag-ultimasnoticias","28":"tag-vox"},"share_on_mastodon":{"url":"","error":""},"_links":{"self":[{"href":"https:\/\/www.europesays.com\/es\/wp-json\/wp\/v2\/posts\/169640","targetHints":{"allow":["GET"]}}],"collection":[{"href":"https:\/\/www.europesays.com\/es\/wp-json\/wp\/v2\/posts"}],"about":[{"href":"https:\/\/www.europesays.com\/es\/wp-json\/wp\/v2\/types\/post"}],"author":[{"embeddable":true,"href":"https:\/\/www.europesays.com\/es\/wp-json\/wp\/v2\/users\/2"}],"replies":[{"embeddable":true,"href":"https:\/\/www.europesays.com\/es\/wp-json\/wp\/v2\/comments?post=169640"}],"version-history":[{"count":0,"href":"https:\/\/www.europesays.com\/es\/wp-json\/wp\/v2\/posts\/169640\/revisions"}],"wp:featuredmedia":[{"embeddable":true,"href":"https:\/\/www.europesays.com\/es\/wp-json\/wp\/v2\/media\/169641"}],"wp:attachment":[{"href":"https:\/\/www.europesays.com\/es\/wp-json\/wp\/v2\/media?parent=169640"}],"wp:term":[{"taxonomy":"category","embeddable":true,"href":"https:\/\/www.europesays.com\/es\/wp-json\/wp\/v2\/categories?post=169640"},{"taxonomy":"post_tag","embeddable":true,"href":"https:\/\/www.europesays.com\/es\/wp-json\/wp\/v2\/tags?post=169640"}],"curies":[{"name":"wp","href":"https:\/\/api.w.org\/{rel}","templated":true}]}}