{"id":169658,"date":"2025-10-11T13:24:11","date_gmt":"2025-10-11T13:24:11","guid":{"rendered":"https:\/\/www.europesays.com\/es\/169658\/"},"modified":"2025-10-11T13:24:11","modified_gmt":"2025-10-11T13:24:11","slug":"la-voz-rechazo-por-segunda-vez-al-mismo-concursante-y-vivio-las-suplicas-de-malu-a-mika-para-girarse-por-una-artista","status":"publish","type":"post","link":"https:\/\/www.europesays.com\/es\/169658\/","title":{"rendered":"&#8216;La Voz&#8217; rechaz\u00f3 por segunda vez al mismo concursante y vivi\u00f3 las s\u00faplicas de Mal\u00fa a Mika para girarse por una artista"},"content":{"rendered":"<p class=\"article-text\">\n        <strong>Antena 3<\/strong> emiti\u00f3 este viernes las cuartas<strong> Audiciones a ciegas<\/strong> de la presente edici\u00f3n de<strong> La Voz<\/strong>. Una entrega que<a href=\"https:\/\/www.eldiario.es\/vertele\/audiencias-tv\/viernes-11-octubre-lavoz-antena3-liderazgo-deviernes-telecinco-carlo-costanzia-recorta-distancias_1_12675629.html\" target=\"_blank\" data-mrf-recirculation=\"links-noticia\" class=\"link\" rel=\"nofollow noopener\"> lider\u00f3 en audiencias<\/a> y que tuvo dos momentos se\u00f1alados: el <strong>regreso de un concursante rechazado <\/strong>hace cuatro a\u00f1os, y las s\u00faplicas de <strong>Mal\u00fa <\/strong>por fichar talento&#8230; pero para otro equipo.\n    <\/p>\n<p>    <a href=\"https:\/\/www.eldiario.es\/vertele\/noticias\/crespo-reflexiona-ot-2025-repercusion-ganar-voz_1_12654970.html\" data-mrf-recirculation=\"saber-mas\" data-dl-event=\"saber-mas\" rel=\"nofollow noopener\" target=\"_blank\"><\/p>\n<p class=\"know-more__title\">Crespo reflexiona en &#8216;OT 2025&#8217; sobre la poca repercusi\u00f3n tras ganar &#8216;La Voz&#8217;: \u00abNo est\u00e1 pensado para sacar artistas\u00bb<\/p>\n<p>            <img decoding=\"async\" class=\"lazy\" loading=\"lazy\" data-src=\"https:\/\/static.eldiario.es\/clip\/ec2c7254-c6f4-47b8-b685-043f79d24341_16-9-aspect-ratio_default_0.jpg\" src=\"data:image\/svg+xml,%3Csvg xmlns=\" http:=\"\" viewbox=\"0 0 880 495\" alt=\"Crespo reflexiona en 'OT 2025' sobre la poca repercusi\u00f3n tras ganar 'La Voz': &quot;No est\u00e1 pensado para sacar artistas&quot;\"\/><\/p>\n<p>                        <\/a><\/p>\n<p class=\"article-text\">\n        En todos los concursos musicales, tambi\u00e9n en el de <strong>Atresmedia<\/strong>, es habitual que <strong>algunos artistas reciban un &#8216;no&#8217;<\/strong> en una edici\u00f3n, y vuelvan a intentarlo tiempo despu\u00e9s con m\u00e1s formaci\u00f3n y otro contexto. Prueba de ello fue lo que ocurri\u00f3 este 10 de octubre con <strong>Jota<\/strong>, un cantante rockero que fue descartado en las Audiciones de 2021 y que regres\u00f3 en las pruebas de 2025 dispuesto a cambiar su suerte.\n    <\/p>\n<p class=\"article-text\">\n        Con el objetivo de seguir persiguiendo su gran sue\u00f1o, este aspirante eligi\u00f3 el tema de Scorpions <strong>Maybe I Maybe You<\/strong> para tratar de convencer esta vez a <strong>Mika, Mal\u00fa, Pablo L\u00f3pez y Sebasti\u00e1n Yatra<\/strong> de que deb\u00eda estar en sus equipos. Sin embargo, como ya le pas\u00f3 a\u00f1os atr\u00e1s, Jota interpret\u00f3 su n\u00famero musical <strong>sin que ninguno de los coaches diese al pulsador<\/strong> para girar su sill\u00f3n.\n    <\/p>\n<p class=\"article-text\">\n        Tras esta segunda decepci\u00f3n en Antena 3, Mika trat\u00f3 de animarle: \u201c<strong>Cantas bien, para m\u00ed es una cuesti\u00f3n de estilo<\/strong>\u201d, dijo el coach, que aplaudi\u00f3 su valent\u00eda por volver a probar suerte.\n    <\/p>\n<p class=\"article-text\">\n        Mejor destino tuvo <strong>Blanca<\/strong>, una sevillana de estilo flamenco que capt\u00f3 la atenci\u00f3n de todos en plat\u00f3. Especialmente de <strong>Mal\u00fa<\/strong>, a quien la actuaci\u00f3n de <strong>Cuando nadie me ve<\/strong> de Alejandro Sanz,\u00a0en la\u00a0versi\u00f3n de Ni\u00f1a Pastori, cautiv\u00f3 por completo. Sin embargo, la coach ten\u00eda su equipo demasiado lleno y<strong> tuvo que suplicar a sus compa\u00f1eros<\/strong> que no dejasen escapar a la artista.\n    <\/p>\n<p>    <a href=\"https:\/\/www.eldiario.es\/vertele\/audiencias-tv\/viernes-11-octubre-lavoz-antena3-liderazgo-deviernes-telecinco-carlo-costanzia-recorta-distancias_1_12675629.html\" data-mrf-recirculation=\"saber-mas-abajo\" data-dl-event=\"saber-mas-abajo\" rel=\"nofollow noopener\" target=\"_blank\"><\/p>\n<p class=\"know-more__title\">&#8216;La Voz&#8217; (13.6%) mantiene el liderazgo ante &#8216;De Viernes&#8217; (12.1%), que recorta distancias con Carlo Costanzia en plat\u00f3\n<\/p>\n<p>            <img decoding=\"async\" class=\"lazy\" loading=\"lazy\" data-src=\"https:\/\/static.eldiario.es\/clip\/4882894e-547e-48fc-a5f5-e23cf8df56f8_16-9-aspect-ratio_default_0.jpg\" src=\"data:image\/svg+xml,%3Csvg xmlns=\" http:=\"\" viewbox=\"0 0 880 495\" alt=\"'La Voz' (13.6%) mantiene el liderazgo ante 'De Viernes' (12.1%), que recorta distancias con Carlo Costanzia en plat\u00f3\"\/><\/p>\n<p>                        <\/a><\/p>\n<p class=\"article-text\">\n        Entre gestos de resignaci\u00f3n y s\u00faplica, la cantante madrile\u00f1a <strong>pidi\u00f3 activamente a Yatra y Mika<\/strong> que le diesen al pulsador. \u201c<strong>Dadle, por favor. Es muy buena. Por favor<\/strong>\u201d, insisti\u00f3. Quien le hizo caso fue el artista brit\u00e1nico-liban\u00e9s, que esper\u00f3 hasta el \u00faltimo momento para girarse. \u201c\u00a1Gracias a Dios!\u201d, reaccion\u00f3 Mal\u00fa.\n    <\/p>\n","protected":false},"excerpt":{"rendered":"Antena 3 emiti\u00f3 este viernes las cuartas Audiciones a ciegas de la presente edici\u00f3n de La Voz. Una&hellip;\n","protected":false},"author":2,"featured_media":169659,"comment_status":"","ping_status":"","sticky":false,"template":"","format":"standard","meta":{"footnotes":""},"categories":[171],"tags":[1830,2884,146,147,25,24,49414,7960,41084,3635,3745,23,49413,214,1079,19678,1447],"class_list":{"0":"post-169658","1":"post","2":"type-post","3":"status-publish","4":"format-standard","5":"has-post-thumbnail","7":"category-tv","8":"tag-artista","9":"tag-concursante","10":"tag-entertainment","11":"tag-entretenimiento","12":"tag-es","13":"tag-espana","14":"tag-girarse","15":"tag-malu","16":"tag-mika","17":"tag-rechazo","18":"tag-segunda","19":"tag-spain","20":"tag-suplicas","21":"tag-tv","22":"tag-vez","23":"tag-vivio","24":"tag-voz"},"share_on_mastodon":{"url":"","error":""},"_links":{"self":[{"href":"https:\/\/www.europesays.com\/es\/wp-json\/wp\/v2\/posts\/169658","targetHints":{"allow":["GET"]}}],"collection":[{"href":"https:\/\/www.europesays.com\/es\/wp-json\/wp\/v2\/posts"}],"about":[{"href":"https:\/\/www.europesays.com\/es\/wp-json\/wp\/v2\/types\/post"}],"author":[{"embeddable":true,"href":"https:\/\/www.europesays.com\/es\/wp-json\/wp\/v2\/users\/2"}],"replies":[{"embeddable":true,"href":"https:\/\/www.europesays.com\/es\/wp-json\/wp\/v2\/comments?post=169658"}],"version-history":[{"count":0,"href":"https:\/\/www.europesays.com\/es\/wp-json\/wp\/v2\/posts\/169658\/revisions"}],"wp:featuredmedia":[{"embeddable":true,"href":"https:\/\/www.europesays.com\/es\/wp-json\/wp\/v2\/media\/169659"}],"wp:attachment":[{"href":"https:\/\/www.europesays.com\/es\/wp-json\/wp\/v2\/media?parent=169658"}],"wp:term":[{"taxonomy":"category","embeddable":true,"href":"https:\/\/www.europesays.com\/es\/wp-json\/wp\/v2\/categories?post=169658"},{"taxonomy":"post_tag","embeddable":true,"href":"https:\/\/www.europesays.com\/es\/wp-json\/wp\/v2\/tags?post=169658"}],"curies":[{"name":"wp","href":"https:\/\/api.w.org\/{rel}","templated":true}]}}