{"id":169677,"date":"2025-10-11T13:35:10","date_gmt":"2025-10-11T13:35:10","guid":{"rendered":"https:\/\/www.europesays.com\/es\/169677\/"},"modified":"2025-10-11T13:35:10","modified_gmt":"2025-10-11T13:35:10","slug":"el-balonmano-almeriense-ante-grandes-desafios","status":"publish","type":"post","link":"https:\/\/www.europesays.com\/es\/169677\/","title":{"rendered":"El balonmano almeriense ante grandes desaf\u00edos"},"content":{"rendered":"<p><a class=\"v-mdl-ath__fig-a\" href=\"https:\/\/www.ideal.es\/autor\/juanjo-aguilera-2157.html\" title=\"Juanjo Aguilera\" rel=\"nofollow noopener\" target=\"_blank\"><br \/>\n<img decoding=\"async\" class=\"v-mdl-ath__img\" src=\"https:\/\/www.europesays.com\/es\/wp-content\/uploads\/2025\/09\/autor-2157-foto-2.jpeg\" alt=\"Juanjo Aguilera\"\/><br \/>\n<\/a><\/p>\n<p class=\"v-mdl-ath__p v-mdl-ath__p--6\">\nS\u00e1bado, 11 de octubre 2025, 14:55<\/p>\n<p class=\"v-p\">El balonmano almeriense se prepara para un fin de semana cargado de emociones, con tres partidos que medir\u00e1n el momento de forma de sus principales representantes en las ligas nacionales. Cantera Sur, l\u00edder del Grupo F en la Primera Divisi\u00f3n Masculina, buscar\u00e1 hoy s\u00e1bado mantener su racha perfecta en el Pabell\u00f3n Municipal de Las Norias, donde recibir\u00e1 al ARS Naranjas de Palma del R\u00edo a partir de las siete de la tarde.<\/p>\n<p class=\"v-p\">El conjunto ejidense llega lanzado, con cuatro victorias en cuatro partidos que lo sit\u00faan en lo m\u00e1s alto de la clasificaci\u00f3n. Su trayectoria ha sido impecable. Debut\u00f3 superando a Pozuelo (29-24), firm\u00f3 una contundente victoria ante Herencia Ararat (16-27), se mostr\u00f3 s\u00f3lido en casa frente al Ed\u00e9n Colegio San Francisco de As\u00eds Mijas (33-24) y volvi\u00f3 a imponerse la pasada jornada en la pista del Bola\u00f1os (24-27). Los de ejidenses han demostrado equilibrio entre defensa y ataque, un sello de identidad que tratar\u00e1n de mantener frente a un Palma del R\u00edo que tambi\u00e9n atraviesa un buen momento y suma seis puntos, con triunfos ante Silb\u00f3n Cordoplas (31-29), Pozuelo (22-21) y Ed\u00e9n Mijas (30-34). S\u00f3lo una derrota, en M\u00e1laga (26-25), ha empa\u00f1ado su arranque de temporada.<\/p>\n<p class=\"v-p\">En la Divisi\u00f3n de Honor Plata femenina, el Urci Almer\u00eda afrontar\u00e1 una nueva salida con la intenci\u00f3n de prolongar su buen inicio de curso. Las almerienses visitar\u00e1n a las siete de la tarde al Gestor\u00eda Bravo Colegio San Francisco de As\u00eds Mijas, un duelo que promete igualdad y ritmo. El conjunto capitalino acumula tres puntos tras vencer a Pozuelo (24-26) y empatar ante Alcobendas (31-31) en un partido vibrante. Enfrente tendr\u00e1 a un rival que llega reforzado por su triunfo en Torrej\u00f3n (29-36) tras caer en la primera jornada ante Caser\u00edo Ciudad Real (24-37).<\/p>\n<p class=\"v-p\">El s\u00e1bado se cerrar\u00e1 con el compromiso del Agrinova Costa de Almer\u00eda Roquetas, que buscar\u00e1 su primera victoria del curso a partir de las ocho de la tarde en feudo del Casa \u00c1lvarez Ciudad Imperial de Toledo. Las roqueteras han arrancado con dos derrotas \u2013en la cancha del Estudiantes (36-23) y ante UCAM Murcia (19-30)\u2013 y necesitan reencontrarse con las buenas sensaciones. No lo tendr\u00e1n f\u00e1cil ante un conjunto manchego que ha ganado sus dos partidos, imponi\u00e9ndose por la m\u00ednima a Helvetia Montequinto (25-24) y confirmando su buen momento con otro ajustado triunfo en Melilla (22-24).<\/p>\n<p>Reporta un error<\/p>\n","protected":false},"excerpt":{"rendered":"S\u00e1bado, 11 de octubre 2025, 14:55 El balonmano almeriense se prepara para un fin de semana cargado de&hellip;\n","protected":false},"author":2,"featured_media":169678,"comment_status":"","ping_status":"","sticky":false,"template":"","format":"standard","meta":{"footnotes":""},"categories":[278],"tags":[33113,1575,376,168,20248,25,24,4645,375,23,167],"class_list":{"0":"post-169677","1":"post","2":"type-post","3":"status-publish","4":"format-standard","5":"has-post-thumbnail","7":"category-balonmano","8":"tag-almeriense","9":"tag-ante","10":"tag-balonmano","11":"tag-deportes","12":"tag-desafios","13":"tag-es","14":"tag-espana","15":"tag-grandes","16":"tag-handball","17":"tag-spain","18":"tag-sports"},"share_on_mastodon":{"url":"","error":""},"_links":{"self":[{"href":"https:\/\/www.europesays.com\/es\/wp-json\/wp\/v2\/posts\/169677","targetHints":{"allow":["GET"]}}],"collection":[{"href":"https:\/\/www.europesays.com\/es\/wp-json\/wp\/v2\/posts"}],"about":[{"href":"https:\/\/www.europesays.com\/es\/wp-json\/wp\/v2\/types\/post"}],"author":[{"embeddable":true,"href":"https:\/\/www.europesays.com\/es\/wp-json\/wp\/v2\/users\/2"}],"replies":[{"embeddable":true,"href":"https:\/\/www.europesays.com\/es\/wp-json\/wp\/v2\/comments?post=169677"}],"version-history":[{"count":0,"href":"https:\/\/www.europesays.com\/es\/wp-json\/wp\/v2\/posts\/169677\/revisions"}],"wp:featuredmedia":[{"embeddable":true,"href":"https:\/\/www.europesays.com\/es\/wp-json\/wp\/v2\/media\/169678"}],"wp:attachment":[{"href":"https:\/\/www.europesays.com\/es\/wp-json\/wp\/v2\/media?parent=169677"}],"wp:term":[{"taxonomy":"category","embeddable":true,"href":"https:\/\/www.europesays.com\/es\/wp-json\/wp\/v2\/categories?post=169677"},{"taxonomy":"post_tag","embeddable":true,"href":"https:\/\/www.europesays.com\/es\/wp-json\/wp\/v2\/tags?post=169677"}],"curies":[{"name":"wp","href":"https:\/\/api.w.org\/{rel}","templated":true}]}}