{"id":169695,"date":"2025-10-11T13:47:10","date_gmt":"2025-10-11T13:47:10","guid":{"rendered":"https:\/\/www.europesays.com\/es\/169695\/"},"modified":"2025-10-11T13:47:10","modified_gmt":"2025-10-11T13:47:10","slug":"quien-es-mayo-participante-del-benidorm-fest-2026-y-exconcursante-de-ot-2023","status":"publish","type":"post","link":"https:\/\/www.europesays.com\/es\/169695\/","title":{"rendered":"Qui\u00e9n es Mayo, participante del Benidorm Fest 2026 y exconcursante de &#8216;OT 2023&#8217;"},"content":{"rendered":"<p class=\"c-paragraph\">El <a href=\"https:\/\/www.20minutos.es\/tags\/temas\/benidorm-fest.html\" title=\"Benidorm Fest\" rel=\"nofollow noopener\" target=\"_blank\">Benidorm Fest 2026<\/a> ya tiene a sus <b>participantes<\/b>, que <b>este a\u00f1o no son 16, sino 18<\/b>. Y algunos de los nombres sonar\u00e1n mucho a los espectadores, como el de Mayo, nombre art\u00edstico de <a href=\"https:\/\/www.20minutos.es\/tags\/personas\/alvaro-mayo-ot-2023.html\" title=\"\u00c1lvaro Mayo OT 2023\" rel=\"nofollow noopener\" target=\"_blank\">\u00c1lvaro Mayo<\/a>.<\/p>\n<p class=\"c-paragraph\">El joven sevillano de 23 a\u00f1os salt\u00f3 a la fama en <a href=\"https:\/\/www.20minutos.es\/tags\/temas\/ot-2023.html\" title=\"OT 2023\" rel=\"nofollow noopener\" target=\"_blank\">OT 2023<\/a>, donde encontr\u00f3 su estilo y vislumbr\u00f3 por d\u00f3nde quer\u00eda llevar su carrera, una <b>se\u00f1a de identidad que<\/b>, desde que sali\u00f3 de la Academia, <b>ha llevado por bandera<\/b>.<\/p>\n<p class=\"c-paragraph\">De hecho, su cambio de nombre se debi\u00f3 a una intenci\u00f3n de <b>llevar su proyecto m\u00e1s all\u00e1 de nuestras fronteras<\/b>, tal y como confes\u00f3 <a href=\"https:\/\/www.20minutos.es\/noticia\/5641287\/0\/mayo-apunta-musica-internacional-primer-ep-antes-inseguro-autentico\/\" title=\"Mayo apunta a la m\u00fasica internacional con su primer EP: &quot;Antes era m\u00e1s inseguro, ahora soy m\u00e1s aut\u00e9ntico&quot;\" rel=\"nofollow noopener\" target=\"_blank\">en una entrevista con <b>20minutos<\/b><\/a>.<\/p>\n<p class=\"c-paragraph\">Mayo se ha posicionado como una de las revelaciones m\u00e1s s\u00f3lidas del pop electr\u00f3nico espa\u00f1ol. Desde su paso por el talent\u00a0de <a href=\"https:\/\/www.20minutos.es\/tags\/temas\/amazon-prime-video.html\" title=\"Amazon Prime Video\" rel=\"nofollow noopener\" target=\"_blank\">Prime Video<\/a>, ha construido <b>una carrera marcada por la autenticidad<\/b> y la b\u00fasqueda constante de nuevos sonidos.<\/p>\n<p class=\"c-paragraph\">Su estilo combina pop, electr\u00f3nica y <b>un marcado sentido est\u00e9tico<\/b>, con letras que exploran la libertad, el amor y las contradicciones de su generaci\u00f3n.<\/p>\n<p class=\"c-paragraph\">Con un EP y un disco, <b>m\u00e1s de 200.000 escuchas mensuales en Spotify<\/b>, giras por toda Espa\u00f1a y presencia constante en las principales emisoras y listas de \u00e9xitos, Mayo se ha consolidado como \u00abel agua\u00bb de la primavera musical.\u00a0<\/p>\n<p class=\"c-paragraph\">Y ahora, a su carrera ascendente se suma el Benidorm Fest, el cual le parece \u00abel mejor sitio\u00bb para mostrar su proyecto. \u00abEste festival celebra la m\u00fasica y todo tipo de perfiles. <b>Me hace mucha ilusi\u00f3n lo que tengo preparado<\/b>; un Mayo divertido, rompedor y con mucho show\u00bb.<\/p>\n","protected":false},"excerpt":{"rendered":"El Benidorm Fest 2026 ya tiene a sus participantes, que este a\u00f1o no son 16, sino 18. Y&hellip;\n","protected":false},"author":2,"featured_media":169696,"comment_status":"","ping_status":"","sticky":false,"template":"","format":"standard","meta":{"footnotes":""},"categories":[171],"tags":[7092,146,147,25,24,10695,18097,10747,23,214],"class_list":{"0":"post-169695","1":"post","2":"type-post","3":"status-publish","4":"format-standard","5":"has-post-thumbnail","7":"category-tv","8":"tag-benidorm","9":"tag-entertainment","10":"tag-entretenimiento","11":"tag-es","12":"tag-espana","13":"tag-mayo","14":"tag-participante","15":"tag-quien","16":"tag-spain","17":"tag-tv"},"share_on_mastodon":{"url":"","error":""},"_links":{"self":[{"href":"https:\/\/www.europesays.com\/es\/wp-json\/wp\/v2\/posts\/169695","targetHints":{"allow":["GET"]}}],"collection":[{"href":"https:\/\/www.europesays.com\/es\/wp-json\/wp\/v2\/posts"}],"about":[{"href":"https:\/\/www.europesays.com\/es\/wp-json\/wp\/v2\/types\/post"}],"author":[{"embeddable":true,"href":"https:\/\/www.europesays.com\/es\/wp-json\/wp\/v2\/users\/2"}],"replies":[{"embeddable":true,"href":"https:\/\/www.europesays.com\/es\/wp-json\/wp\/v2\/comments?post=169695"}],"version-history":[{"count":0,"href":"https:\/\/www.europesays.com\/es\/wp-json\/wp\/v2\/posts\/169695\/revisions"}],"wp:featuredmedia":[{"embeddable":true,"href":"https:\/\/www.europesays.com\/es\/wp-json\/wp\/v2\/media\/169696"}],"wp:attachment":[{"href":"https:\/\/www.europesays.com\/es\/wp-json\/wp\/v2\/media?parent=169695"}],"wp:term":[{"taxonomy":"category","embeddable":true,"href":"https:\/\/www.europesays.com\/es\/wp-json\/wp\/v2\/categories?post=169695"},{"taxonomy":"post_tag","embeddable":true,"href":"https:\/\/www.europesays.com\/es\/wp-json\/wp\/v2\/tags?post=169695"}],"curies":[{"name":"wp","href":"https:\/\/api.w.org\/{rel}","templated":true}]}}