{"id":169716,"date":"2025-10-11T14:01:10","date_gmt":"2025-10-11T14:01:10","guid":{"rendered":"https:\/\/www.europesays.com\/es\/169716\/"},"modified":"2025-10-11T14:01:10","modified_gmt":"2025-10-11T14:01:10","slug":"franco-romero-continua-liderando-en-el-abierto-de-salta-gral-martin-miguel-de-guemes","status":"publish","type":"post","link":"https:\/\/www.europesays.com\/es\/169716\/","title":{"rendered":"Franco Romero contin\u00faa liderando en el Abierto de Salta Gral. Mart\u00edn Miguel de G\u00fcemes"},"content":{"rendered":"<p><img fetchpriority=\"high\" decoding=\"async\" class=\"alignnone size-full wp-image-116316\" src=\"https:\/\/www.europesays.com\/es\/wp-content\/uploads\/2025\/10\/Franco-Romero-R2-Salta.jpg\" alt=\"\" width=\"1903\" height=\"640\"  \/><\/p>\n<p>Despu\u00e9s de dos rondas, el rosarino Franco Romero mantiene su gran nivel y contin\u00faa en lo m\u00e1s alto del Abierto de Salta Gral. Mart\u00edn Miguel de G\u00fcemes, que se juega en el Salta Polo Club y es parte del Tour Profesional de Golf Argentino. Romero hizo ocho birdies y dos bogeys para firmar una tarjeta de 66 golpes, que lo deja con 131 al total, -13, tres golpes por delante de Luis Romero. Mientras que en el tercer lugar, con ocho golapes bajo par, est\u00e1 el local Tommy Cocha, quien se mantiene expectante para ganar por primera vez en su provincia.<\/p>\n<p>El d\u00eda se present\u00f3 m\u00e1s ventoso, pero eso no fue impedimento para que el rosarino de 30 a\u00f1os contin\u00fae demostrando su gran juego. \u201cFue una ronda muy diferente a la de ayer, de repente hab\u00eda r\u00e1fagas de viento muy fuertes, pero a mi me gusta jugar con viento, estoy acostumbrado a jugar tiros bajos y eso me facilita para dejarme oportunidades\u201d, dijo el puntero. \u201cEste s\u00e1bado por suerte jugamos juntos con Tommy, uno de los mejores amigos que hice en el golf y que \u00e9l est\u00e9 prendido en el torneo es una gran noticia porque va a atraer mucha gente, as\u00ed con mucha expectativa para la pr\u00f3xima ronda\u201d, agreg\u00f3.<\/p>\n<p>El tucumano Luis Romero es una de las sorpresas de esta semana. El hermano menor de Andr\u00e9s Romero aprovech\u00f3 su potencia y con cuatro birdies en los par cinco, m\u00e1s otros tres aciertos se mantiene en la pelea. Pero todas las miradas est\u00e1n en Tommy Cocha, el jugador que naci\u00f3 en el Salta Polo Club y que lleg\u00f3 este lunes de Estados Unidos para apoyar a su club en el centenario de su fundaci\u00f3n. \u201cEs muy especial estar aqu\u00ed esta semana y estoy contento de estar metido en la pelea. Hoy jugu\u00e9 muy bien, solo fall\u00e9 un green en toda la ronda y eso me dio buenas oportunidades. Hice dos birdies en los \u00faltimos tres hoyos que me acercan a Franco, pero va a ser una linda pelea, y ojal\u00e1 mucha gente nos acompa\u00f1e este fin de semana\u201d.<\/p>\n<p>Entre los jugadores amateurs contin\u00faa al frente el local Abel Cornejo con par de cancha, seguido del tucumano Tom\u00e1s Romero Monroy con +1. Este s\u00e1bado la acci\u00f3n comenzar\u00e1 con las distintas categor\u00edas de Aficionados, y a partir de las 13:30 saldr\u00e1 el grupo final.<\/p>\n","protected":false},"excerpt":{"rendered":"Despu\u00e9s de dos rondas, el rosarino Franco Romero mantiene su gran nivel y contin\u00faa en lo m\u00e1s alto&hellip;\n","protected":false},"author":2,"featured_media":169717,"comment_status":"","ping_status":"","sticky":false,"template":"","format":"standard","meta":{"footnotes":""},"categories":[275],"tags":[168,25,24,329,23,167],"class_list":{"0":"post-169716","1":"post","2":"type-post","3":"status-publish","4":"format-standard","5":"has-post-thumbnail","7":"category-golf","8":"tag-deportes","9":"tag-es","10":"tag-espana","11":"tag-golf","12":"tag-spain","13":"tag-sports"},"share_on_mastodon":{"url":"","error":""},"_links":{"self":[{"href":"https:\/\/www.europesays.com\/es\/wp-json\/wp\/v2\/posts\/169716","targetHints":{"allow":["GET"]}}],"collection":[{"href":"https:\/\/www.europesays.com\/es\/wp-json\/wp\/v2\/posts"}],"about":[{"href":"https:\/\/www.europesays.com\/es\/wp-json\/wp\/v2\/types\/post"}],"author":[{"embeddable":true,"href":"https:\/\/www.europesays.com\/es\/wp-json\/wp\/v2\/users\/2"}],"replies":[{"embeddable":true,"href":"https:\/\/www.europesays.com\/es\/wp-json\/wp\/v2\/comments?post=169716"}],"version-history":[{"count":0,"href":"https:\/\/www.europesays.com\/es\/wp-json\/wp\/v2\/posts\/169716\/revisions"}],"wp:featuredmedia":[{"embeddable":true,"href":"https:\/\/www.europesays.com\/es\/wp-json\/wp\/v2\/media\/169717"}],"wp:attachment":[{"href":"https:\/\/www.europesays.com\/es\/wp-json\/wp\/v2\/media?parent=169716"}],"wp:term":[{"taxonomy":"category","embeddable":true,"href":"https:\/\/www.europesays.com\/es\/wp-json\/wp\/v2\/categories?post=169716"},{"taxonomy":"post_tag","embeddable":true,"href":"https:\/\/www.europesays.com\/es\/wp-json\/wp\/v2\/tags?post=169716"}],"curies":[{"name":"wp","href":"https:\/\/api.w.org\/{rel}","templated":true}]}}