{"id":169743,"date":"2025-10-11T14:18:10","date_gmt":"2025-10-11T14:18:10","guid":{"rendered":"https:\/\/www.europesays.com\/es\/169743\/"},"modified":"2025-10-11T14:18:10","modified_gmt":"2025-10-11T14:18:10","slug":"lecornu-busca-formar-gobierno-en-francia-con-escasa-esperanza-ante-una-oposicion-que-ya-amenaza-con-censurarlo-internacional","status":"publish","type":"post","link":"https:\/\/www.europesays.com\/es\/169743\/","title":{"rendered":"Lecornu busca formar Gobierno en Francia con escasa esperanza ante una oposici\u00f3n que ya amenaza con censurarlo | Internacional"},"content":{"rendered":"<p class=\"\">El primer ministro franc\u00e9s, S\u00e9bastien Lecornu, ha visitado esta ma\u00f1ana una comisar\u00eda de polic\u00eda en la regi\u00f3n parisina, donde ha charlado con los polic\u00edas y ha dado un discurso sobre seguridad. Como si fuera una visita normal dentro de la agenda cotidiana de un primer ministro. Pero nada es normal en esta crisis pol\u00edtica in\u00e9dita en Francia. Lo revela la propia actitud derrotista de Lecornu, <a href=\"https:\/\/elpais.com\/internacional\/2025-10-10\/macron-convoca-a-los-partidos-al-eliseo-para-encontrar-una-solucion-a-la-crisis-en-francia.html\" target=\"_self\" rel=\"nofollow noopener\" title=\"https:\/\/elpais.com\/internacional\/2025-10-10\/macron-convoca-a-los-partidos-al-eliseo-para-encontrar-una-solucion-a-la-crisis-en-francia.html\">renombrado primer ministro<\/a> en la noche del viernes por el presidente, Emmanuel Macron, tras haber dimitido el pasado lunes, y que ha advertido hoy que \u201cno hab\u00eda muchos candidatos\u201d para el puesto ante las amenazas de veto de varios partidos. Adem\u00e1s, ha admitido que no tiene agenda. <\/p>\n<p class=\"\">\u201cEs rid\u00edculo el espect\u00e1culo que est\u00e1 dando la clase pol\u00edtica desde hace varios d\u00edas\u201d, ha dicho Lecornu, quien ha se\u00f1alado: \u201cNo tengo agenda (&#8230;). No tengo otra ambici\u00f3n que la de salir de esta situaci\u00f3n que es dif\u00edcil para todos\u201d, ha admitido. \u201cCuando dimit\u00ed el lunes dije que las condiciones para que yo sea primer ministro no se dan<a href=\"https:\/\/elpais.com\/internacional\/2025-10-08\/cuatro-vias-para-salir-del-atolladero-politico-frances.html#?rel=mas\" target=\"_self\" rel=\"nofollow noopener\" title=\"https:\/\/elpais.com\/internacional\/2025-10-08\/cuatro-vias-para-salir-del-atolladero-politico-frances.html#?rel=mas\"> y esto no ha cambiado<\/a>\u201d, ha a\u00f1adido.<\/p>\n<p class=\"\">La clase pol\u00edtica sigue estupefacta despu\u00e9s de que Macron decidiera en la noche del viernes nombrarle de nuevo, cinco d\u00edas despu\u00e9s de haber aceptado su dimisi\u00f3n. El primer Lecornu estuvo 27 d\u00edas en el cargo y su Gobierno, nombrado el d\u00eda<a href=\"https:\/\/elpais.com\/internacional\/2025-10-06\/dimite-el-primer-ministro-de-francia-sebastien-lecornu-un-dia-despues-de-anunciar-el-gobierno.html\" target=\"_self\" rel=\"nofollow noopener\" title=\"https:\/\/elpais.com\/internacional\/2025-10-06\/dimite-el-primer-ministro-de-francia-sebastien-lecornu-un-dia-despues-de-anunciar-el-gobierno.html\"> antes de su renuncia,<\/a> 836 minutos, mientras la oposici\u00f3n amenazaba con hacerlo caer ya antes de empezar. Un r\u00e9cord en la V Rep\u00fablica. Despu\u00e9s recibi\u00f3 el encargo de sondear de nuevo a los partidos para dar salida a la crisis y evitar unas elecciones legislativas anticipadas \u2015las \u00faltimas se celebraron en julio del a\u00f1o pasado\u2015, pero las expectativas de que Macron finalmente nombrara otro primer ministro no se cumplieron. Se queda Lecornu. <\/p>\n<p class=\"\">La duda en medio del caos pol\u00edtico reinante es cu\u00e1nto durar\u00e1 el segundo Lecornu. Podr\u00eda no pasar del jueves, si los partidos presentan una moci\u00f3n de censura el martes, que se votar\u00eda dos d\u00edas despu\u00e9s. Han avanzado su intenci\u00f3n de hacerlo La Francia Insumisa de Jean-Luc M\u00e9lenchon y Reagrupamiento Nacional, el partido de Marine Le Pen. La oposici\u00f3n de izquierdas reclama para su campo el puesto de jefe del Ejecutivo, y la ultraderecha, que crece en los sondeos, quiere ir a las urnas. <\/p>\n<p class=\"\">Lecornu debe nombrar r\u00e1pidamente un Gobierno para cumplir con los plazos constitucionales para aprobar los presupuestos del a\u00f1o que viene. La ley debe presentarse este lunes en el Consejo de Ministros y dos d\u00edas despu\u00e9s en la Asamblea. Tiene que aprobarse antes de fin de a\u00f1o. Si no se consigue, al caos pol\u00edtico se a\u00f1adir\u00eda el bloqueo econ\u00f3mico, pues habr\u00eda que aprobar una ley especial que deja poco margen de maniobra. <\/p>\n<p class=\"\">\u201cHay que formar un Gobierno que corresponda a la realidad parlamentaria\u201d, que \u201csea libre y no sea preso de los intereses partidistas\u201d, ha dicho este s\u00e1bado el primer ministro. Macron no ha querido tirar la toalla a\u00fan y <a href=\"https:\/\/elpais.com\/internacional\/2025-10-08\/lecornu-asegura-que-sus-contactos-con-los-grupos-politicos-alejan-la-posibilidad-de-elecciones-en-francia.html\" target=\"_self\" rel=\"nofollow noopener\" title=\"https:\/\/elpais.com\/internacional\/2025-10-08\/lecornu-asegura-que-sus-contactos-con-los-grupos-politicos-alejan-la-posibilidad-de-elecciones-en-francia.html\">disolver la Asamblea Nacional.<\/a><\/p>\n<p class=\"\">El problema es que cada vez son menos los que quieren formar parte de un Ejecutivo que pr\u00e1cticamente nace muerto, pues podr\u00eda ser censurado r\u00e1pidamente. Partidos que hasta ahora lo integraban, como Los Republicanos y Horizons, est\u00e1n reunidos esta ma\u00f1ana para decidir si participan o no en este intento de formar Gobierno. Los Republicanos, tras un encuentro para decidirlo, creen que \u201clas condiciones para integrar el Gobierno no se dan\u201d, pero no har\u00e1n caer a Lecornu para que se pueda aprobar un presupuesto, y le brindar\u00e1n un \u201capoyo exigente\u201d, texto por texto.<\/p>\n<p class=\"\">En el coraz\u00f3n de las discusiones est\u00e1 la ley de las pensiones, que retras\u00f3 la edad de jubilaci\u00f3n a los 64 a\u00f1os y se aprob\u00f3 en la primavera de 2023 tras meses de manifestaciones en la calle. Era una de las reformas clave de este segundo mandato de Macron. El viernes, en su reuni\u00f3n con los partidos de la oposici\u00f3n, este cedi\u00f3 en parte y se abri\u00f3 a retrasar su aplicaci\u00f3n un a\u00f1o, a 2028. Lecornu ha dicho este s\u00e1bado al respecto que \u201ctodos los debates son posibles\u201d. <\/p>\n<p class=\"\">El Partido Socialista pide la derogaci\u00f3n de la reforma y condiciona a ello desistir de una moci\u00f3n de censura. \u201cCensuraremos inmediatamente al Gobierno de Lecornu si no cambia de pol\u00edtica de manera clara, con la suspensi\u00f3n inmediata de la reforma de las pensiones\u201d, ha avisado el portavoz del partido, Pierre Jouvet. Por el contrario, partidos como Horizons y Los Republicanos han advertido que no formar\u00e1n parte de un segundo Gobierno Lecornu si se toca el coraz\u00f3n de la ley. <\/p>\n<p class=\"\">Macron est\u00e1 cada vez m\u00e1s solo y ha perdido el apoyo de los partidos que hasta ahora le han respaldado y que, con vistas a las elecciones presidenciales de 2027, buscan que el caos actual les salpique lo menos posible. Es el caso del partido conservador de Los Republicanos, donde hay cierta divisi\u00f3n. El ministro del Interior dimisionario, Bruno Retailleau, ya ha dicho que no seguir\u00e1. <\/p>\n<p class=\"\">El presidente achaca la crisis actual a la fragmentaci\u00f3n de la Asamblea Nacional. Seg\u00fan el entorno de Macron, fue la ca\u00edda de Fran\u00e7ois Bayrou hace poco m\u00e1s de un mes la que desencaden\u00f3 el caos. Desde que Macron decidi\u00f3 disolver la Asamblea en junio de 2024, el pa\u00eds ha tenido cuatro primeros ministros en poco m\u00e1s de un a\u00f1o. <\/p>\n<p class=\"\">Las elecciones legislativas anticipadas siguen en el horizonte, pero antes debe aprobarse un presupuesto. La presidenta de la Asamblea, Ya\u00ebl Braun-Pivet, ha pedido este s\u00e1bado que se reanuden los trabajos parlamentarios para ello lo antes posible. Lecornu \u201ces la elecci\u00f3n del presidente (&#8230;). La Asamblea Nacional est\u00e1 preparada y espero que el Gobierno sea nombrado r\u00e1pidamente para abordar el tema presupuestario\u201d. <\/p>\n","protected":false},"excerpt":{"rendered":"El primer ministro franc\u00e9s, S\u00e9bastien Lecornu, ha visitado esta ma\u00f1ana una comisar\u00eda de polic\u00eda en la regi\u00f3n parisina,&hellip;\n","protected":false},"author":2,"featured_media":169744,"comment_status":"","ping_status":"","sticky":false,"template":"","format":"standard","meta":{"footnotes":""},"categories":[42],"tags":[17,18,4372,730,13,14,317,582,11,61,62,63,64,19,20,13022,9,10,15,16,952,1670,40457,12,21,22,65,66,67],"class_list":{"0":"post-169743","1":"post","2":"type-post","3":"status-publish","4":"format-standard","5":"has-post-thumbnail","7":"category-internacional","8":"tag-breaking-news","9":"tag-breakingnews","10":"tag-crisis-politicas","11":"tag-emmanuel-macron","12":"tag-featured-news","13":"tag-featurednews","14":"tag-francia","15":"tag-gobierno","16":"tag-headlines","17":"tag-internacional","18":"tag-international","19":"tag-international-news","20":"tag-internationalnews","21":"tag-latest-news","22":"tag-latestnews","23":"tag-marine-le-pen","24":"tag-news","25":"tag-noticias","26":"tag-noticias-destacadas","27":"tag-noticiasdestacadas","28":"tag-politica","29":"tag-politicos","30":"tag-sebastien-lecornu","31":"tag-titulares","32":"tag-ultimas-noticias","33":"tag-ultimasnoticias","34":"tag-world","35":"tag-world-news","36":"tag-worldnews"},"share_on_mastodon":{"url":"","error":""},"_links":{"self":[{"href":"https:\/\/www.europesays.com\/es\/wp-json\/wp\/v2\/posts\/169743","targetHints":{"allow":["GET"]}}],"collection":[{"href":"https:\/\/www.europesays.com\/es\/wp-json\/wp\/v2\/posts"}],"about":[{"href":"https:\/\/www.europesays.com\/es\/wp-json\/wp\/v2\/types\/post"}],"author":[{"embeddable":true,"href":"https:\/\/www.europesays.com\/es\/wp-json\/wp\/v2\/users\/2"}],"replies":[{"embeddable":true,"href":"https:\/\/www.europesays.com\/es\/wp-json\/wp\/v2\/comments?post=169743"}],"version-history":[{"count":0,"href":"https:\/\/www.europesays.com\/es\/wp-json\/wp\/v2\/posts\/169743\/revisions"}],"wp:featuredmedia":[{"embeddable":true,"href":"https:\/\/www.europesays.com\/es\/wp-json\/wp\/v2\/media\/169744"}],"wp:attachment":[{"href":"https:\/\/www.europesays.com\/es\/wp-json\/wp\/v2\/media?parent=169743"}],"wp:term":[{"taxonomy":"category","embeddable":true,"href":"https:\/\/www.europesays.com\/es\/wp-json\/wp\/v2\/categories?post=169743"},{"taxonomy":"post_tag","embeddable":true,"href":"https:\/\/www.europesays.com\/es\/wp-json\/wp\/v2\/tags?post=169743"}],"curies":[{"name":"wp","href":"https:\/\/api.w.org\/{rel}","templated":true}]}}