{"id":169782,"date":"2025-10-11T14:42:20","date_gmt":"2025-10-11T14:42:20","guid":{"rendered":"https:\/\/www.europesays.com\/es\/169782\/"},"modified":"2025-10-11T14:42:20","modified_gmt":"2025-10-11T14:42:20","slug":"aterrizan-en-madrid-cuatro-activistas-espanoles-de-la-flotilla-que-seguian-presos-en-israel-vamos-a-seguir-luchando-por-el-fin-del-bloqueo-eldiario-es","status":"publish","type":"post","link":"https:\/\/www.europesays.com\/es\/169782\/","title":{"rendered":"Aterrizan en Madrid cuatro activistas espa\u00f1oles de la flotilla que segu\u00edan presos en Israel: &quot;Vamos a seguir luchando por el fin del bloqueo&quot; &#8211; elDiario.es"},"content":{"rendered":"<ol>\n<li><a href=\"https:\/\/news.google.com\/rss\/articles\/CBMimAFBVV95cUxNNkNGeFRqNDIweUMyN3N2Q0xaV3V2OS1qY2RmQ09taWc0WlBleTRKbnN0eS01SGV2bDk4N2tfRnRLWjI2T1N0alJ3VTd5MVVieW9qU3pIcm04Z21TTjFRSllVUTlUSGxnX3d2aGdVNkZTSkZuNHRQQlJPXzI4SGgzSjlNVTlOeGVJRkZXVi1pdU1HRkhjVk1HONIBngFBVV95cUxNczlvTzNLV3BlUzBXTHhFeEo4bnEzYXJCVVJHWnhva2N3OVdKcm9raDdtNHMydEI5dnZiYnpCN0lrM0JIaWU3UkV1MGNsc2FvQjRoUjkzWk00TTYwN2tZczI1Z2RtcjRoeWltU2cxLWJHV0taYkpyMDB0MXFvVEhmbE1ZS0hjaEdPLXhjbmJIMVhhU21wX1paMk5pUnFKUQ?oc=5\" target=\"_blank\" rel=\"nofollow noopener\">Aterrizan en Madrid cuatro activistas espa\u00f1oles de la flotilla que segu\u00edan presos en Israel: \u00abVamos a seguir luchando por el fin del bloqueo\u00bb<\/a>&nbsp;&nbsp;elDiario.es<\/li>\n<li><a href=\"https:\/\/news.google.com\/rss\/articles\/CBMigwJBVV95cUxQc1J2Y0lhS2djVG13c0NEWjZZTnRpejdpX2NuS1EwV1F5U0Z2NW9USGVkeW4weFFVN28zWGtfcVBZalBrblFkYjRLTVNMRHZvYzBUVEZVX3I3MTAya2RnZ3BRbDVlV0F3Tm16ekhfeFNoaG9tS3JVM3pIcTJ1RXp1TERVMFN6Tmk5b015bnNNaXZ3ckpIeW1yWWlfVDlrd0ZXUWFJdVhPTmhndmt6WFRTNV9MZ2UtNnB6eUJ2X2tmaEQ2anRxYzNDY2hGUURaRFZFZXB5dFhIQldUeGRpRmlWSUNZa3AteEVXb1VzNVE1WWpLbElRQjRtTHFCbzE0b1V0djc40gGDAkFVX3lxTE11ZFZJaGJrUWF0YXQ5dGFMd21MNm9FRTFTa2lZeTF2akVPaW1NTjJ1YzRZZ1V6ZzRMU25mM01pRzVIN0xLREFWMThkU002QmQ5d0dqcS1ONENBeURBTDlTR3dTVV9waThZZV9FQlJpeXlCN1lFUzRxckJGcGdKWC1tSGEzLTZpQWRuVm1yWmhHT251d0NHZHRUQm5mV1lsMGZ2U1c5UUVnZk9NblB3ZlhxRzlfbThkTmdIdkRjenVuTnN4R0poZzdGZl9QTHhFcDVMaGViRUZWSnhaLXJFVjJKSFY0Z2hwTGVVZ0NXQXFwUTZja092TE92d2lSQU1qOVZpdms?oc=5\" target=\"_blank\" rel=\"nofollow noopener\">Los activistas de la segunda flotilla de Gaza reivindican el \u00e9xito de su misi\u00f3n a su llegada a Espa\u00f1a<\/a>&nbsp;&nbsp;RTVE.es<\/li>\n<li><a href=\"https:\/\/news.google.com\/rss\/articles\/CBMiswFBVV95cUxNM1pQa2NlZHZLSTczMmhVY09Ba3lYekVZSVRpcWdoOVlaZUlJb2w4LTc4bGtCbzFyYm5GaVFIRmlzZXJNUU9MYUVQLUdQQmtSQmhDa0hMTVB3R0N2cnRLRVV5MXZ4UGNDaE5feWxZa1F4MmJPSTZhaXhQazBIckg2VklPSk83VzdaVWJ6c2hIZi1teFdGWk1jeTdEM2FaOTZDUU8wR0hSdXNJMndkOU9rd1JVWQ?oc=5\" target=\"_blank\" rel=\"nofollow noopener\">V\u00eddeo: V\u00eddeo | Los espa\u00f1oles deportados de Israel llegan al aeropuerto de Barajas<\/a>&nbsp;&nbsp;heraldo.es<\/li>\n<li><a href=\"https:\/\/news.google.com\/rss\/articles\/CBMizAFBVV95cUxOMjRpRFg2Nl8wSzdwLWJOSGhEd0FpX3poTFBJWjFqMDZ6cFpTQ3Vydi1KTHhlNTQzU2xnYWMxalZrMUtaV09zRXczLXhQZXp1Mzd3V3FjVlByTzdJOTE2Tko2dy1rMzhETVhCU0xuSno1R0o4bGMyV1p1UEQ0RHZQUUZiTDV5NDY5LVlCZmRnRmpvdXV5WHM5MEZrc3ZZN2V2M1pFVXB2YXpaSzQ4eWtrUV9GTWZ2YjFOQmFlQ2hNQWVnNzk1Q1gwRVA5UlI?oc=5\" target=\"_blank\" rel=\"nofollow noopener\">Cuatro de los espa\u00f1oles de la segunda flotilla detenidos por Israel regresan a Espa\u00f1a<\/a>&nbsp;&nbsp;La Vanguardia<\/li>\n<li><a href=\"https:\/\/news.google.com\/rss\/articles\/CBMitAFBVV95cUxQMms3UGE4eWZFeVB6QVd5cElvUU1PNXFZbXFrdHB2dk9KejNzY2NDcHFpenBucmx0RUYtaVUzeERfT25rRTZ6cUw0T2pmVjdNbXppYnZwSnE2bm9tWmFnaU9MSnQwb3lLZUpWdURlellCSE1RVi1oSWRaS3ZBNlRaV2xIOEpfZGpYTm9WbHNoUDBOMWstSjY2c0I4bGtqamJ3SGtYUTFENFlCbVF1SUlJaF83YlU?oc=5\" target=\"_blank\" rel=\"nofollow noopener\">Rumbo a Gaza recibe a los espa\u00f1oles de la segunda flotilla y desconoce la llegada de Reyes Rigo<\/a>&nbsp;&nbsp;El Diario Vasco<\/li>\n<\/ol>\n","protected":false},"excerpt":{"rendered":"Aterrizan en Madrid cuatro activistas espa\u00f1oles de la flotilla que segu\u00edan presos en Israel: \u00abVamos a seguir luchando&hellip;\n","protected":false},"author":2,"featured_media":169783,"comment_status":"","ping_status":"","sticky":false,"template":"","format":"standard","meta":{"footnotes":""},"categories":[8],"tags":[17,18,2125,25,24,13,14,694,11,1458,74,19,20,9,10,15,16,23,12,1885,21,22],"class_list":{"0":"post-169782","1":"post","2":"type-post","3":"status-publish","4":"format-standard","5":"has-post-thumbnail","7":"category-espana","8":"tag-breaking-news","9":"tag-breakingnews","10":"tag-directo","11":"tag-es","12":"tag-espana","13":"tag-featured-news","14":"tag-featurednews","15":"tag-gaza","16":"tag-headlines","17":"tag-hora","18":"tag-israel","19":"tag-latest-news","20":"tag-latestnews","21":"tag-news","22":"tag-noticias","23":"tag-noticias-destacadas","24":"tag-noticiasdestacadas","25":"tag-spain","26":"tag-titulares","27":"tag-ultima","28":"tag-ultimas-noticias","29":"tag-ultimasnoticias"},"share_on_mastodon":{"url":"","error":""},"_links":{"self":[{"href":"https:\/\/www.europesays.com\/es\/wp-json\/wp\/v2\/posts\/169782","targetHints":{"allow":["GET"]}}],"collection":[{"href":"https:\/\/www.europesays.com\/es\/wp-json\/wp\/v2\/posts"}],"about":[{"href":"https:\/\/www.europesays.com\/es\/wp-json\/wp\/v2\/types\/post"}],"author":[{"embeddable":true,"href":"https:\/\/www.europesays.com\/es\/wp-json\/wp\/v2\/users\/2"}],"replies":[{"embeddable":true,"href":"https:\/\/www.europesays.com\/es\/wp-json\/wp\/v2\/comments?post=169782"}],"version-history":[{"count":0,"href":"https:\/\/www.europesays.com\/es\/wp-json\/wp\/v2\/posts\/169782\/revisions"}],"wp:featuredmedia":[{"embeddable":true,"href":"https:\/\/www.europesays.com\/es\/wp-json\/wp\/v2\/media\/169783"}],"wp:attachment":[{"href":"https:\/\/www.europesays.com\/es\/wp-json\/wp\/v2\/media?parent=169782"}],"wp:term":[{"taxonomy":"category","embeddable":true,"href":"https:\/\/www.europesays.com\/es\/wp-json\/wp\/v2\/categories?post=169782"},{"taxonomy":"post_tag","embeddable":true,"href":"https:\/\/www.europesays.com\/es\/wp-json\/wp\/v2\/tags?post=169782"}],"curies":[{"name":"wp","href":"https:\/\/api.w.org\/{rel}","templated":true}]}}