{"id":169810,"date":"2025-10-11T15:01:09","date_gmt":"2025-10-11T15:01:09","guid":{"rendered":"https:\/\/www.europesays.com\/es\/169810\/"},"modified":"2025-10-11T15:01:09","modified_gmt":"2025-10-11T15:01:09","slug":"de-los-duques-de-huescar-a-agatha-ruiz-de-la-prada-la-boda-de-fernando-palazuelo-hermano-de-sofia-y-la-actriz-micaela-belmont","status":"publish","type":"post","link":"https:\/\/www.europesays.com\/es\/169810\/","title":{"rendered":"De los duques de Hu\u00e9scar a \u00c1gatha Ruiz de la Prada: la boda de Fernando Palazuelo (hermano de Sof\u00eda) y la actriz Micaela Belmont"},"content":{"rendered":"<p>Una semana despu\u00e9s del <a href=\"https:\/\/www.revistavanityfair.es\/galerias\/boda-cayetano-martinez-de-irujo-barbara-mirjan-invitados\" rel=\"nofollow noopener\" target=\"_blank\">s\u00ed quiero de Cayetano Mart\u00ednez de Irujo y B\u00e1rbara Mirjan<\/a> en Sevilla, los <a href=\"https:\/\/www.revistavanityfair.es\/articulos\/sofia-palazuelo-look-boda-cayetano-martinez-de-irujo-barbara-mirjan\" rel=\"nofollow noopener\" target=\"_blank\">duques de Hu\u00e9scar<\/a> han asistido en C\u00e1ceres a la boda de otro de sus parientes m\u00e1s cercanos. <strong>Fernando Palazuelo<\/strong>, hermano mayor de <a href=\"https:\/\/www.revistavanityfair.es\/articulos\/sofia-palazuelo-fernando-fitz-james-stuart-vacaciones-verano\" rel=\"nofollow noopener\" target=\"_blank\">Sof\u00eda Palazuelo<\/a> (y su padrino de boda en 2018), se ha casado este s\u00e1bado con la actriz peruana <strong>Micaela Belmont<\/strong>, perteneciente a una destacada familia de pol\u00edticos de Per\u00fa: Micaela es hija de la que fuera ministra de Cultura del pa\u00eds, Diana \u00c1lvarez-Calder\u00f3n, y bisnieta del antiguo vicepresidente Luis Gallo Porras.<\/p>\n<p>La ceremonia religiosa ha tenido lugar en la iglesia de Santiago de la ciudad extreme\u00f1a, desde donde luego los invitados se han desplazado al hotel <strong>Palacio de Godoy<\/strong> para el banquete. Era una opci\u00f3n clara para los novios: Fernando Palazuelo es el promotor responsable de la rehabilitaci\u00f3n del edificio en el que se ahora si sit\u00faa este establecimiento de la cadena Hilton.<\/p>\n","protected":false},"excerpt":{"rendered":"Una semana despu\u00e9s del s\u00ed quiero de Cayetano Mart\u00ednez de Irujo y B\u00e1rbara Mirjan en Sevilla, los duques&hellip;\n","protected":false},"author":2,"featured_media":169811,"comment_status":"","ping_status":"","sticky":false,"template":"","format":"standard","meta":{"footnotes":""},"categories":[91],"tags":[3164,146,147,25,24,18761,18759,23],"class_list":{"0":"post-169810","1":"post","2":"type-post","3":"status-publish","4":"format-standard","5":"has-post-thumbnail","7":"category-entretenimiento","8":"tag-bodas","9":"tag-entertainment","10":"tag-entretenimiento","11":"tag-es","12":"tag-espana","13":"tag-fernando-fitz-james-stuart","14":"tag-sofia-palazuelo","15":"tag-spain"},"share_on_mastodon":{"url":"","error":""},"_links":{"self":[{"href":"https:\/\/www.europesays.com\/es\/wp-json\/wp\/v2\/posts\/169810","targetHints":{"allow":["GET"]}}],"collection":[{"href":"https:\/\/www.europesays.com\/es\/wp-json\/wp\/v2\/posts"}],"about":[{"href":"https:\/\/www.europesays.com\/es\/wp-json\/wp\/v2\/types\/post"}],"author":[{"embeddable":true,"href":"https:\/\/www.europesays.com\/es\/wp-json\/wp\/v2\/users\/2"}],"replies":[{"embeddable":true,"href":"https:\/\/www.europesays.com\/es\/wp-json\/wp\/v2\/comments?post=169810"}],"version-history":[{"count":0,"href":"https:\/\/www.europesays.com\/es\/wp-json\/wp\/v2\/posts\/169810\/revisions"}],"wp:featuredmedia":[{"embeddable":true,"href":"https:\/\/www.europesays.com\/es\/wp-json\/wp\/v2\/media\/169811"}],"wp:attachment":[{"href":"https:\/\/www.europesays.com\/es\/wp-json\/wp\/v2\/media?parent=169810"}],"wp:term":[{"taxonomy":"category","embeddable":true,"href":"https:\/\/www.europesays.com\/es\/wp-json\/wp\/v2\/categories?post=169810"},{"taxonomy":"post_tag","embeddable":true,"href":"https:\/\/www.europesays.com\/es\/wp-json\/wp\/v2\/tags?post=169810"}],"curies":[{"name":"wp","href":"https:\/\/api.w.org\/{rel}","templated":true}]}}