{"id":169817,"date":"2025-10-11T15:05:12","date_gmt":"2025-10-11T15:05:12","guid":{"rendered":"https:\/\/www.europesays.com\/es\/169817\/"},"modified":"2025-10-11T15:05:12","modified_gmt":"2025-10-11T15:05:12","slug":"la-presunta-agresion-sexual-a-una-menor-en-zaragoza-detiene-las-fiestas-del-pilar-durante-cinco-minutos","status":"publish","type":"post","link":"https:\/\/www.europesays.com\/es\/169817\/","title":{"rendered":"La presunta agresi\u00f3n sexual a una menor en Zaragoza detiene las fiestas del Pilar durante cinco minutos"},"content":{"rendered":"<p class=\"article-text\">\n        La Polic\u00eda Nacional investiga una presunta agresi\u00f3n sexual que una menor de edad ha denunciado haber sufrido en la madrugada de este s\u00e1bado en el entorno de las Ferias de Zaragoza, en Valdespartera, durante las Fiestas del Pilar. Seg\u00fan ha avanzado Heraldo de Arag\u00f3n, los hechos habr\u00edan consistido en unos tocamientos y estar\u00edan implicados otros dos j\u00f3venes, tambi\u00e9n menores de edad.\n    <\/p>\n<p class=\"article-text\">\n        El suceso de produce cuando el Gobierno del PP en la capital aragonesa <a href=\"https:\/\/www.eldiario.es\/aragon\/politica\/zaragoza-queda-puntos-violenta-pilares-pp-reserva-ocho-espacios-tipo-violencia_1_12644417.amp.html\" target=\"_blank\" rel=\"nofollow noopener\" data-mrf-recirculation=\"links-noticia\" class=\"link\">ha sustituido los puntos violeta<\/a>, como cesi\u00f3n a Vox, <a href=\"https:\/\/www.eldiario.es\/aragon\/politica\/zaragoza-queda-puntos-violenta-pilares-pp-reserva-ocho-espacios-tipo-violencia_1_12644417.amp.html\" target=\"_blank\" rel=\"nofollow noopener\" data-mrf-recirculation=\"links-noticia\" class=\"link\">por &#8216;espacios seguros&#8217; <\/a>para atender todo tipo de violencias y de ambos sexos, una medida muy pol\u00e9mica y que ya se puso en marcha en el Vive Latino.\n    <\/p>\n<p class=\"article-text\">\n        El Ayuntamiento de Zaragoza ha anunciado la suspensi\u00f3n durante cinco minutos de los actos culturales previstos esta tarde a las 17.00 horas en se\u00f1al de rechazo a la agresi\u00f3n. Adem\u00e1s, ha convocado para este domingo, a las 11.30 horas, un minuto de silencio frente a la puerta principal del consistorio.\n    <\/p>\n<p class=\"article-text\">\n        \u201cManifestamos nuestro rechazo ante los hechos de violencia sexual ocurridos en nuestra ciudad en la pasada noche, del 10 al 11 de octubre, y mostramos nuestro apoyo y solidaridad a la v\u00edctima\u201d, ha se\u00f1alado el Ayuntamiento en un comunicado difundido este s\u00e1bado.\n    <\/p>\n<p class=\"article-text\">\n        El Consistorio ha reiterado su \u201crepulsa y condena a cualquier tipo de agresi\u00f3n, violencia o actitud que se produzca en nuestra ciudad\u201d y ha reafirmado su compromiso con \u201cla prevenci\u00f3n y erradicaci\u00f3n de estas actitudes y comportamientos, para conseguir una semana del Pilar libre de agresiones sexistas en la que todas las personas puedan disfrutar de los espacios con seguridad y libertad\u201d.\n    <\/p>\n<p class=\"article-text\">\n        En el mismo comunicado, el Ayuntamiento ha hecho un llamamiento a la implicaci\u00f3n ciudadana \u201cen la construcci\u00f3n de la igualdad entre hombres y mujeres\u201d, e insta a \u201creaccionar ante cualquier actitud, conducta o agresi\u00f3n sexista que pueda darse en el d\u00eda a d\u00eda y tambi\u00e9n en la semana del Pilar, a no mirar para otro lado, a no ser c\u00f3mplices\u201d.\n    <\/p>\n<p class=\"article-text\">\n        La agresi\u00f3n se habr\u00eda producido en la madrugada del viernes al s\u00e1bado, en una de las zonas de ocio de Valdespartera, donde se concentran decenas de miles de j\u00f3venes durante las fiestas. Por el momento, no han trascendido m\u00e1s detalles sobre el estado de la v\u00edctima ni sobre las diligencias policiales abiertas tras la interposici\u00f3n de la denuncia en la ma\u00f1ana de este s\u00e1bado. El grupo de UFAM ha abierto una investigaci\u00f3n al respecto.\n    <\/p>\n<p>    <a href=\"https:\/\/www.eldiario.es\/aragon\/politica\/150-000-oferentes-dia-pilar-tranvia-zaragoza-huelga-psoe-pide-alcaldesa-no-inhiba_1_12673826.html\" data-mrf-recirculation=\"saber-mas-abajo\" data-dl-event=\"saber-mas-abajo\" rel=\"nofollow noopener\" target=\"_blank\"><\/p>\n<p class=\"know-more__title\">150.000 oferentes el D\u00eda del Pilar y el Tranv\u00eda de Zaragoza en huelga: el PSOE pide a la alcaldesa que no se \u201cinhiba\u201d<\/p>\n<p>            <img decoding=\"async\" class=\"lazy\" loading=\"lazy\" data-src=\"https:\/\/static.eldiario.es\/clip\/b06e79b2-eaea-4351-92c6-c20243032456_16-9-aspect-ratio_default_0.jpg\" src=\"data:image\/svg+xml,%3Csvg xmlns=\" http:=\"\" viewbox=\"0 0 880 495\" alt=\"150.000 oferentes el D\u00eda del Pilar y el Tranv\u00eda de Zaragoza en huelga: el PSOE pide a la alcaldesa que no se &quot;inhiba&quot;\"\/><\/p>\n<p>                        <\/a><\/p>\n<p class=\"article-text\">\n        Durante las Fiestas del Pilar, el Ayuntamiento y las fuerzas de seguridad mantienen activo el protocolo de prevenci\u00f3n y atenci\u00f3n ante agresiones sexistas, con puntos violeta repartidos por distintos espacios festivos y un refuerzo de los dispositivos policiales para garantizar la seguridad.\n    <\/p>\n","protected":false},"excerpt":{"rendered":"La Polic\u00eda Nacional investiga una presunta agresi\u00f3n sexual que una menor de edad ha denunciado haber sufrido en&hellip;\n","protected":false},"author":2,"featured_media":169818,"comment_status":"","ping_status":"","sticky":false,"template":"","format":"standard","meta":{"footnotes":""},"categories":[8],"tags":[517,4499,17,18,13616,13612,13613,25,24,13,14,13617,11,1265,19,20,13615,9,10,15,16,13614,952,492,23,12731,12,21,22,491],"class_list":{"0":"post-169817","1":"post","2":"type-post","3":"status-publish","4":"format-standard","5":"has-post-thumbnail","7":"category-espana","8":"tag-actualidad","9":"tag-aragon","10":"tag-breaking-news","11":"tag-breakingnews","12":"tag-celia-soria","13":"tag-eldiario","14":"tag-elprismatico","15":"tag-es","16":"tag-espana","17":"tag-featured-news","18":"tag-featurednews","19":"tag-fernando-garcia-mongay","20":"tag-headlines","21":"tag-huesca","22":"tag-latest-news","23":"tag-latestnews","24":"tag-marimar-cabrera","25":"tag-news","26":"tag-noticias","27":"tag-noticias-destacadas","28":"tag-noticiasdestacadas","29":"tag-oscar-f-civieta","30":"tag-politica","31":"tag-sociedad","32":"tag-spain","33":"tag-teruel","34":"tag-titulares","35":"tag-ultimas-noticias","36":"tag-ultimasnoticias","37":"tag-zaragoza"},"share_on_mastodon":{"url":"","error":""},"_links":{"self":[{"href":"https:\/\/www.europesays.com\/es\/wp-json\/wp\/v2\/posts\/169817","targetHints":{"allow":["GET"]}}],"collection":[{"href":"https:\/\/www.europesays.com\/es\/wp-json\/wp\/v2\/posts"}],"about":[{"href":"https:\/\/www.europesays.com\/es\/wp-json\/wp\/v2\/types\/post"}],"author":[{"embeddable":true,"href":"https:\/\/www.europesays.com\/es\/wp-json\/wp\/v2\/users\/2"}],"replies":[{"embeddable":true,"href":"https:\/\/www.europesays.com\/es\/wp-json\/wp\/v2\/comments?post=169817"}],"version-history":[{"count":0,"href":"https:\/\/www.europesays.com\/es\/wp-json\/wp\/v2\/posts\/169817\/revisions"}],"wp:featuredmedia":[{"embeddable":true,"href":"https:\/\/www.europesays.com\/es\/wp-json\/wp\/v2\/media\/169818"}],"wp:attachment":[{"href":"https:\/\/www.europesays.com\/es\/wp-json\/wp\/v2\/media?parent=169817"}],"wp:term":[{"taxonomy":"category","embeddable":true,"href":"https:\/\/www.europesays.com\/es\/wp-json\/wp\/v2\/categories?post=169817"},{"taxonomy":"post_tag","embeddable":true,"href":"https:\/\/www.europesays.com\/es\/wp-json\/wp\/v2\/tags?post=169817"}],"curies":[{"name":"wp","href":"https:\/\/api.w.org\/{rel}","templated":true}]}}