{"id":169821,"date":"2025-10-11T15:08:09","date_gmt":"2025-10-11T15:08:09","guid":{"rendered":"https:\/\/www.europesays.com\/es\/169821\/"},"modified":"2025-10-11T15:08:09","modified_gmt":"2025-10-11T15:08:09","slug":"entrevista-pipe-martin-recortador-mirobrigense-me-veo-en-el-mejor-momento-de-toda-mi-andadura","status":"publish","type":"post","link":"https:\/\/www.europesays.com\/es\/169821\/","title":{"rendered":"ENTREVISTA\/ Pipe Mart\u00edn, recortador mirobrigense: \u00abMe veo en el mejor momento de toda mi andadura\u00bb"},"content":{"rendered":"<p>ENTREVISTA\/ Pipe Mart\u00edn, recortador: \u00abMe veo en el mejor momento de toda mi andadura\u00bb<br \/>\nEl mirobrigense participa esta noche en el Concurso de Recortes con toros embolados de la Feria del Pilar en Zaragoza<\/p>\n<p><a href=\"https:\/\/www.europesays.com\/es\/wp-content\/uploads\/2025\/10\/B-concurso-recortes-domingo-de-carnaval-2025-03-02-12-de-17.jpg\"><img loading=\"lazy\" decoding=\"async\" class=\"aligncenter wp-image-104242 size-full\" src=\"https:\/\/www.europesays.com\/es\/wp-content\/uploads\/2025\/10\/B-concurso-recortes-domingo-de-carnaval-2025-03-02-12-de-17.jpg\" alt=\"\" width=\"1024\" height=\"683\" data-wp-editing=\"1\"  \/><\/a><\/p>\n<p>El recortador mirobrigense Pipe Mart\u00edn tendr\u00e1 esta noche en la Plaza de Toros de Zaragoza uno de los desaf\u00edos m\u00e1s importantes de su trayectoria. El coso aragon\u00e9s acoge esta noche (23:00 h) su ya tradicional Concurso de Recortes con toros de fuego. Una cita que, junto con la circunstancia de la participaci\u00f3n farinata, tambi\u00e9n tendr\u00e1 representaci\u00f3n en la ganader\u00eda, pues los astados son de Hnos S\u00e1nchez Herrero. A pocas horas del concurso hablamos con Pipe Mart\u00edn para que nos comente sus impresiones.<\/p>\n<p><strong>\u00bfC\u00f3mo ha sido el verano para ti en t\u00e9rminos taurinos y de espect\u00e1culos en los que has participado?<\/strong><\/p>\n<p>Buenos d\u00edas y lo primero, muchas gracias por darme la oportunidad de charlar con vosotros un rato. Pues el verano o temporada, a\u00fan sin acabar. Me quedar\u00eda Zaragoza el d\u00eda 11 y Alba de Tormes el 18 de octubre, pero puedo decir que sin duda ha sido la mejor temporada de mi vida, no en cuanto al n\u00famero de espect\u00e1culos, pero si a la calidad y el resultado en los que particip\u00e9.<\/p>\n<p><strong>\u00bfDe qu\u00e9 forma ha surgido la oportunidad de Zaragoza?<\/strong><\/p>\n<p>Pues la verdad que ha sido curioso, pero surgi\u00f3 a trav\u00e9s de una entrevista que hice aqu\u00ed en este mismo medio a principios de a\u00f1o. El ganadero que lleva los toros a Zaragoza, que adem\u00e1s es un buen amigo, Jos\u00e9, de los Hermanos S\u00e1nchez Herrero, escuch\u00f3 que era el sue\u00f1o de mi vida y se puso en marcha y ah\u00ed estamos\u2026 \u00a1A unas horas de cumplirlo!<\/p>\n<p><strong>\u00bfTienen dificultad a\u00f1adida los toros embolados?<\/strong><\/p>\n<p>Nunca he recortado toros embolados, por lo que no te puedo decir de primera mano. Pero si que es verdad que alg\u00fan compa\u00f1ero le he escuchado decir que s\u00ed, puesto que aparte del cuerno, pues el hierro y la bola de fuego ser\u00e1n unos 15-20 cms m\u00e1s, que seguro se notar\u00e1n. Aparte de que Dios quiera que no, pero si te coge, pues tambi\u00e9n hay que contar con m\u00e1s quemaduras\u2026<\/p>\n<p><strong>\u00bfTe ves preparado para desempe\u00f1ar un buen papel esta noche?<\/strong><\/p>\n<p>Me veo en el mejor momento de toda mi andadura en esto de los recortes. Tanto f\u00edsica, como mentalmente, gracias sobre todo a ese c\u00edrculo de gente que me rodea que la verdad no me lo pueden hacer todo m\u00e1s f\u00e1cil y s\u00faper agradecido\u2026 y si, ma\u00f1ana la oportunidad y la plaza merecen echar el resto y tengo las ideas muy claras de presentarme en Zaragoza con todo lo que llevo dentro. Luego ya si la suerte nos acompa\u00f1a, pues estoy seguro disfrutar\u00e9 much\u00edsimo, que al final es el mejor papel que se puede desempe\u00f1ar.<\/p>\n<p><strong>Una expectativa de cara a la temporada que viene.<\/strong><\/p>\n<p>Pues la expectativa de todos los a\u00f1os: Que los toros me respeten y disfrutar delante de ellos con mis amigos. Todo lo dem\u00e1s vendr\u00e1 solo, seguro.<\/p>\n","protected":false},"excerpt":{"rendered":"ENTREVISTA\/ Pipe Mart\u00edn, recortador: \u00abMe veo en el mejor momento de toda mi andadura\u00bb El mirobrigense participa esta&hellip;\n","protected":false},"author":2,"featured_media":169822,"comment_status":"","ping_status":"","sticky":false,"template":"","format":"standard","meta":{"footnotes":""},"categories":[277],"tags":[373,22622,168,25,24,23,167,374,444],"class_list":{"0":"post-169821","1":"post","2":"type-post","3":"status-publish","4":"format-standard","5":"has-post-thumbnail","7":"category-toreo","8":"tag-bullfighting","9":"tag-ciudad-rodrigo","10":"tag-deportes","11":"tag-es","12":"tag-espana","13":"tag-spain","14":"tag-sports","15":"tag-toreo","16":"tag-toros"},"share_on_mastodon":{"url":"","error":""},"_links":{"self":[{"href":"https:\/\/www.europesays.com\/es\/wp-json\/wp\/v2\/posts\/169821","targetHints":{"allow":["GET"]}}],"collection":[{"href":"https:\/\/www.europesays.com\/es\/wp-json\/wp\/v2\/posts"}],"about":[{"href":"https:\/\/www.europesays.com\/es\/wp-json\/wp\/v2\/types\/post"}],"author":[{"embeddable":true,"href":"https:\/\/www.europesays.com\/es\/wp-json\/wp\/v2\/users\/2"}],"replies":[{"embeddable":true,"href":"https:\/\/www.europesays.com\/es\/wp-json\/wp\/v2\/comments?post=169821"}],"version-history":[{"count":0,"href":"https:\/\/www.europesays.com\/es\/wp-json\/wp\/v2\/posts\/169821\/revisions"}],"wp:featuredmedia":[{"embeddable":true,"href":"https:\/\/www.europesays.com\/es\/wp-json\/wp\/v2\/media\/169822"}],"wp:attachment":[{"href":"https:\/\/www.europesays.com\/es\/wp-json\/wp\/v2\/media?parent=169821"}],"wp:term":[{"taxonomy":"category","embeddable":true,"href":"https:\/\/www.europesays.com\/es\/wp-json\/wp\/v2\/categories?post=169821"},{"taxonomy":"post_tag","embeddable":true,"href":"https:\/\/www.europesays.com\/es\/wp-json\/wp\/v2\/tags?post=169821"}],"curies":[{"name":"wp","href":"https:\/\/api.w.org\/{rel}","templated":true}]}}