{"id":169827,"date":"2025-10-11T15:14:10","date_gmt":"2025-10-11T15:14:10","guid":{"rendered":"https:\/\/www.europesays.com\/es\/169827\/"},"modified":"2025-10-11T15:14:10","modified_gmt":"2025-10-11T15:14:10","slug":"fiestas-en-casa-de-ricky-rubio","status":"publish","type":"post","link":"https:\/\/www.europesays.com\/es\/169827\/","title":{"rendered":"fiestas en casa de Ricky Rubio"},"content":{"rendered":"<p class=\"ft-text\">En el d\u00eda grande de las <strong>Fiestas del Pilar<\/strong> el <strong>Casademont Zaragoza <\/strong>se enfrenta a uno de los mayores talentos que ha alumbrado el baloncesto espa\u00f1ol en este siglo XXI. Visita el conjunto de Jes\u00fas Ram\u00edrez este domingo al <strong>Joventut de Badalona (12.00 horas)<\/strong> donde vuelve a disfrutar y a hacer disfrutar del baloncesto <strong>Ricky Rubio<\/strong>. Tras triunfar en la NBA y guiar a la selecci\u00f3n espa\u00f1ola a su segundo Mundial, el base ha vuelto donde todo empez\u00f3 siendo el ni\u00f1o que deslumbr\u00f3 al mundo con un ingenio \u00fanico sin adivinar siquiera todo lo que vendr\u00eda despu\u00e9s.<\/p>\n<p class=\"ft-text\">Tras poner en orden sus ideas y parecer estar m\u00e1s cerca de la retirada que otra cosa, Ricky ha regresado a la Penya para poder despedirse en paz del baloncesto. Y en la primera jornada demostr\u00f3 que la magia nunca se pierde: <strong>18 puntos, 3 rebotes, 4 asistencias, 3 recuperaciones, 7 faltas recibidas y 30 cr\u00e9ditos de valoraci\u00f3n en tan solo 19 minutos de juego. <\/strong>Los genios son as\u00ed. El conjunto verdinegro tambi\u00e9n se estren\u00f3 con victoria en la ACB, en su caso en Granada (75-87), y comenz\u00f3 tambi\u00e9n sumando un importante triunfo en su estreno en la Champions frente al Cholet franc\u00e9s (91-73)..<\/p>\n<p class=\"ft-text\">Aunque el base del Masnou centra todas las miradas y atenciones, el Joventut es algo m\u00e1s que Ricky Rubio. En su segunda temporada al frente del equipo, <strong>Dani Miret<\/strong> conserva la base de la plantilla del curso pasado y el club le ha sumado, adem\u00e1s de a Rubio, al base<strong> Ludde Hakanson<\/strong>, al escolta <strong>Cameron Hunt<\/strong> y al p\u00edvot<strong> Simon Birgander.<\/strong> Adem\u00e1s, el mes pasado incorpor\u00f3 al ala-p\u00edvot <strong>Henri Drell <\/strong>de manera temporal. No siguen con respecto al curso pasado Grazulis, Pustovyi, Dotson, Jordi Rodr\u00edguez, que se fue a la NCAA, Robertson y Pau Ribas, retirado.<\/p>\n<p class=\"ft-text\">Miret contar\u00e1 con la \u00fanica baja del ala-p\u00edvot<strong> Michael Ruzic<\/strong>, que sufri\u00f3 un esguince de tobillo el mes pasado. Jes\u00fas Ram\u00edrez tambi\u00e9n tiene su \u00fanica baja en el cuatro, la ya sabida de<strong> Sadik Kabaca<\/strong>, que se recupera del<a class=\"ft-link ft-link--decoration\" href=\"https:\/\/www.elperiodicodearagon.com\/cai-zaragoza\/2025\/09\/29\/grave-lesion-kabaca-dilema-mercado-122072651.html\" target=\"_blank\" rel=\"nofollow noopener\"> aplastamiento de una falange del tercer dedo de su mano izquierda<\/a>. El resto est\u00e1 en buenas condiciones f\u00edsicas, despu\u00e9s de que <strong>Erik Stevenson<\/strong> llegara muy justo al partido inaugural tras haber estado enfermo esa semana.<\/p>\n<p class=\"ft-text\">El conjunto aragon\u00e9s intentar\u00e1 mantener y prolongar las buenas sensaciones que exhibi\u00f3 en su estupendo triunfo frente al Baskonia, aunque todo hace suponer que este doming<strong>o se encontrar\u00e1 enfrente una mayor oposici\u00f3n<\/strong>, tanto por la forma en la que han empezado la temporada jugadores clave, como los bases del equipo verdinegro, como por la configuraci\u00f3n de la plantilla y el estilo de juego del cuadro catal\u00e1n.<\/p>\n<p class=\"ft-text\">Ante la Penya tendr\u00e1 el Casademont una importante piedra de toque para comprobar el rendimiento de su juego interior, sobre todo porque Miret cuenta con dos cincos importantes, el cl\u00e1sico <strong>Ante Tomic y Simon Birgander,<\/strong> que reemplaza al ucraniano Pustovyi en el roster del Joventut pero no cambia la idea de contar con dos p\u00edvots grandes. Nada que ver con lo visto frente al Baskonia, mucho m\u00e1s trabajo para Dubljevic y Soriano.<\/p>\n<p class=\"ft-text\">Jes\u00fas Ram\u00edrez y su cuerpo t\u00e9cnico han tenido toda la semana para preparar el partido, algo que a partir de ahora ser\u00e1 una anomal\u00eda con el inicio de la FIBA Europe Cup. Todo para intentar sumar<strong> un nuevo triunfo que convertir\u00eda en sobresaliente un inicio de Liga complicado<\/strong> sobre el papel. Para lograrlo ser\u00e1 clave que el Casademont pueda imponer su estilo de juego r\u00e1pido y efectivo como hizo en la jornada inaugural.<\/p>\n<p class=\"ft-text\">Tambi\u00e9n lo ser\u00e1 frenar <strong>a los jugadores clave del Joventut y que Ricky Rubio no tenga su mejor d\u00eda<\/strong>. Para que el d\u00eda grande de las Fiestas del Pilar se traslade al Ol\u00edmpico de Badalona y todas las flores sean para el Casademont Zaragoza el conjunto aragon\u00e9s tendr\u00e1 que trabajar mucho y muy duro contra un buen Joventut.<\/p>\n","protected":false},"excerpt":{"rendered":"En el d\u00eda grande de las Fiestas del Pilar el Casademont Zaragoza se enfrenta a uno de los&hellip;\n","protected":false},"author":2,"featured_media":169828,"comment_status":"","ping_status":"","sticky":false,"template":"","format":"standard","meta":{"footnotes":""},"categories":[269],"tags":[299,298,2511,5369,168,25,24,43,14524,4079,22611,4080,23,167,491],"class_list":{"0":"post-169827","1":"post","2":"type-post","3":"status-publish","4":"format-standard","5":"has-post-thumbnail","7":"category-baloncesto","8":"tag-baloncesto","9":"tag-basketball","10":"tag-casademont","11":"tag-casademont-zaragoza","12":"tag-deportes","13":"tag-es","14":"tag-espana","15":"tag-fiestas","16":"tag-fiestas-del-pilar","17":"tag-joventut","18":"tag-previa","19":"tag-ricky-rubio","20":"tag-spain","21":"tag-sports","22":"tag-zaragoza"},"share_on_mastodon":{"url":"","error":""},"_links":{"self":[{"href":"https:\/\/www.europesays.com\/es\/wp-json\/wp\/v2\/posts\/169827","targetHints":{"allow":["GET"]}}],"collection":[{"href":"https:\/\/www.europesays.com\/es\/wp-json\/wp\/v2\/posts"}],"about":[{"href":"https:\/\/www.europesays.com\/es\/wp-json\/wp\/v2\/types\/post"}],"author":[{"embeddable":true,"href":"https:\/\/www.europesays.com\/es\/wp-json\/wp\/v2\/users\/2"}],"replies":[{"embeddable":true,"href":"https:\/\/www.europesays.com\/es\/wp-json\/wp\/v2\/comments?post=169827"}],"version-history":[{"count":0,"href":"https:\/\/www.europesays.com\/es\/wp-json\/wp\/v2\/posts\/169827\/revisions"}],"wp:featuredmedia":[{"embeddable":true,"href":"https:\/\/www.europesays.com\/es\/wp-json\/wp\/v2\/media\/169828"}],"wp:attachment":[{"href":"https:\/\/www.europesays.com\/es\/wp-json\/wp\/v2\/media?parent=169827"}],"wp:term":[{"taxonomy":"category","embeddable":true,"href":"https:\/\/www.europesays.com\/es\/wp-json\/wp\/v2\/categories?post=169827"},{"taxonomy":"post_tag","embeddable":true,"href":"https:\/\/www.europesays.com\/es\/wp-json\/wp\/v2\/tags?post=169827"}],"curies":[{"name":"wp","href":"https:\/\/api.w.org\/{rel}","templated":true}]}}