{"id":169831,"date":"2025-10-11T15:16:11","date_gmt":"2025-10-11T15:16:11","guid":{"rendered":"https:\/\/www.europesays.com\/es\/169831\/"},"modified":"2025-10-11T15:16:11","modified_gmt":"2025-10-11T15:16:11","slug":"ahora-intento-colocar-las-cosas-en-su-lugar","status":"publish","type":"post","link":"https:\/\/www.europesays.com\/es\/169831\/","title":{"rendered":"Ahora intento colocar las cosas en su lugar"},"content":{"rendered":"<p class=\"HOLA-TEMAS_5--TEXTO-1er-PARRAFO\" id=\"ew1EJZqwRf3A\" data-wc=\"84\">Blanca\u00a0Su\u00e1rez dice<strong>\u00a0sentirse \u00abmuy afortunada, en general\u00bb,<\/strong> y lo cierto es que motivos no le faltan. <a class=\"hm-link ho-link\" href=\"https:\/\/www.hola.com\/moda\/20251002859217\/blanca-suarez-nueva-pelicula-look-punk-vestido-cuadros-isabel-marant\/\" data-mrf-recirculation=\"article-body-link\" rel=\"nofollow noopener\" target=\"_blank\">Acaba de estrenar nueva pel\u00edcula, Parecido a un asesinato,\u00a0<\/a>un thriller en el que \u00abtodos sus personajes esconden algo y huyen de un pasado\u00bb y en el que comparte cartel con Eduardo Noriega, Tamar Novas y Claudia Mora. Casi<strong>\u00a0dos d\u00e9cadas despu\u00e9s de su debut en el mundo de la interpretaci\u00f3n<\/strong>, Blanca contin\u00faa siendo una de las actrices m\u00e1s aclamadas de la peque\u00f1a y la gran pantalla. \u00a0<\/p>\n<p>  <img src=\"https:\/\/www.europesays.com\/es\/wp-content\/uploads\/2025\/10\/ace2549eaa11-2ecc433573ee-197fd326edef376f68cf99e44cec90acagl6666-1.jpg\"   width=\"1080\" height=\"1080\" loading=\"lazy\" decoding=\"async\" alt=\"Media Image\" fetchpriority=\"auto\" class=\"image ho-image\"\/>\u00a9 Andr\u00e9s Garc\u00eda Luj\u00e1n<\/p>\n<p class=\"question-s1\" id=\"evDcaZ9NIaf\" data-wc=\"6\"><strong>\u00bfC\u00f3mo definir\u00edas Parecido a un asesinato?<\/strong><\/p>\n<p class=\"answer-s1\" id=\"ezNTya189bX\" data-wc=\"62\">Es una pel\u00edcula dif\u00edcil de contar sin hacer\u00a0spoilers, pero <strong>todos sus personajes esconden algo y huyen de un pasado.\u00a0<\/strong>En el caso de mi personaje, Eva, sale de una relaci\u00f3n con mucha toxicidad, mucha oscuridad y malos tratos, pero consigue reformular su vida. Intenta llenarla de luz, pero, <strong>como en todo buen\u00a0thriller, el pasado siempre est\u00e1 llamando a la puerta.<\/strong><\/p>\n<p class=\"question-s1\" id=\"eDdB1_rJUhR\" data-wc=\"14\"><strong>En la pel\u00edcula, tu interpretaci\u00f3n es de estar sufriendo y tensa todo el tiempo.<\/strong><\/p>\n<p class=\"answer-s1\" id=\"eU1rXdmteMc\" data-wc=\"30\">Es verdad, es verdad. Adem\u00e1s, <strong>la pel\u00edcula se cuenta desde diferentes puntos de vista que se le aportan al espectador<\/strong> hasta conocer el desenlace, como si fuera de Jessica Fletcher.<\/p>\n<p>  <img src=\"https:\/\/www.europesays.com\/es\/wp-content\/uploads\/2025\/10\/1138565b19a6-5928cdb023d8-9d9b6db2c5c59f84bbf41514d66b9a03agl6891cut.jpg\"   width=\"1080\" height=\"1800\" loading=\"lazy\" decoding=\"async\" alt=\"Tras casi 20 a\u00f1os de carrera, Blanca Su\u00e1rez asegura sentirse &quot;muy afortunada&quot;. La actriz acaba de estrenar una nueva pel\u00edcula, &quot;Parecido a un asesinato&quot;, en la que comparte pantalla con Eduardo Noriega; y tiene pendiente la segunda temporada de la serie de Netflix &quot;Respira&quot;, que llegar\u00e1 a la plataforma a finales de este mes\" fetchpriority=\"auto\" class=\"image ho-image\"\/>\u00a9 Andr\u00e9s Garc\u00eda Luj\u00e1nTras casi 20 a\u00f1os de carrera, Blanca Su\u00e1rez asegura sentirse \u00abmuy afortunada\u00bb. La actriz acaba de estrenar una nueva pel\u00edcula, \u00abParecido a un asesinato\u00bb, en la que comparte pantalla con Eduardo Noriega; y tiene pendiente la segunda temporada de la serie de Netflix \u00abRespira\u00bb, que llegar\u00e1 a la plataforma a finales de este mes<\/p>\n<p class=\"question-s1\" id=\"e59R3AtYI6p\" data-wc=\"10\"><strong>Llama la atenci\u00f3n que hagas de madrastra siendo tan joven.\u00a0<\/strong><\/p>\n<p class=\"answer-s1\" id=\"eU_arn3lYyU\" data-wc=\"31\">Al final, <strong>todos vamos creciendo<\/strong> y entrando en edades en los que evidentemente t<strong>us personajes empiezan a tener descendencia<\/strong>, como es l\u00f3gico. Y todos los de mi generaci\u00f3n ya estamos ah\u00ed.<\/p>\n<p class=\"question-s1\" id=\"eocq6oE3UqU\" data-wc=\"20\">Compartes pantalla con Eduardo Noriega, que es uno de los actores que m\u00e1s levantaban pasiones a finales de los noventas.<\/p>\n<p class=\"answer-s1\" id=\"ey0e4x-Q-H4\" data-wc=\"59\">\u00bfTe refieres a si <strong>era mi\u00a0<\/strong><strong>crush<\/strong>? No era el m\u00edo, pero no porque no me gustase, sino porque <strong>era muy peque\u00f1a.<\/strong> En ese momento, estaba con las Spice Girls, Punky Brewster\u2026 (r\u00ede)<a class=\"hm-link ho-link\" href=\"https:\/\/www.hola.com\/actualidad\/20230427230799\/eduardo-noriega-nos-cuenta-motivo-alejado-del-foco\/\" data-mrf-recirculation=\"article-body-link\" rel=\"nofollow noopener\" target=\"_blank\">\u00a0Eduardo estaba m\u00e1s con el mundo Tesis y con El tormento.\u00a0<\/a>Pero, evidentemente, es una suerte tener la <strong>oportunidad de trabajar con referentes de la profesi\u00f3n.<\/strong><\/p>\n<p id=\"enz8lTpt2pI\" data-wc=\"39\">Sigo<strong>\u00a0sintiendo algo de incredulidad\u00a0<\/strong>cuando me veo en el set de rodaje con alguien a quien admiro o de quien he seguido la carrera. Es como que, de repente, estoy compartiendo plano secuencias con esa persona. Es raro.<\/p>\n<p>  <img src=\"https:\/\/www.europesays.com\/es\/wp-content\/uploads\/2025\/10\/b680b985c52c-agl6827.jpg\"   width=\"1080\" height=\"1800\" loading=\"lazy\" decoding=\"async\" alt=\"Media Image\" fetchpriority=\"auto\" class=\"image ho-image\"\/>\u00a9 Andr\u00e9s Garc\u00eda Luj\u00e1n<\/p>\n<p class=\"question-s1\" id=\"e5vnC1NJefD\" data-wc=\"19\"><strong>\u00a0Tu personaje, por motivos justificados, es una mujer paranoica y obsesiva. \u00bfConsideras que tienes algo en com\u00fan con ella?<\/strong><\/p>\n<p class=\"answer-s1\" id=\"embgYBPPSe6\" data-wc=\"75\">No, <strong>no soy especialmente obsesiva.<\/strong> Realmente mis obsesiones son un poco m\u00e1s de d\u00eda a d\u00eda. En contraposici\u00f3n a la profesi\u00f3n que tengo, que es bastante inestable y con una agenda an\u00e1rquica<a class=\"hm-link ho-link\" href=\"https:\/\/www.hola.com\/belleza\/20250328822929\/blanca-suarez-ejercicio-abdomen-tonificado-2-minutos-al-dia\/\" data-mrf-recirculation=\"article-body-link\" rel=\"nofollow noopener\" target=\"_blank\">, intento sobre lo que tengo el poder de controlar y de poner orden.<\/a> Si tuviera que decir algo, ser\u00eda tener una agenda muy estructurada, un orden en la vida m\u00e1s o menos.<strong>\u00a0Intentar que sea lo m\u00e1s estable posible dentro de mi inestabilidad.<\/strong><\/p>\n<p class=\"question-s1\" id=\"ePr6jUmeUkx\" data-wc=\"25\"><strong>Cumples 37 en un par de semanas, \u00bfqu\u00e9 es lo que vas aprendiendo y lo que notas que vas adquiriendo con el paso del tiempo?<\/strong><\/p>\n<p class=\"answer-s1\" id=\"eDVTgOSgS5R\" data-wc=\"43\">Calma. Capacidad de relativizar las cosas y tambi\u00e9n<strong>\u00a0una capacidad de observaci\u00f3n mayor.<\/strong> A lo mejor hace a\u00f1os, hab\u00eda cosas que me pod\u00edan quitar el sue\u00f1o, pero <strong>ahora intentas colocar las cosas en su debido lugar\u00a0<\/strong>y con la importancia que se merecen.<\/p>\n<p> <img src=\"https:\/\/www.europesays.com\/es\/wp-content\/uploads\/2025\/10\/f5ccb9d01514-agl6713.jpg\"   width=\"1080\" height=\"1800\" loading=\"lazy\" decoding=\"async\" alt=\"Media Image\" fetchpriority=\"auto\" class=\"image ho-image\"\/>\u00a9 Andr\u00e9s Garc\u00eda Luj\u00e1n<\/p>\n<p> <img src=\"https:\/\/www.europesays.com\/es\/wp-content\/uploads\/2025\/10\/c726eb0fd72e-agl6692.jpg\"   width=\"1080\" height=\"1800\" loading=\"lazy\" decoding=\"async\" alt=\"Media Image\" fetchpriority=\"auto\" class=\"image ho-image\"\/>\u00a9 Andr\u00e9s Garc\u00eda Luj\u00e1n<\/p>\n<p class=\"question-s1\" id=\"ejBmTLqgZ1X\" data-wc=\"2\"><strong>\u00bfPor ejemplo?<\/strong><\/p>\n<p class=\"answer-s1\" id=\"eoHRr70x02E\" data-wc=\"33\">No estoy pensando en nada en concreto. Pero si es verdad que aunque <strong>cumplir a\u00f1os no es que me emocione especialmente<\/strong>, si cumplo es que estoy aqu\u00ed y eso me parece una suerte.\u00a0<\/p>\n<p class=\"question-s1\" id=\"e4EqZIYbBHC\" data-wc=\"21\"><strong>Si llevas casi la mitad de tu vida trabajando como actriz. \u00bfQu\u00e9 consejo le dar\u00edas a la Blanca de tus inicios? \u00a0<\/strong><\/p>\n<p class=\"answer-s1\" id=\"e1J2dgqsmrxo\" data-wc=\"76\">Creo que no le dar\u00eda ning\u00fan consejo.\u00a0Pienso que actuamos lo mejor que sabemos en ese momento con las herramientas que tenemos. Entonces<strong>\u00a0me parece como muy injusto, casi 20 a\u00f1os despu\u00e9s, darme la vuelta, mirar esa nena de 17-18 y decirle lo que tiene que hacer.<\/strong> Hay que actuar como tengas que actuar con la madurez que tienes a los 17. Evidentemente, <strong>considero que no comet\u00ed grandes errores.<\/strong> Profesionalmente, no creo que que interviniese demasiado.<\/p>\n<p class=\"question-s1\" id=\"e97OjT8vhW\" data-wc=\"13\"><strong>Mucha gente est\u00e1 viendo ahora\u00a0El internado con las plataformas. \u00bfC\u00f3mo lo vives?<\/strong><\/p>\n<p class=\"answer-s1\" id=\"eBQOrTnEzYPW\" data-wc=\"35\">Lo que m\u00e1s me sorprende es que, de repente, chicos y chicas peque\u00f1os o <a class=\"hm-link ho-link\" href=\"https:\/\/www.hola.com\/belleza\/20250324821902\/blanca-suarez-cambio-look-internado-huella-mal-imagenes\/\" data-mrf-recirculation=\"article-body-link\" rel=\"nofollow noopener\" target=\"_blank\">muy muy jovencitos hablen de ese personaje de El internado o de otros personajes de aquella \u00e9poca<\/a>, cuando ni hab\u00edan nacido.\u00a0<\/p>\n<p>  <img src=\"https:\/\/www.europesays.com\/es\/wp-content\/uploads\/2025\/10\/e494e7434c8a-agl7029.jpg\"   width=\"1080\" height=\"1800\" loading=\"lazy\" decoding=\"async\" alt=\"Media Image\" fetchpriority=\"auto\" class=\"image ho-image\"\/>\u00a9 Andr\u00e9s Garc\u00eda Luj\u00e1n<\/p>\n<p class=\"question-s1\" id=\"e7-lhIG6aS\" data-wc=\"9\"><strong>\u00bfNunca ves las series ni las pel\u00edculas que haces?<\/strong><\/p>\n<p class=\"answer-s1\" id=\"ee8Ty1ViPzi\" data-wc=\"26\">Vi El internado en su momento, pero <strong>no lo he vuelto a ver<\/strong>. No he revisitado<strong>\u00a0ninguna serie m\u00eda ni ninguna pel\u00edcula m\u00eda de a\u00f1os atr\u00e1s.<\/strong><\/p>\n<p class=\"question-s1\" id=\"ee5SqMUqfBTR\" data-wc=\"14\"><strong>\u00bfCon qui\u00e9n guardas m\u00e1s relaci\u00f3n de la gran cantera que sali\u00f3 de esa serie?<\/strong><\/p>\n<p class=\"answer-s1\" id=\"e91dBA3QDlJW\" data-wc=\"46\">Fue una <a class=\"hm-link ho-link\" href=\"https:\/\/www.hola.com\/actualidad\/20210222184774\/yon-gonzalez-blanca-suarez-vuelven-internado-nf\/\" data-mrf-recirculation=\"article-body-link\" rel=\"nofollow noopener\" target=\"_blank\">gran suerte para todos nosotros coincidir y formar ese grupo<\/a>, haber compartido una de las primeras veces actuando con todos ellos. Hace poco, <a class=\"hm-link ho-link\" href=\"https:\/\/www.hola.com\/actualidad\/20250926858143\/las-palabras-de-elena-furiase-a-su-prima-alba-flores-en-su-gran-noche\/\" data-mrf-recirculation=\"article-body-link\" rel=\"nofollow noopener\" target=\"_blank\">en el pasado Festival de San Sebasti\u00e1n vi a Elena Furiase<\/a> y tuve la <strong>oportunidad de ponerme al d\u00eda con ella.\u00a0<\/strong><\/p>\n<p class=\"question-s1\" id=\"eymd7lB5OTsO\" data-wc=\"29\"><strong>Hace a\u00f1os se hablaba mucho de que fueras a Hollywood, incluso llegaste a rodar una pel\u00edcula en Estados Unidos. \u00bfEs algo que ya no te preocupa o te interesa?<\/strong><\/p>\n<p class=\"answer-s1\" id=\"e8eqMrw4Z6eg\" data-wc=\"34\">He ido gestionando las ofertas y las pruebas que surgen un poco como han ido viniendo, pero no ha aparecido nada con lo que quiera hacer la maleta y seguir mi camino en Hollywood.<\/p>\n<p>  <img src=\"https:\/\/www.europesays.com\/es\/wp-content\/uploads\/2025\/10\/175f1bf5725a-agl6823.jpg\"   width=\"1080\" height=\"1800\" loading=\"lazy\" decoding=\"async\" alt=\"Media Image\" fetchpriority=\"auto\" class=\"image ho-image\"\/>\u00a9 Andr\u00e9s Garc\u00eda Luj\u00e1n<\/p>\n<p class=\"question-s1\" id=\"epbxw0Dja_3M\" data-wc=\"6\"><strong>\u00bfPero sigues haciendo castings para fuera?<\/strong><\/p>\n<p class=\"answer-s1\" id=\"eJ3vJkeVVmEU\" data-wc=\"3\">S\u00ed, siguen pasando.<\/p>\n<p class=\"question-s1\" id=\"eAnp5zfOkx6d\" data-wc=\"8\"><strong>\u00bfC\u00f3mo definir\u00edas el momento actual que est\u00e1s viviendo?<\/strong><\/p>\n<p class=\"answer-s1\" id=\"emWyjYGItyMu\" data-wc=\"23\">Me siento muy afortunada, en general.<a class=\"hm-link ho-link\" href=\"https:\/\/www.hola.com\/actualidad\/20240909716932\/blanca-suarez-secretos-personaje-serie-respira-netflix\/\" data-mrf-recirculation=\"article-body-link\" rel=\"nofollow noopener\" target=\"_blank\">\u00a0Este mes estreno esta pel\u00edcula y Respira 2.\u00a0<\/a>Me parece que me siguen pasando cosas muy incre\u00edbles.<\/p>\n","protected":false},"excerpt":{"rendered":"Blanca\u00a0Su\u00e1rez dice\u00a0sentirse \u00abmuy afortunada, en general\u00bb, y lo cierto es que motivos no le faltan. Acaba de estrenar&hellip;\n","protected":false},"author":2,"featured_media":169832,"comment_status":"","ping_status":"","sticky":false,"template":"","format":"standard","meta":{"footnotes":""},"categories":[174],"tags":[3900,517,31150,255,3899,146,147,25,24,256,23],"class_list":{"0":"post-169831","1":"post","2":"type-post","3":"status-publish","4":"format-standard","5":"has-post-thumbnail","7":"category-famosos","8":"tag-hola","9":"tag-actualidad","10":"tag-blanca-suarez","11":"tag-celebrities","12":"tag-contenido-sensible","13":"tag-entertainment","14":"tag-entretenimiento","15":"tag-es","16":"tag-espana","17":"tag-famosos","18":"tag-spain"},"share_on_mastodon":{"url":"","error":""},"_links":{"self":[{"href":"https:\/\/www.europesays.com\/es\/wp-json\/wp\/v2\/posts\/169831","targetHints":{"allow":["GET"]}}],"collection":[{"href":"https:\/\/www.europesays.com\/es\/wp-json\/wp\/v2\/posts"}],"about":[{"href":"https:\/\/www.europesays.com\/es\/wp-json\/wp\/v2\/types\/post"}],"author":[{"embeddable":true,"href":"https:\/\/www.europesays.com\/es\/wp-json\/wp\/v2\/users\/2"}],"replies":[{"embeddable":true,"href":"https:\/\/www.europesays.com\/es\/wp-json\/wp\/v2\/comments?post=169831"}],"version-history":[{"count":0,"href":"https:\/\/www.europesays.com\/es\/wp-json\/wp\/v2\/posts\/169831\/revisions"}],"wp:featuredmedia":[{"embeddable":true,"href":"https:\/\/www.europesays.com\/es\/wp-json\/wp\/v2\/media\/169832"}],"wp:attachment":[{"href":"https:\/\/www.europesays.com\/es\/wp-json\/wp\/v2\/media?parent=169831"}],"wp:term":[{"taxonomy":"category","embeddable":true,"href":"https:\/\/www.europesays.com\/es\/wp-json\/wp\/v2\/categories?post=169831"},{"taxonomy":"post_tag","embeddable":true,"href":"https:\/\/www.europesays.com\/es\/wp-json\/wp\/v2\/tags?post=169831"}],"curies":[{"name":"wp","href":"https:\/\/api.w.org\/{rel}","templated":true}]}}