{"id":169833,"date":"2025-10-11T15:17:18","date_gmt":"2025-10-11T15:17:18","guid":{"rendered":"https:\/\/www.europesays.com\/es\/169833\/"},"modified":"2025-10-11T15:17:18","modified_gmt":"2025-10-11T15:17:18","slug":"reimaginar-el-arte-rupestre-noticias-la-tribuna-de-albacete","status":"publish","type":"post","link":"https:\/\/www.europesays.com\/es\/169833\/","title":{"rendered":"Reimaginar el arte rupestre | Noticias La Tribuna de Albacete"},"content":{"rendered":"<p>El trazo de Pablo Alfaro es inconfundible, aunque la calavera se pinte de surrealismo. El pintor albacetense, toda una instituci\u00f3n en la reinvenci\u00f3n de la escena pict\u00f3rica de la ciudad, expone en los ya reconocid\u00edsimos escaparates de su estudio, 13 obras in\u00e9ditas bajo el t\u00edtulo &#8216;Origen&#8217;. Aunque para ser honestos, son lienzos nunca vistos en Albacete, pero s\u00ed en Alemania. \u00abHace dos a\u00f1os, particip\u00e9 en una exposici\u00f3n colectiva en Hannover con una obra y esa fue el germen de \u00e9sta. Era una Venus de Willendorf flotando en un bosque y gust\u00f3 mucho\u00bb, comenta a La Tribuna.<\/p>\n<p>El \u00e9xito de esa pieza fue tal que Katrin Hamann, due\u00f1a de una galer\u00eda de la ciudad alemana, le dijo que le interesar\u00eda que profundizara m\u00e1s en el tema para una exposici\u00f3n individual. \u00abDesde hac\u00eda tiempo ten\u00eda muchas ganas de trabajar en torno al arte rupestre, en torno a los or\u00edgenes un poco del arte, y eso tambi\u00e9n me lleva un poquito a los or\u00edgenes de la humanidad en s\u00ed\u00bb, asegura porque, aunque \u00abtoda esta serie de cuadros parezcan muy de la misma \u00e9poca, en realidad no lo son\u00bb.\u00a0<\/p>\n<p>Porque Pablo Alfaro no da pinceladas sin motivo:\u00abEn la Prehistoria hay cientos de miles de a\u00f1os de diferencia de una cosa a otra. Entonces, por ejemplo, hay cuadros en esta serie que hacen alusi\u00f3n a pinturas rupestres, que a lo mejor tienen veinticinco mil a\u00f1os, o treinta mil a\u00f1os, pero luego hay algunos de los cr\u00e1neos, de los homos antecesores y \u00e9stos tienen ochocientos mil a\u00f1os. Lo que quiero decir es que abarco un mont\u00f3n de a\u00f1os y \u00e9pocas. Si me viera alg\u00fan antrop\u00f3logo, seguramente se echar\u00eda las manos a la cabeza porque mezclo \u00e9pocas\u00bb.<\/p>\n<p>Sin embargo, Pablo Alfaro las enlaza con conocimiento de causa: \u00abQuiero hablar un poco de cu\u00e1ndo fue el momento en el que los primeros hom\u00ednidos o seres humanos o protohumanos fueron capaces de tener el pensamiento de plasmar en una pared algo. Es decir, cu\u00e1ndo y d\u00f3nde desarrollaron el pensamiento abstracto. \u00a0O sea, \u00bfen qu\u00e9 momento fueron capaces de representar ideas abstractas o de representar la tridimensionalidad de la realidad en la bidimensionalidad de una pared?<\/p>\n<p><strong>Reflexi\u00f3n. <\/strong>Una idea muy interesante que Pablo Alfaro conecta tambi\u00e9n con la normalizaci\u00f3n de ciertos comportamientos por la sociedad moderna: \u00abAhora, un ni\u00f1o de dos o tres a\u00f1os se pone a dibujar y no se le da la mayor importancia porque eso es una habilidad adquirida a trav\u00e9s de cientos de miles de a\u00f1os. Pero claro, en su momento, alguien cogi\u00f3 una ceniza del suelo, se manch\u00f3 la mano con eso o con lo que sea y se puso a pintar en una pared. A m\u00ed, eso, me parece fascinante\u00bb. Quiz\u00e1 por eso, Pablo fue un paso m\u00e1s all\u00e1 al comenzar a dibujar sobre pinturas realizadas por su hija. \u00abEn aquella \u00e9poca, la ni\u00f1a ten\u00eda cuatro a\u00f1os y pintaba cuadros abstractos porque a su edad no pueden ser de otra manera, y yo los utilic\u00e9 como fondo para pintar, sobre todo, los f\u00f3siles y los cr\u00e1neos\u00bb.<\/p>\n<p>Seg\u00fan confirma Alfaro, los primeros cuatro o cinco cuadros que realiz\u00f3 de la serie eran todos lienzos que pintaba su hija y luego los \u00a0interven\u00eda \u00e9l. \u00abDe hecho, hay dos o tres cuadros que estaban firmados por ella y por m\u00ed, por los dos\u00bb, nos cuenta. Aunque el pintor albacetense no para. Acaba de inaugurar una exposici\u00f3n colectiva en M\u00e1laga y la semana que viene participar\u00e1 con otra obra en Mula, en el Festival Epicentro, dedicado a la m\u00fasica, la poes\u00eda y a las artes pl\u00e1sticas. Adem\u00e1s, el pr\u00f3ximo 15 de noviembre, su estudio acoger\u00e1 la obra Mar\u00eda Dura, una artista de Elche que nunca ha expuesto en Albacete y que est\u00e1 siendo toda una revelaci\u00f3n en el mundo de las artes.\u00a0<\/p>\n","protected":false},"excerpt":{"rendered":"El trazo de Pablo Alfaro es inconfundible, aunque la calavera se pinte de surrealismo. El pintor albacetense, toda&hellip;\n","protected":false},"author":2,"featured_media":169834,"comment_status":"","ping_status":"","sticky":false,"template":"","format":"standard","meta":{"footnotes":""},"categories":[173],"tags":[2545,1660,20176,229,233,231,230,232,234,2006,146,147,25,24,241,3855,503,32269,23],"class_list":{"0":"post-169833","1":"post","2":"type-post","3":"status-publish","4":"format-standard","5":"has-post-thumbnail","7":"category-arte-y-diseno","8":"tag-albacete","9":"tag-alemania","10":"tag-alfaro","11":"tag-arte","12":"tag-arte-y-diseno","13":"tag-arts","14":"tag-arts-and-design","15":"tag-design","16":"tag-diseno","17":"tag-elche","18":"tag-entertainment","19":"tag-entretenimiento","20":"tag-es","21":"tag-espana","22":"tag-exposiciones","23":"tag-malaga","24":"tag-pintura","25":"tag-prehistoria","26":"tag-spain"},"share_on_mastodon":{"url":"","error":""},"_links":{"self":[{"href":"https:\/\/www.europesays.com\/es\/wp-json\/wp\/v2\/posts\/169833","targetHints":{"allow":["GET"]}}],"collection":[{"href":"https:\/\/www.europesays.com\/es\/wp-json\/wp\/v2\/posts"}],"about":[{"href":"https:\/\/www.europesays.com\/es\/wp-json\/wp\/v2\/types\/post"}],"author":[{"embeddable":true,"href":"https:\/\/www.europesays.com\/es\/wp-json\/wp\/v2\/users\/2"}],"replies":[{"embeddable":true,"href":"https:\/\/www.europesays.com\/es\/wp-json\/wp\/v2\/comments?post=169833"}],"version-history":[{"count":0,"href":"https:\/\/www.europesays.com\/es\/wp-json\/wp\/v2\/posts\/169833\/revisions"}],"wp:featuredmedia":[{"embeddable":true,"href":"https:\/\/www.europesays.com\/es\/wp-json\/wp\/v2\/media\/169834"}],"wp:attachment":[{"href":"https:\/\/www.europesays.com\/es\/wp-json\/wp\/v2\/media?parent=169833"}],"wp:term":[{"taxonomy":"category","embeddable":true,"href":"https:\/\/www.europesays.com\/es\/wp-json\/wp\/v2\/categories?post=169833"},{"taxonomy":"post_tag","embeddable":true,"href":"https:\/\/www.europesays.com\/es\/wp-json\/wp\/v2\/tags?post=169833"}],"curies":[{"name":"wp","href":"https:\/\/api.w.org\/{rel}","templated":true}]}}