{"id":169835,"date":"2025-10-11T15:18:15","date_gmt":"2025-10-11T15:18:15","guid":{"rendered":"https:\/\/www.europesays.com\/es\/169835\/"},"modified":"2025-10-11T15:18:15","modified_gmt":"2025-10-11T15:18:15","slug":"jane-austen-protagonista-los-libros-que-se-publican-este-otono-para-que-conozcamos-mejor-a-nuestra-escritora-favorita","status":"publish","type":"post","link":"https:\/\/www.europesays.com\/es\/169835\/","title":{"rendered":"Jane Austen protagonista: los libros que se publican este oto\u00f1o para que conozcamos mejor a nuestra escritora favorita"},"content":{"rendered":"<p><img decoding=\"async\" class=\"voc-image-signature__img\" src=\"https:\/\/www.europesays.com\/es\/wp-content\/uploads\/2025\/08\/autor-3032-foto-10.jpeg\" alt=\"Alo\u00f1a Fdez. Larrechi\"\/><\/p>\n<p class=\"voc-paragraph\">El vig\u00e9simo aniversario de <a href=\"https:\/\/www.mujerhoy.com\/vivir\/ocio\/orgullo-prejuicio-jane-austen-pelicula-keira-knightley-curiosidades-vigesimo-aniversario-20250514173612-nt.html\" title=\"www.mujerhoy.com\" data-voc-vtm-id=\"in-text-traffic\" data-mrf-link=\"www.mujerhoy.com\" rel=\"nofollow noopener\" target=\"_blank\">Orgullo y Prejuicio<\/a>, el estreno de la miniserie sobre el <a href=\"https:\/\/www.mujerhoy.com\/vivir\/ocio\/miss-austen-miniserie-britanica-de-epoca-misterio-vida-escritora-20250611201014-nt.html\" title=\"www.mujerhoy.com\" data-voc-vtm-id=\"in-text-traffic\" data-mrf-link=\"www.mujerhoy.com\" rel=\"nofollow noopener\" target=\"_blank\">mayor misterio<\/a> de su vida o una <a href=\"https:\/\/www.mujerhoy.com\/vivir\/ocio\/orgullo-y-prejuicio-miniserie-netflix-reparto-olivia-colman-emma-corrin-jack-lowden-20250418174037-nt.html\" title=\"www.mujerhoy.com\" data-voc-vtm-id=\"in-text-traffic\" data-mrf-link=\"www.mujerhoy.com\" rel=\"nofollow noopener\" target=\"_blank\">nueva adaptaci\u00f3n<\/a> de la que es, probablemente, una de sus obras m\u00e1s exitosas. 250 a\u00f1os despu\u00e9s de su nacimiento la autora de Sentido y sensibilidad o Persuasi\u00f3n sigue estando muy presente en la escena cultural mundial. Y este oto\u00f1o, <strong>Jane Austen<\/strong> se ha convertido en protagonista de las novedades editoriales en nuestro pa\u00eds gracias a un libro ilustrado y una novela gr\u00e1fica que nos ayudar\u00e1n a conocer mejor a nuestra escritora favorita. <\/p>\n<p class=\"voc-paragraph\">En las librer\u00edas ya podemos encontrar, desde el 10 de septiembre, Jane. Una biograf\u00eda literaria de Jane Austen (Lumen), escrita por Cristina O\u00f1oro e ilustrada por Ana Jar\u00e9n. Y el pr\u00f3ximo 10 de noviembre llegar\u00e1 La vida novelesca de Jane Austen (Impedimenta), una novela gr\u00e1fica firmada por la ilustradora Isabel Greenberg y la experta en la <strong>escritora brit\u00e1nica<\/strong> Janine Barchas. <\/p>\n<p><a href=\"http:\/\/www.mujerhoy.com\/vivir\/ocio\/orgullo-prejuicio-pelicula-escenarios-como-vistarlos-jane-austen-20250813131906-nt.html#vtm_modulosEngag=mod-rel:vivir:noticia:1:cmp:2-not\" class=\"v-a-link\" title=\"Viaje al coraz\u00f3n de Jane Austen: los escenarios de Orgullo y Prejuicio, la adaptaci\u00f3n de su mejor novela\" rel=\"nofollow noopener\" target=\"_blank\"><br \/>\n<img decoding=\"async\" loading=\"lazy\" class=\"v-a-img\" src=\"https:\/\/www.europesays.com\/es\/wp-content\/uploads\/2025\/10\/Orgullo-prejuicio-escenarios-arriba-k6h--366x256@Mujer Hoy.JPG\" alt=\"Viaje al coraz\u00f3n de Jane Austen: los escenarios de Orgullo y Prejuicio, la adaptaci\u00f3n de su mejor novela\"\/><br \/>\n<\/a><\/p>\n<p><a href=\"http:\/\/www.mujerhoy.com\/vivir\/ocio\/bridgerton-serie-epoca-netflix-cuarta-temporada-reparto-estreno-20251007171312-nt.html#vtm_modulosEngag=mod-rel:vivir:noticia:2:cmp:2-not\" class=\"v-a-link\" title=\"Los Bridgerton: la serie de \u00e9poca de Netflix ya prepara su cuarta temporada y esto es todo lo que sabemos\" rel=\"nofollow noopener\" target=\"_blank\"><br \/>\n<img decoding=\"async\" loading=\"lazy\" class=\"v-a-img\" src=\"https:\/\/www.europesays.com\/es\/wp-content\/uploads\/2025\/10\/Los-bridgerton-cuarta-temporada-arriba-kJeE--366x256@Mujer Hoy.jpg\" alt=\"Los Bridgerton: la serie de \u00e9poca de Netflix ya prepara su cuarta temporada y esto es todo lo que sabemos\"\/><br \/>\n<\/a><\/p>\n<p class=\"voc-paragraph\">Dos obras que nos ofrecen una <strong>perspectiva \u00edntima y cercana<\/strong> de una escritora que ha alcanzado la fama con el paso del tiempo y cuyas obras se han convertido en lectura obligatoria, sea cual sea tu edad. <\/p>\n<p>Jane Austen con el coraz\u00f3n<\/p>\n<p class=\"voc-paragraph\">En Jane. Una biograf\u00eda literaria de Jane Austen (Lumen) la profesora titular de la Universidad Complutense de Madrid comienza recordando sus primeros encuentros con la obra de la escritora, <strong>los libros prestados de una amiga<\/strong>, con la excusa de que \u00abnunca sabes cuando vas a necesitar a la t\u00eda Jane\u00bb, y c\u00f3mo, poco a poco \u00abse ha ido en una de mis escritoras de cabecera\u00bb. Y arranca su narraci\u00f3n biogr\u00e1fica desde el final, para sumergirnos en un universo tan lejano en el tiempo como apetecible, que nos acerca a la Jane Austen que todas admiramos. <\/p>\n<p><img decoding=\"async\" loading=\"lazy\" src=\"https:\/\/www.europesays.com\/es\/wp-content\/uploads\/2025\/10\/Jane-Austen-libros-biograficos-lumen-kvs--650x975@Mujer Hoy.jpg\" class=\"v-a-img\" width=\"650\" height=\"975\" alt=\"Portada de Jane. Una biograf\u00eda literaria de Jane Austen, el libro de Cristina O\u00f1oro y ana Jar\u00e9n.\" data-voc-vtm-id=\"in-text-traffic\"\/><\/p>\n<p>Portada de Jane. Una biograf\u00eda literaria de Jane Austen, el libro de Cristina O\u00f1oro y ana Jar\u00e9n.<\/p>\n<p>Lumen<\/p>\n<p class=\"voc-paragraph\">Con la ayuda de las preciosas ilustraciones de Ana Jar\u00e9n, O\u00f1oro nos lleva de la mano a conocer a la familia de Jane, <strong>c\u00f3mo era su vida<\/strong>, pero tambi\u00e9n aquello que le llev\u00f3 a dedicarse con tanta pasi\u00f3n a la literatura. Y nos descubre secretos que tal vez desconoc\u00edamos, como que Sentido y sensibilidad, que comenz\u00f3 siendo una novela epistolar, se titul\u00f3 en un principio Elinor y Marianne. <\/p>\n<p class=\"voc-paragraph\">Mientras escribe sobre sus afamados t\u00edtulos y confiesa que La abad\u00eda de Northanger es su favorita, O\u00f1oro describe los cambios que la vida de Jane sufri\u00f3 con el paso de los a\u00f1os, pero tambi\u00e9n el mundo en el que viv\u00eda, el periodo que atravesaba Gran Breta\u00f1a o los <strong>rechazos editoriales<\/strong> que sufri\u00f3, lo que le llev\u00f3 a publicar con un editor especializado en libros del ej\u00e9rcito. Una narraci\u00f3n repleta de detalles y cargada de ternura que har\u00e1 las delicias de las seguidoras de la escritora y descubrir\u00e1 a una mujer incre\u00edble para aquellas que, inexplicablemente, todav\u00eda no lo son. <\/p>\n<p>La vida de Jane en vi\u00f1etas<\/p>\n<p class=\"voc-paragraph\">En La vida novelesca de Jane Austen (Impedimenta) la original voz del c\u00f3mic europeo, Isabel Greenberg, y la experiencia y conocimientos de la experta en la escritora, Janine Barchas, construyen una divertida e interesante recreaci\u00f3n de la vida de <strong>la autora de Emma y Mansfield Park<\/strong> a trav\u00e9s de tres actos: Escritora en ciernes, Artista en apuros y Autora publicada. <\/p>\n<p><img decoding=\"async\" loading=\"lazy\" src=\"https:\/\/www.europesays.com\/es\/wp-content\/uploads\/2025\/10\/Jane-Austen-libros-biograficos-impedimenta-kvs--650x975@Mujer Hoy.jpeg\" class=\"v-a-img\" width=\"650\" height=\"975\" alt=\"Portada del c\u00f3mic La vida novelesca de Jane Austen, de Janine Barchas e Isabel Greenberg.\" data-voc-vtm-id=\"in-text-traffic\"\/><\/p>\n<p>Portada del c\u00f3mic La vida novelesca de Jane Austen, de Janine Barchas e Isabel Greenberg.<\/p>\n<p>Impedimenta<\/p>\n<p class=\"voc-paragraph\">Con una narraci\u00f3n poblada de gui\u00f1os a las adaptaciones audiovisuales de sus obras, y una <strong>sorprendente recreaci\u00f3n de la Inglaterra georgiana<\/strong> de la mano de la ilustradora, Barchas convierte a la autora, como ya hiciera la propia Austen con alguna de sus protagonistas, en la hero\u00edna de su historia. Con una vida marcada por los problemas de g\u00e9nero, de clase y econ\u00f3micos, el c\u00f3mic arranca dibujando la relaci\u00f3n que ella ten\u00eda con Shakespeare, un escritor presente en muchas de sus obras. <\/p>\n<p class=\"voc-paragraph\">Como no pod\u00eda ser de otra manera, Barchas y Greenberg tambien cierran su preciosa narraci\u00f3n con un cap\u00edtulo entra\u00f1able que recoge la fama que, con el paso de los a\u00f1os y de los siglos, consiguieron las obras de la autora y <strong>la admiraci\u00f3n que despertaba en todo el mundo<\/strong>. Y para quienes lo quieren saber todo, la obra publicada en nuestro pa\u00eds por Impedimenta incluye un detallado glosario en el que podemos descubrir los hechos en los que se han basado, as\u00ed como otras curiosidades que, sin duda, redondean la inmersi\u00f3n austeniana.<\/p>\n<p><a href=\"http:\/\/www.mujerhoy.com\/vivir\/ocio\/asesinatos-breslavia-serie-polaca-nazis-disney-thriller-20250912084008-nt.html#vtm_modulosEngag=mod-rel:vivir:noticia:1:cmp:2-not\" class=\"v-a-link\" title=\"La serie de \u00e9poca polaca de Disney + sobre un misterioso crimen perfecta para ver este fin de semana\" rel=\"nofollow noopener\" target=\"_blank\"><br \/>\n<img decoding=\"async\" loading=\"lazy\" class=\"v-a-img\" src=\"https:\/\/www.europesays.com\/es\/wp-content\/uploads\/2025\/10\/asesinatos-breslavia-U77536442780Vdp-366x256@Mujer Hoy.jpg\" alt=\"La serie de \u00e9poca polaca de Disney + sobre un misterioso crimen perfecta para ver este fin de semana\"\/><br \/>\n<\/a><\/p>\n<p><a href=\"http:\/\/www.mujerhoy.com\/vivir\/ocio\/downton-abbey-el-gran-final-pelicula-cuando-se-estrena-de-que-trata-20250910142420-nt.html#vtm_modulosEngag=mod-rel:vivir:noticia:2:cmp:2-not\" class=\"v-a-link\" title=\"Downton Abbey: El gran final, todo lo que sabemos de la pel\u00edcula de la exitosa serie creada por Julian Fellowes\" rel=\"nofollow noopener\" target=\"_blank\"><br \/>\n<img decoding=\"async\" loading=\"lazy\" class=\"v-a-img\" src=\"https:\/\/www.europesays.com\/es\/wp-content\/uploads\/2025\/10\/Downton-abbey-pelicula-arriba-kCCF--366x256@Mujer Hoy.jpg\" alt=\"Downton Abbey: El gran final, todo lo que sabemos de la pel\u00edcula de la exitosa serie creada por Julian Fellowes\"\/><br \/>\n<\/a><\/p>\n","protected":false},"excerpt":{"rendered":"El vig\u00e9simo aniversario de Orgullo y Prejuicio, el estreno de la miniserie sobre el mayor misterio de su&hellip;\n","protected":false},"author":2,"featured_media":169836,"comment_status":"","ping_status":"","sticky":false,"template":"","format":"standard","meta":{"footnotes":""},"categories":[172],"tags":[49431,224,146,147,25,24,22531,225,49430,23],"class_list":{"0":"post-169835","1":"post","2":"type-post","3":"status-publish","4":"format-standard","5":"has-post-thumbnail","7":"category-libros","8":"tag-adaptaciones-libros-jane-austen","9":"tag-books","10":"tag-entertainment","11":"tag-entretenimiento","12":"tag-es","13":"tag-espana","14":"tag-jane-austen","15":"tag-libros","16":"tag-libros-jane-austen","17":"tag-spain"},"share_on_mastodon":{"url":"","error":""},"_links":{"self":[{"href":"https:\/\/www.europesays.com\/es\/wp-json\/wp\/v2\/posts\/169835","targetHints":{"allow":["GET"]}}],"collection":[{"href":"https:\/\/www.europesays.com\/es\/wp-json\/wp\/v2\/posts"}],"about":[{"href":"https:\/\/www.europesays.com\/es\/wp-json\/wp\/v2\/types\/post"}],"author":[{"embeddable":true,"href":"https:\/\/www.europesays.com\/es\/wp-json\/wp\/v2\/users\/2"}],"replies":[{"embeddable":true,"href":"https:\/\/www.europesays.com\/es\/wp-json\/wp\/v2\/comments?post=169835"}],"version-history":[{"count":0,"href":"https:\/\/www.europesays.com\/es\/wp-json\/wp\/v2\/posts\/169835\/revisions"}],"wp:featuredmedia":[{"embeddable":true,"href":"https:\/\/www.europesays.com\/es\/wp-json\/wp\/v2\/media\/169836"}],"wp:attachment":[{"href":"https:\/\/www.europesays.com\/es\/wp-json\/wp\/v2\/media?parent=169835"}],"wp:term":[{"taxonomy":"category","embeddable":true,"href":"https:\/\/www.europesays.com\/es\/wp-json\/wp\/v2\/categories?post=169835"},{"taxonomy":"post_tag","embeddable":true,"href":"https:\/\/www.europesays.com\/es\/wp-json\/wp\/v2\/tags?post=169835"}],"curies":[{"name":"wp","href":"https:\/\/api.w.org\/{rel}","templated":true}]}}