{"id":169852,"date":"2025-10-11T15:27:08","date_gmt":"2025-10-11T15:27:08","guid":{"rendered":"https:\/\/www.europesays.com\/es\/169852\/"},"modified":"2025-10-11T15:27:08","modified_gmt":"2025-10-11T15:27:08","slug":"el-papa-recibe-en-audiencia-al-presidente-de-guatemala","status":"publish","type":"post","link":"https:\/\/www.europesays.com\/es\/169852\/","title":{"rendered":"El Papa recibe en audiencia al Presidente de Guatemala"},"content":{"rendered":"<p>La Oficina de Prensa de la Santa Sede ha informado sobre la audiencia del Papa Le\u00f3n XIV al presidente de la Rep\u00fablica de Guatemala, Bernardo Ar\u00e9valo de Le\u00f3n.  <\/p>\n<p><b>Vatican News<\/b><\/p>\n<p>Un comunicado de la Oficina de Prensa de la Santa Sede informa que la ma\u00f1ana del 11 de octubre, \u201cel Santo Padre Le\u00f3n XIV ha recibido en audiencia, en el Palacio Apost\u00f3lico Vaticano, al presidente de la Rep\u00fablica de Guatemala, el Excmo. Sr. Bernardo Ar\u00e9valo de Le\u00f3n, quien posteriormente se ha reunido con el Emmo. Secretario de Estado, el Cardenal Pietro Parolin, acompa\u00f1ado por el Excmo. Mons. Paul Richard Gallagher, Secretario para las Relaciones con los Estados y las Organizaciones Internacionales\u201d.<\/p>\n<p>Se informa a dem\u00e1s que \u201cdurante las cordiales conversaciones llevadas a cabo en la Secretar\u00eda de Estado, se reiter\u00f3 el mutuo aprecio por las buenas relaciones entre Guatemala y la Santa Sede, as\u00ed como la voluntad de reforzarlas a\u00fan m\u00e1s\u201d.<\/p>\n<p>Se indica que tambi\u00e9n \u201cse abordaron cuestiones de inter\u00e9s mutuo, como la evoluci\u00f3n socioecon\u00f3mica, la lucha contra la pobreza, la corrupci\u00f3n y la delincuencia, as\u00ed como la colaboraci\u00f3n con la Iglesia local en favor de la cohesi\u00f3n social y el bien del pa\u00eds\u201d.<\/p>\n<p>Finalmente, se abordaron algunas cuestiones de car\u00e1cter sociopol\u00edtico regional e internacional, con especial atenci\u00f3n a las migraciones y los conflictos actuales.<\/p>\n","protected":false},"excerpt":{"rendered":"La Oficina de Prensa de la Santa Sede ha informado sobre la audiencia del Papa Le\u00f3n XIV al&hellip;\n","protected":false},"author":2,"featured_media":169853,"comment_status":"","ping_status":"","sticky":false,"template":"","format":"standard","meta":{"footnotes":""},"categories":[42],"tags":[2509,17,18,13,14,14641,11,61,62,63,64,19,20,9,10,15,16,400,12,21,22,65,66,67],"class_list":{"0":"post-169852","1":"post","2":"type-post","3":"status-publish","4":"format-standard","5":"has-post-thumbnail","7":"category-internacional","8":"tag-audiencias","9":"tag-breaking-news","10":"tag-breakingnews","11":"tag-featured-news","12":"tag-featurednews","13":"tag-guatemala","14":"tag-headlines","15":"tag-internacional","16":"tag-international","17":"tag-international-news","18":"tag-internationalnews","19":"tag-latest-news","20":"tag-latestnews","21":"tag-news","22":"tag-noticias","23":"tag-noticias-destacadas","24":"tag-noticiasdestacadas","25":"tag-papa-leon-xiv","26":"tag-titulares","27":"tag-ultimas-noticias","28":"tag-ultimasnoticias","29":"tag-world","30":"tag-world-news","31":"tag-worldnews"},"share_on_mastodon":{"url":"","error":""},"_links":{"self":[{"href":"https:\/\/www.europesays.com\/es\/wp-json\/wp\/v2\/posts\/169852","targetHints":{"allow":["GET"]}}],"collection":[{"href":"https:\/\/www.europesays.com\/es\/wp-json\/wp\/v2\/posts"}],"about":[{"href":"https:\/\/www.europesays.com\/es\/wp-json\/wp\/v2\/types\/post"}],"author":[{"embeddable":true,"href":"https:\/\/www.europesays.com\/es\/wp-json\/wp\/v2\/users\/2"}],"replies":[{"embeddable":true,"href":"https:\/\/www.europesays.com\/es\/wp-json\/wp\/v2\/comments?post=169852"}],"version-history":[{"count":0,"href":"https:\/\/www.europesays.com\/es\/wp-json\/wp\/v2\/posts\/169852\/revisions"}],"wp:featuredmedia":[{"embeddable":true,"href":"https:\/\/www.europesays.com\/es\/wp-json\/wp\/v2\/media\/169853"}],"wp:attachment":[{"href":"https:\/\/www.europesays.com\/es\/wp-json\/wp\/v2\/media?parent=169852"}],"wp:term":[{"taxonomy":"category","embeddable":true,"href":"https:\/\/www.europesays.com\/es\/wp-json\/wp\/v2\/categories?post=169852"},{"taxonomy":"post_tag","embeddable":true,"href":"https:\/\/www.europesays.com\/es\/wp-json\/wp\/v2\/tags?post=169852"}],"curies":[{"name":"wp","href":"https:\/\/api.w.org\/{rel}","templated":true}]}}