{"id":169854,"date":"2025-10-11T15:28:10","date_gmt":"2025-10-11T15:28:10","guid":{"rendered":"https:\/\/www.europesays.com\/es\/169854\/"},"modified":"2025-10-11T15:28:10","modified_gmt":"2025-10-11T15:28:10","slug":"una-agresion-sexual-a-una-menor-en-valdespartera-obliga-a-parar-las-fiestas-del-pilar-de-zaragoza","status":"publish","type":"post","link":"https:\/\/www.europesays.com\/es\/169854\/","title":{"rendered":"Una agresi\u00f3n sexual a una menor en Valdespartera obliga a parar las Fiestas del Pilar de Zaragoza"},"content":{"rendered":"<p>            Una agresi\u00f3n sexual a una menor en Valdespartera obliga a parar las Fiestas del Pilar de Zaragoza                <\/p>\n<p>Una agresi\u00f3n sexual a una menor en Valdespartera obliga a parar las Fiestas del Pilar de Zaragoza<\/p>\n<p class=\"epigraph\">Los hechos denunciados se produjeron en la madrugada de este s\u00e1bado y como muestra de repulsa el Ayuntamiento suspende esta tarde a las 17.00 durante 5 minutos los actos culturales. Tambi\u00e9n habr\u00e1 el domingo un minuto de silencio durante la Ofrenda de Flores.<\/p>\n<p class=\"paragraph\">La <a href=\"https:\/\/www.heraldo.es\/tags\/instituciones_empresas\/policia_nacional.html\" title=\"Polic\u00eda Nacional\" rel=\"nofollow noopener\" target=\"_blank\">Polic\u00eda Nacional<\/a>, a trav\u00e9s de la Unidad de Atenci\u00f3n a la Familia y Mujer, investiga <b>la agresi\u00f3n sexual que una menor de edad ha denunciado haber sufrido en la madrugada de este s\u00e1bado en Valdespartera<\/b>. Seg\u00fan ha podido saber HERALDO, habr\u00eda consistido en unos tocamientos y estar\u00edan involucrados otros dos j\u00f3venes, tambi\u00e9n menores de edad. Tras conocer lo ocurrido y, como muestra de rechazo y condena a cualquier tipo de violencia o agresi\u00f3n sexista, <b>el Ayuntamiento de Zaragoza ha decidido que esta tarde paren a partir de las 17.00 durante 5 minutos todos los actos culturales<\/b>. Adem\u00e1s, el domingo, coincidiendo con la Ofrenda de Flores, <b>habr\u00e1 un minuto de silencio a las 11.30 en la puerta de la Casa Consistorial.<\/b><\/p>\n<p>            Conforme a los criterios de<br \/>\n            <a class=\"trustproject_img\" id=\"trustproject_img\" href=\"https:\/\/thetrustproject.org\/\" target=\"_blank\" rel=\"nofollow noopener\" aria-label=\"Trust Project\"><img decoding=\"async\" loading=\"lazy\" src=\"https:\/\/www.heraldo.es\/images\/Trust-Logo-Horizontal.svg\" alt=\"Logo Trust Project\" width=\"200\" height=\"34\"\/><\/a><\/p>\n<p>        <a href=\"https:\/\/www.henneo.com\/\" title=\"Grupo Henneo\" class=\"logo\" rel=\"nofollow noopener\" target=\"_blank\"><br \/>\n            <img decoding=\"async\" src=\"https:\/\/www.heraldo.es\/images\/logo_henneo_gris.svg\" alt=\"Logo Henneo\" width=\"559\" height=\"389\" loading=\"lazy\"\/><br \/>\n        <\/a><\/p>\n<p>\u00a9 HERALDO DE ARAGON EDITORA, S.L.U.<br \/>Tel\u00e9fono 976 765 000 \/ &#8211; P\u00ba. Independencia, 29, 50001 Zaragoza &#8211; CIF: B99288763 &#8211; Inscrita en el Registro Mercantil de Zaragoza al Tomo 3796, Libro 0, Folio 177, Secci\u00f3n 8, Hoja Z-50564<br \/>Queda prohibida toda reproducci\u00f3n sin permiso escrito de la empresa a los efectos del art\u00edculo 32.1, p\u00e1rrafo segundo, de la Ley de Propiedad Intelectual<\/p>\n<p>\n                P\u00ba Independencia, 29, 50001 Zaragoza<br \/> Tel\u00e9fono 976 765 000\n            <\/p>\n<p>                    Actualmente tu navegador no permite ejecutar JavaScript. Para poder disfrutar de nuestro contenido es necesario que lo permita.<br \/>\n                                        <img decoding=\"async\" loading=\"lazy\" alt=\"Heraldo logo\" src=\"https:\/\/dkumiip2e9ary.cloudfront.net\/xalok\/heraldo\/especiales\/hola-de-nuevo\/logo-heraldo.svg\" width=\"215\" height=\"43\"\/><\/p>\n","protected":false},"excerpt":{"rendered":"Una agresi\u00f3n sexual a una menor en Valdespartera obliga a parar las Fiestas del Pilar de Zaragoza Una&hellip;\n","protected":false},"author":2,"featured_media":169855,"comment_status":"","ping_status":"","sticky":false,"template":"","format":"standard","meta":{"footnotes":""},"categories":[8],"tags":[11971,17,18,25,24,13,14,43,11,19,20,9,10,15,16,972,9129,23,12,21,22,491],"class_list":{"0":"post-169854","1":"post","2":"type-post","3":"status-publish","4":"format-standard","5":"has-post-thumbnail","7":"category-espana","8":"tag-agresion","9":"tag-breaking-news","10":"tag-breakingnews","11":"tag-es","12":"tag-espana","13":"tag-featured-news","14":"tag-featurednews","15":"tag-fiestas","16":"tag-headlines","17":"tag-latest-news","18":"tag-latestnews","19":"tag-news","20":"tag-noticias","21":"tag-noticias-destacadas","22":"tag-noticiasdestacadas","23":"tag-obliga","24":"tag-sexual","25":"tag-spain","26":"tag-titulares","27":"tag-ultimas-noticias","28":"tag-ultimasnoticias","29":"tag-zaragoza"},"share_on_mastodon":{"url":"","error":""},"_links":{"self":[{"href":"https:\/\/www.europesays.com\/es\/wp-json\/wp\/v2\/posts\/169854","targetHints":{"allow":["GET"]}}],"collection":[{"href":"https:\/\/www.europesays.com\/es\/wp-json\/wp\/v2\/posts"}],"about":[{"href":"https:\/\/www.europesays.com\/es\/wp-json\/wp\/v2\/types\/post"}],"author":[{"embeddable":true,"href":"https:\/\/www.europesays.com\/es\/wp-json\/wp\/v2\/users\/2"}],"replies":[{"embeddable":true,"href":"https:\/\/www.europesays.com\/es\/wp-json\/wp\/v2\/comments?post=169854"}],"version-history":[{"count":0,"href":"https:\/\/www.europesays.com\/es\/wp-json\/wp\/v2\/posts\/169854\/revisions"}],"wp:featuredmedia":[{"embeddable":true,"href":"https:\/\/www.europesays.com\/es\/wp-json\/wp\/v2\/media\/169855"}],"wp:attachment":[{"href":"https:\/\/www.europesays.com\/es\/wp-json\/wp\/v2\/media?parent=169854"}],"wp:term":[{"taxonomy":"category","embeddable":true,"href":"https:\/\/www.europesays.com\/es\/wp-json\/wp\/v2\/categories?post=169854"},{"taxonomy":"post_tag","embeddable":true,"href":"https:\/\/www.europesays.com\/es\/wp-json\/wp\/v2\/tags?post=169854"}],"curies":[{"name":"wp","href":"https:\/\/api.w.org\/{rel}","templated":true}]}}